{"id":96257,"date":"2015-12-07T08:43:00","date_gmt":"2015-12-07T08:43:00","guid":{"rendered":"https:\/\/aprimariavsg.com\/premio-espacios-saludables\/"},"modified":"2023-10-25T13:30:26","modified_gmt":"2023-10-25T13:30:26","slug":"premio-espacios-saludables","status":"publish","type":"post","link":"https:\/\/aprimariavsg.com\/es\/premio-espacios-saludables\/","title":{"rendered":"Premio Espacios Saludables"},"content":{"rendered":"\t\t<div data-elementor-type=\"wp-post\" data-elementor-id=\"96257\" class=\"elementor elementor-96257 elementor-87455\" data-elementor-post-type=\"post\">\n\t\t\t\t\t\t<section class=\"elementor-section elementor-top-section elementor-element elementor-element-b7d1c61 elementor-section-boxed elementor-section-height-default elementor-section-height-default\" data-id=\"b7d1c61\" data-element_type=\"section\" data-e-type=\"section\">\n\t\t\t\t\t\t<div class=\"elementor-container elementor-column-gap-default\">\n\t\t\t\t\t<div class=\"elementor-column elementor-col-100 elementor-top-column elementor-element elementor-element-e1edda7\" data-id=\"e1edda7\" data-element_type=\"column\" data-e-type=\"column\">\n\t\t\t<div class=\"elementor-widget-wrap elementor-element-populated\">\n\t\t\t\t\t\t<div class=\"elementor-element elementor-element-f645bb4 elementor-widget elementor-widget-text-editor\" data-id=\"f645bb4\" data-element_type=\"widget\" data-e-type=\"widget\" data-widget_type=\"text-editor.default\">\n\t\t\t\t<div class=\"elementor-widget-container\">\n\t\t\t\t\t\t\t\t\t<p>\n            <span style=\"color: #000000;\">Atenci\u00f3n Primaria Vallcarca-Sant Gervasi ha recibido una <strong>menci\u00f3n especial<\/strong> en la primera edici\u00f3n del <span style=\"color: #333333;\">Premio Espais Saludables<\/span> .<\/span>\n          <\/p>\n\t\t\t\t\t\t\t\t<\/div>\n\t\t\t\t<\/div>\n\t\t\t\t<div class=\"elementor-element elementor-element-080d3cf elementor-widget elementor-widget-text-editor\" data-id=\"080d3cf\" data-element_type=\"widget\" data-e-type=\"widget\" data-widget_type=\"text-editor.default\">\n\t\t\t\t<div class=\"elementor-widget-container\">\n\t\t\t\t\t\t\t\t\t<p>\n            <span style=\"color: #000000;\">Este reconocimiento destaca la labor de innovaci\u00f3n y mejora continua de la calidad, realizada mediante las iniciativas de <span style=\"color: #333333;\">responsabilidad social<\/span> (RSC) del CAP Vallcarca-Sant Gervasi y de la implementaci\u00f3n del proyecto <span style=\"color: #333333;\">Centros en transici\u00f3n<\/span> .<\/span>\n          <\/p>\n\t\t\t\t\t\t\t\t<\/div>\n\t\t\t\t<\/div>\n\t\t\t\t<div class=\"elementor-element elementor-element-ba1596c elementor-widget elementor-widget-text-editor\" data-id=\"ba1596c\" data-element_type=\"widget\" data-e-type=\"widget\" data-widget_type=\"text-editor.default\">\n\t\t\t\t<div class=\"elementor-widget-container\">\n\t\t\t\t\t\t\t\t\t<p>\n            <span style=\"color: #000000;\">La iniciativa Espacios Saludables Vallcarca, merecedora de esta menci\u00f3n especial, ha sido presentada por el <strong>dr. Llu\u00eds Gr\u00e0cia<\/strong> , gerente del CAP Vallcarca-Sant Gervasi, el <strong>Dr. Toni Iruela<\/strong> , responsable de RSC y el <strong>Dr. \u00c1ngel Ruiz<\/strong> , impulsor de Centros en transici\u00f3n.<\/span>\n          <\/p>\n\t\t\t\t\t\t\t\t<\/div>\n\t\t\t\t<\/div>\n\t\t\t\t<div class=\"elementor-element elementor-element-bba4416 elementor-widget-divider--view-line_text elementor-widget-divider--element-align-center elementor-widget elementor-widget-divider\" data-id=\"bba4416\" data-element_type=\"widget\" data-e-type=\"widget\" data-widget_type=\"divider.default\">\n\t\t\t\t<div class=\"elementor-widget-container\">\n\t\t\t\t\t\t\t<div class=\"elementor-divider\">\n\t\t\t<span class=\"elementor-divider-separator\">\n\t\t\t\t\t\t<\/span>\n\t\t<\/div>\n\t\t\t\t\t\t<\/div>\n\t\t\t\t<\/div>\n\t\t\t\t<section class=\"elementor-section elementor-inner-section elementor-element elementor-element-e0ad166 elementor-section-boxed elementor-section-height-default elementor-section-height-default\" data-id=\"e0ad166\" data-element_type=\"section\" data-e-type=\"section\">\n\t\t\t\t\t\t\t<div class=\"elementor-background-overlay\"><\/div>\n\t\t\t\t\t\t\t<div class=\"elementor-container elementor-column-gap-default\">\n\t\t\t\t\t<div class=\"elementor-column elementor-col-100 elementor-inner-column elementor-element elementor-element-b9f34cd\" data-id=\"b9f34cd\" data-element_type=\"column\" data-e-type=\"column\">\n\t\t\t<div class=\"elementor-widget-wrap elementor-element-populated\">\n\t\t\t\t\t\t<div class=\"elementor-element elementor-element-3f49189 elementor-widget elementor-widget-heading\" data-id=\"3f49189\" data-element_type=\"widget\" data-e-type=\"widget\" data-widget_type=\"heading.default\">\n\t\t\t\t<div class=\"elementor-widget-container\">\n\t\t\t\t\t<h6 class=\"elementor-heading-title elementor-size-medium\">Espacios Saludables<\/h6>\t\t\t\t<\/div>\n\t\t\t\t<\/div>\n\t\t\t\t<div class=\"elementor-element elementor-element-b67e65c elementor-widget elementor-widget-html\" data-id=\"b67e65c\" data-element_type=\"widget\" data-e-type=\"widget\" data-widget_type=\"html.default\">\n\t\t\t\t<div class=\"elementor-widget-container\">\n\t\t\t\t\t\n          <span style=\"color: #000000;\">Este premio est\u00e1 organizado por la <span style=\"text-decoration: underline; color: #333333;\"><a href=\"https:\/\/mediacioensalut.wordpress.com\/\" target=\"_blank\" rel=\"noopener\">Sociedad Catalana de Mediaci\u00f3n en Salud<\/a><\/span> y la <span style=\"text-decoration: underline; color: #333333;\"><a href=\"http:\/\/www.fadq.org\/\" target=\"_blank\" rel=\"noopener\">Fundaci\u00f3n Avedis Donabedian<\/a><\/span> . Su objetivo es reconocer iniciativas que mejoren la calidad de la comunicaci\u00f3n, la gesti\u00f3n de conflictos y las relaciones personales entre profesionales, usuarios y\/o familiares en cualquier tipolog\u00eda de establecimientos de salud.<\/span>\n          \n\n          \n\n          <span style=\"color: #000000;\">El acto de entrega tuvo lugar el mi\u00e9rcoles 2 de diciembre de 2015.<\/span>\n        \t\t\t\t<\/div>\n\t\t\t\t<\/div>\n\t\t\t\t\t<\/div>\n\t\t<\/div>\n\t\t\t\t\t<\/div>\n\t\t<\/section>\n\t\t\t\t\t<\/div>\n\t\t<\/div>\n\t\t\t\t\t<\/div>\n\t\t<\/section>\n\t\t\t\t<\/div>\n\t\t","protected":false},"excerpt":{"rendered":"<p>Atenci\u00f3n Primaria Vallcarca-Sant Gervasi ha recibido una menci\u00f3n especial en la primera edici\u00f3n del Premio Espais Saludables . Este reconocimiento destaca la labor de innovaci\u00f3n y mejora continua de la calidad, realizada mediante las iniciativas de responsabilidad social (RSC) del CAP Vallcarca-Sant Gervasi y de la implementaci\u00f3n del proyecto Centros en transici\u00f3n . La iniciativa [&hellip;]<\/p>\n","protected":false},"author":1,"featured_media":95270,"comment_status":"closed","ping_status":"closed","sticky":false,"template":"","format":"standard","meta":{"site-sidebar-layout":"default","site-content-layout":"default","ast-site-content-layout":"default","site-content-style":"default","site-sidebar-style":"default","ast-global-header-display":"","ast-banner-title-visibility":"","ast-main-header-display":"","ast-hfb-above-header-display":"","ast-hfb-below-header-display":"","ast-hfb-mobile-header-display":"","site-post-title":"","ast-breadcrumbs-content":"","ast-featured-img":"","footer-sml-layout":"","ast-disable-related-posts":"","theme-transparent-header-meta":"","adv-header-id-meta":"","stick-header-meta":"","header-above-stick-meta":"","header-main-stick-meta":"","header-below-stick-meta":"","astra-migrate-meta-layouts":"default","ast-page-background-enabled":"default","ast-page-background-meta":{"desktop":{"background-color":"","background-image":"","background-repeat":"repeat","background-position":"center center","background-size":"auto","background-attachment":"scroll","background-type":"","background-media":"","overlay-type":"","overlay-color":"","overlay-opacity":"","overlay-gradient":""},"tablet":{"background-color":"","background-image":"","background-repeat":"repeat","background-position":"center center","background-size":"auto","background-attachment":"scroll","background-type":"","background-media":"","overlay-type":"","overlay-color":"","overlay-opacity":"","overlay-gradient":""},"mobile":{"background-color":"","background-image":"","background-repeat":"repeat","background-position":"center center","background-size":"auto","background-attachment":"scroll","background-type":"","background-media":"","overlay-type":"","overlay-color":"","overlay-opacity":"","overlay-gradient":""}},"ast-content-background-meta":{"desktop":{"background-color":"var(--ast-global-color-5)","background-image":"","background-repeat":"repeat","background-position":"center center","background-size":"auto","background-attachment":"scroll","background-type":"","background-media":"","overlay-type":"","overlay-color":"","overlay-opacity":"","overlay-gradient":""},"tablet":{"background-color":"var(--ast-global-color-5)","background-image":"","background-repeat":"repeat","background-position":"center center","background-size":"auto","background-attachment":"scroll","background-type":"","background-media":"","overlay-type":"","overlay-color":"","overlay-opacity":"","overlay-gradient":""},"mobile":{"background-color":"var(--ast-global-color-5)","background-image":"","background-repeat":"repeat","background-position":"center center","background-size":"auto","background-attachment":"scroll","background-type":"","background-media":"","overlay-type":"","overlay-color":"","overlay-opacity":"","overlay-gradient":""}},"footnotes":""},"categories":[332,397],"tags":[327,396],"class_list":["post-96257","post","type-post","status-publish","format-standard","has-post-thumbnail","hentry","category-comunicacion-es","category-premios-y-reconocimientos","tag-catalan","tag-premios-y-reconocimientos-es"],"yoast_head":"<!-- This site is optimized with the Yoast SEO plugin v27.4 - https:\/\/yoast.com\/product\/yoast-seo-wordpress\/ -->\n<title>Premio Espacios Saludables - Atenci\u00f3 Prim\u00e0ria Vallcarca - Sant Gervasi<\/title>\n<meta name=\"robots\" content=\"index, follow, max-snippet:-1, max-image-preview:large, max-video-preview:-1\" \/>\n<link rel=\"canonical\" href=\"https:\/\/aprimariavsg.com\/es\/premio-espacios-saludables\/\" \/>\n<meta property=\"og:locale\" content=\"es_ES\" \/>\n<meta property=\"og:type\" content=\"article\" \/>\n<meta property=\"og:title\" content=\"Premio Espacios Saludables - Atenci\u00f3 Prim\u00e0ria Vallcarca - Sant Gervasi\" \/>\n<meta property=\"og:description\" content=\"Atenci\u00f3n Primaria Vallcarca-Sant Gervasi ha recibido una menci\u00f3n especial en la primera edici\u00f3n del Premio Espais Saludables . Este reconocimiento destaca la labor de innovaci\u00f3n y mejora continua de la calidad, realizada mediante las iniciativas de responsabilidad social (RSC) del CAP Vallcarca-Sant Gervasi y de la implementaci\u00f3n del proyecto Centros en transici\u00f3n . La iniciativa [&hellip;]\" \/>\n<meta property=\"og:url\" content=\"https:\/\/aprimariavsg.com\/es\/premio-espacios-saludables\/\" \/>\n<meta property=\"og:site_name\" content=\"Atenci\u00f3 Prim\u00e0ria Vallcarca - Sant Gervasi\" \/>\n<meta property=\"article:publisher\" content=\"https:\/\/www.facebook.com\/aprimariavsg\/\" \/>\n<meta property=\"article:published_time\" content=\"2015-12-07T08:43:00+00:00\" \/>\n<meta property=\"article:modified_time\" content=\"2023-10-25T13:30:26+00:00\" \/>\n<meta property=\"og:image\" content=\"https:\/\/aprimariavsg.com\/wp-content\/uploads\/2022\/08\/mencio-especial-espais-saludables-CAP-Vallcarca-Sant-Gervasi-copia.jpg\" \/>\n\t<meta property=\"og:image:width\" content=\"806\" \/>\n\t<meta property=\"og:image:height\" content=\"596\" \/>\n\t<meta property=\"og:image:type\" content=\"image\/jpeg\" \/>\n<meta name=\"author\" content=\"Atenci\u00f3 Prim\u00e0ria Vallcarca - Sant Gervasi\" \/>\n<meta name=\"twitter:card\" content=\"summary_large_image\" \/>\n<meta name=\"twitter:creator\" content=\"@aprimariavsg\" \/>\n<meta name=\"twitter:site\" content=\"@aprimariavsg\" \/>\n<meta name=\"twitter:label1\" content=\"Escrito por\" \/>\n\t<meta name=\"twitter:data1\" content=\"Atenci\u00f3 Prim\u00e0ria Vallcarca - Sant Gervasi\" \/>\n\t<meta name=\"twitter:label2\" content=\"Tiempo de lectura\" \/>\n\t<meta name=\"twitter:data2\" content=\"1 minuto\" \/>\n<script type=\"application\/ld+json\" class=\"yoast-schema-graph\">{\"@context\":\"https:\\\/\\\/schema.org\",\"@graph\":[{\"@type\":\"Article\",\"@id\":\"https:\\\/\\\/aprimariavsg.com\\\/es\\\/premio-espacios-saludables\\\/#article\",\"isPartOf\":{\"@id\":\"https:\\\/\\\/aprimariavsg.com\\\/es\\\/premio-espacios-saludables\\\/\"},\"author\":{\"name\":\"Atenci\u00f3 Prim\u00e0ria Vallcarca - Sant Gervasi\",\"@id\":\"https:\\\/\\\/aprimariavsg.com\\\/es\\\/#\\\/schema\\\/person\\\/8520fba4177df181edc61ee0a8a4f3cd\"},\"headline\":\"Premio Espacios Saludables\",\"datePublished\":\"2015-12-07T08:43:00+00:00\",\"dateModified\":\"2023-10-25T13:30:26+00:00\",\"mainEntityOfPage\":{\"@id\":\"https:\\\/\\\/aprimariavsg.com\\\/es\\\/premio-espacios-saludables\\\/\"},\"wordCount\":173,\"publisher\":{\"@id\":\"https:\\\/\\\/aprimariavsg.com\\\/es\\\/#organization\"},\"image\":{\"@id\":\"https:\\\/\\\/aprimariavsg.com\\\/es\\\/premio-espacios-saludables\\\/#primaryimage\"},\"thumbnailUrl\":\"https:\\\/\\\/aprimariavsg.com\\\/wp-content\\\/uploads\\\/2022\\\/08\\\/mencio-especial-espais-saludables-CAP-Vallcarca-Sant-Gervasi-copia.jpg\",\"keywords\":[\"@catal\u00e1n\",\"Premios y reconocimientos\"],\"articleSection\":[\"Comunicaci\u00f3n\",\"Premios y reconocimientos\"],\"inLanguage\":\"es\"},{\"@type\":\"WebPage\",\"@id\":\"https:\\\/\\\/aprimariavsg.com\\\/es\\\/premio-espacios-saludables\\\/\",\"url\":\"https:\\\/\\\/aprimariavsg.com\\\/es\\\/premio-espacios-saludables\\\/\",\"name\":\"Premio Espacios Saludables - Atenci\u00f3 Prim\u00e0ria Vallcarca - Sant Gervasi\",\"isPartOf\":{\"@id\":\"https:\\\/\\\/aprimariavsg.com\\\/es\\\/#website\"},\"primaryImageOfPage\":{\"@id\":\"https:\\\/\\\/aprimariavsg.com\\\/es\\\/premio-espacios-saludables\\\/#primaryimage\"},\"image\":{\"@id\":\"https:\\\/\\\/aprimariavsg.com\\\/es\\\/premio-espacios-saludables\\\/#primaryimage\"},\"thumbnailUrl\":\"https:\\\/\\\/aprimariavsg.com\\\/wp-content\\\/uploads\\\/2022\\\/08\\\/mencio-especial-espais-saludables-CAP-Vallcarca-Sant-Gervasi-copia.jpg\",\"datePublished\":\"2015-12-07T08:43:00+00:00\",\"dateModified\":\"2023-10-25T13:30:26+00:00\",\"breadcrumb\":{\"@id\":\"https:\\\/\\\/aprimariavsg.com\\\/es\\\/premio-espacios-saludables\\\/#breadcrumb\"},\"inLanguage\":\"es\",\"potentialAction\":[{\"@type\":\"ReadAction\",\"target\":[\"https:\\\/\\\/aprimariavsg.com\\\/es\\\/premio-espacios-saludables\\\/\"]}]},{\"@type\":\"ImageObject\",\"inLanguage\":\"es\",\"@id\":\"https:\\\/\\\/aprimariavsg.com\\\/es\\\/premio-espacios-saludables\\\/#primaryimage\",\"url\":\"https:\\\/\\\/aprimariavsg.com\\\/wp-content\\\/uploads\\\/2022\\\/08\\\/mencio-especial-espais-saludables-CAP-Vallcarca-Sant-Gervasi-copia.jpg\",\"contentUrl\":\"https:\\\/\\\/aprimariavsg.com\\\/wp-content\\\/uploads\\\/2022\\\/08\\\/mencio-especial-espais-saludables-CAP-Vallcarca-Sant-Gervasi-copia.jpg\",\"width\":806,\"height\":596},{\"@type\":\"BreadcrumbList\",\"@id\":\"https:\\\/\\\/aprimariavsg.com\\\/es\\\/premio-espacios-saludables\\\/#breadcrumb\",\"itemListElement\":[{\"@type\":\"ListItem\",\"position\":1,\"name\":\"Inici\",\"item\":\"https:\\\/\\\/aprimariavsg.com\\\/es\\\/\"},{\"@type\":\"ListItem\",\"position\":2,\"name\":\"Premio Espacios Saludables\"}]},{\"@type\":\"WebSite\",\"@id\":\"https:\\\/\\\/aprimariavsg.com\\\/es\\\/#website\",\"url\":\"https:\\\/\\\/aprimariavsg.com\\\/es\\\/\",\"name\":\"Atenci\u00f3 Prim\u00e0ria Vallcarca - Sant Gervasi\",\"description\":\"Cap Atenci\u00f3 Prim\u00e0ria\",\"publisher\":{\"@id\":\"https:\\\/\\\/aprimariavsg.com\\\/es\\\/#organization\"},\"potentialAction\":[{\"@type\":\"SearchAction\",\"target\":{\"@type\":\"EntryPoint\",\"urlTemplate\":\"https:\\\/\\\/aprimariavsg.com\\\/es\\\/?s={search_term_string}\"},\"query-input\":{\"@type\":\"PropertyValueSpecification\",\"valueRequired\":true,\"valueName\":\"search_term_string\"}}],\"inLanguage\":\"es\"},{\"@type\":\"Organization\",\"@id\":\"https:\\\/\\\/aprimariavsg.com\\\/es\\\/#organization\",\"name\":\"Atenci\u00f3 Prim\u00e0ria Vallcarca - Sant Gervasi\",\"url\":\"https:\\\/\\\/aprimariavsg.com\\\/es\\\/\",\"logo\":{\"@type\":\"ImageObject\",\"inLanguage\":\"es\",\"@id\":\"https:\\\/\\\/aprimariavsg.com\\\/es\\\/#\\\/schema\\\/logo\\\/image\\\/\",\"url\":\"https:\\\/\\\/aprimariavsg.com\\\/wp-content\\\/uploads\\\/2021\\\/05\\\/APVSG_logo-horitzontal.png\",\"contentUrl\":\"https:\\\/\\\/aprimariavsg.com\\\/wp-content\\\/uploads\\\/2021\\\/05\\\/APVSG_logo-horitzontal.png\",\"width\":816,\"height\":175,\"caption\":\"Atenci\u00f3 Prim\u00e0ria Vallcarca - Sant Gervasi\"},\"image\":{\"@id\":\"https:\\\/\\\/aprimariavsg.com\\\/es\\\/#\\\/schema\\\/logo\\\/image\\\/\"},\"sameAs\":[\"https:\\\/\\\/www.facebook.com\\\/aprimariavsg\\\/\",\"https:\\\/\\\/x.com\\\/aprimariavsg\",\"https:\\\/\\\/www.youtube.com\\\/user\\\/aprimariavsg\"]},{\"@type\":\"Person\",\"@id\":\"https:\\\/\\\/aprimariavsg.com\\\/es\\\/#\\\/schema\\\/person\\\/8520fba4177df181edc61ee0a8a4f3cd\",\"name\":\"Atenci\u00f3 Prim\u00e0ria Vallcarca - Sant Gervasi\",\"sameAs\":[\"https:\\\/\\\/aprimariavsg.com\"],\"url\":\"https:\\\/\\\/aprimariavsg.com\\\/es\\\/author\\\/narrowcasting\\\/\"}]}<\/script>\n<!-- \/ Yoast SEO plugin. -->","yoast_head_json":{"title":"Premio Espacios Saludables - Atenci\u00f3 Prim\u00e0ria Vallcarca - Sant Gervasi","robots":{"index":"index","follow":"follow","max-snippet":"max-snippet:-1","max-image-preview":"max-image-preview:large","max-video-preview":"max-video-preview:-1"},"canonical":"https:\/\/aprimariavsg.com\/es\/premio-espacios-saludables\/","og_locale":"es_ES","og_type":"article","og_title":"Premio Espacios Saludables - Atenci\u00f3 Prim\u00e0ria Vallcarca - Sant Gervasi","og_description":"Atenci\u00f3n Primaria Vallcarca-Sant Gervasi ha recibido una menci\u00f3n especial en la primera edici\u00f3n del Premio Espais Saludables . Este reconocimiento destaca la labor de innovaci\u00f3n y mejora continua de la calidad, realizada mediante las iniciativas de responsabilidad social (RSC) del CAP Vallcarca-Sant Gervasi y de la implementaci\u00f3n del proyecto Centros en transici\u00f3n . La iniciativa [&hellip;]","og_url":"https:\/\/aprimariavsg.com\/es\/premio-espacios-saludables\/","og_site_name":"Atenci\u00f3 Prim\u00e0ria Vallcarca - Sant Gervasi","article_publisher":"https:\/\/www.facebook.com\/aprimariavsg\/","article_published_time":"2015-12-07T08:43:00+00:00","article_modified_time":"2023-10-25T13:30:26+00:00","og_image":[{"width":806,"height":596,"url":"https:\/\/aprimariavsg.com\/wp-content\/uploads\/2022\/08\/mencio-especial-espais-saludables-CAP-Vallcarca-Sant-Gervasi-copia.jpg","type":"image\/jpeg"}],"author":"Atenci\u00f3 Prim\u00e0ria Vallcarca - Sant Gervasi","twitter_card":"summary_large_image","twitter_creator":"@aprimariavsg","twitter_site":"@aprimariavsg","twitter_misc":{"Escrito por":"Atenci\u00f3 Prim\u00e0ria Vallcarca - Sant Gervasi","Tiempo de lectura":"1 minuto"},"schema":{"@context":"https:\/\/schema.org","@graph":[{"@type":"Article","@id":"https:\/\/aprimariavsg.com\/es\/premio-espacios-saludables\/#article","isPartOf":{"@id":"https:\/\/aprimariavsg.com\/es\/premio-espacios-saludables\/"},"author":{"name":"Atenci\u00f3 Prim\u00e0ria Vallcarca - Sant Gervasi","@id":"https:\/\/aprimariavsg.com\/es\/#\/schema\/person\/8520fba4177df181edc61ee0a8a4f3cd"},"headline":"Premio Espacios Saludables","datePublished":"2015-12-07T08:43:00+00:00","dateModified":"2023-10-25T13:30:26+00:00","mainEntityOfPage":{"@id":"https:\/\/aprimariavsg.com\/es\/premio-espacios-saludables\/"},"wordCount":173,"publisher":{"@id":"https:\/\/aprimariavsg.com\/es\/#organization"},"image":{"@id":"https:\/\/aprimariavsg.com\/es\/premio-espacios-saludables\/#primaryimage"},"thumbnailUrl":"https:\/\/aprimariavsg.com\/wp-content\/uploads\/2022\/08\/mencio-especial-espais-saludables-CAP-Vallcarca-Sant-Gervasi-copia.jpg","keywords":["@catal\u00e1n","Premios y reconocimientos"],"articleSection":["Comunicaci\u00f3n","Premios y reconocimientos"],"inLanguage":"es"},{"@type":"WebPage","@id":"https:\/\/aprimariavsg.com\/es\/premio-espacios-saludables\/","url":"https:\/\/aprimariavsg.com\/es\/premio-espacios-saludables\/","name":"Premio Espacios Saludables - Atenci\u00f3 Prim\u00e0ria Vallcarca - Sant Gervasi","isPartOf":{"@id":"https:\/\/aprimariavsg.com\/es\/#website"},"primaryImageOfPage":{"@id":"https:\/\/aprimariavsg.com\/es\/premio-espacios-saludables\/#primaryimage"},"image":{"@id":"https:\/\/aprimariavsg.com\/es\/premio-espacios-saludables\/#primaryimage"},"thumbnailUrl":"https:\/\/aprimariavsg.com\/wp-content\/uploads\/2022\/08\/mencio-especial-espais-saludables-CAP-Vallcarca-Sant-Gervasi-copia.jpg","datePublished":"2015-12-07T08:43:00+00:00","dateModified":"2023-10-25T13:30:26+00:00","breadcrumb":{"@id":"https:\/\/aprimariavsg.com\/es\/premio-espacios-saludables\/#breadcrumb"},"inLanguage":"es","potentialAction":[{"@type":"ReadAction","target":["https:\/\/aprimariavsg.com\/es\/premio-espacios-saludables\/"]}]},{"@type":"ImageObject","inLanguage":"es","@id":"https:\/\/aprimariavsg.com\/es\/premio-espacios-saludables\/#primaryimage","url":"https:\/\/aprimariavsg.com\/wp-content\/uploads\/2022\/08\/mencio-especial-espais-saludables-CAP-Vallcarca-Sant-Gervasi-copia.jpg","contentUrl":"https:\/\/aprimariavsg.com\/wp-content\/uploads\/2022\/08\/mencio-especial-espais-saludables-CAP-Vallcarca-Sant-Gervasi-copia.jpg","width":806,"height":596},{"@type":"BreadcrumbList","@id":"https:\/\/aprimariavsg.com\/es\/premio-espacios-saludables\/#breadcrumb","itemListElement":[{"@type":"ListItem","position":1,"name":"Inici","item":"https:\/\/aprimariavsg.com\/es\/"},{"@type":"ListItem","position":2,"name":"Premio Espacios Saludables"}]},{"@type":"WebSite","@id":"https:\/\/aprimariavsg.com\/es\/#website","url":"https:\/\/aprimariavsg.com\/es\/","name":"Atenci\u00f3 Prim\u00e0ria Vallcarca - Sant Gervasi","description":"Cap Atenci\u00f3 Prim\u00e0ria","publisher":{"@id":"https:\/\/aprimariavsg.com\/es\/#organization"},"potentialAction":[{"@type":"SearchAction","target":{"@type":"EntryPoint","urlTemplate":"https:\/\/aprimariavsg.com\/es\/?s={search_term_string}"},"query-input":{"@type":"PropertyValueSpecification","valueRequired":true,"valueName":"search_term_string"}}],"inLanguage":"es"},{"@type":"Organization","@id":"https:\/\/aprimariavsg.com\/es\/#organization","name":"Atenci\u00f3 Prim\u00e0ria Vallcarca - Sant Gervasi","url":"https:\/\/aprimariavsg.com\/es\/","logo":{"@type":"ImageObject","inLanguage":"es","@id":"https:\/\/aprimariavsg.com\/es\/#\/schema\/logo\/image\/","url":"https:\/\/aprimariavsg.com\/wp-content\/uploads\/2021\/05\/APVSG_logo-horitzontal.png","contentUrl":"https:\/\/aprimariavsg.com\/wp-content\/uploads\/2021\/05\/APVSG_logo-horitzontal.png","width":816,"height":175,"caption":"Atenci\u00f3 Prim\u00e0ria Vallcarca - Sant Gervasi"},"image":{"@id":"https:\/\/aprimariavsg.com\/es\/#\/schema\/logo\/image\/"},"sameAs":["https:\/\/www.facebook.com\/aprimariavsg\/","https:\/\/x.com\/aprimariavsg","https:\/\/www.youtube.com\/user\/aprimariavsg"]},{"@type":"Person","@id":"https:\/\/aprimariavsg.com\/es\/#\/schema\/person\/8520fba4177df181edc61ee0a8a4f3cd","name":"Atenci\u00f3 Prim\u00e0ria Vallcarca - Sant Gervasi","sameAs":["https:\/\/aprimariavsg.com"],"url":"https:\/\/aprimariavsg.com\/es\/author\/narrowcasting\/"}]}},"_links":{"self":[{"href":"https:\/\/aprimariavsg.com\/es\/wp-json\/wp\/v2\/posts\/96257","targetHints":{"allow":["GET"]}}],"collection":[{"href":"https:\/\/aprimariavsg.com\/es\/wp-json\/wp\/v2\/posts"}],"about":[{"href":"https:\/\/aprimariavsg.com\/es\/wp-json\/wp\/v2\/types\/post"}],"author":[{"embeddable":true,"href":"https:\/\/aprimariavsg.com\/es\/wp-json\/wp\/v2\/users\/1"}],"replies":[{"embeddable":true,"href":"https:\/\/aprimariavsg.com\/es\/wp-json\/wp\/v2\/comments?post=96257"}],"version-history":[{"count":1,"href":"https:\/\/aprimariavsg.com\/es\/wp-json\/wp\/v2\/posts\/96257\/revisions"}],"predecessor-version":[{"id":102120,"href":"https:\/\/aprimariavsg.com\/es\/wp-json\/wp\/v2\/posts\/96257\/revisions\/102120"}],"wp:featuredmedia":[{"embeddable":true,"href":"https:\/\/aprimariavsg.com\/es\/wp-json\/wp\/v2\/media\/95270"}],"wp:attachment":[{"href":"https:\/\/aprimariavsg.com\/es\/wp-json\/wp\/v2\/media?parent=96257"}],"wp:term":[{"taxonomy":"category","embeddable":true,"href":"https:\/\/aprimariavsg.com\/es\/wp-json\/wp\/v2\/categories?post=96257"},{"taxonomy":"post_tag","embeddable":true,"href":"https:\/\/aprimariavsg.com\/es\/wp-json\/wp\/v2\/tags?post=96257"}],"curies":[{"name":"wp","href":"https:\/\/api.w.org\/{rel}","templated":true}]}}