{"id":96246,"date":"2015-10-22T08:40:00","date_gmt":"2015-10-22T08:40:00","guid":{"rendered":"https:\/\/aprimariavsg.com\/atencion-primaria-vallcarca-sant-gervasi-equipo-de-calidad-acreditada%ef%bf%bc\/"},"modified":"2023-10-25T13:30:27","modified_gmt":"2023-10-25T13:30:27","slug":"atencion-primaria-vallcarca-sant-gervasi-equipo-de-calidad-acreditada","status":"publish","type":"post","link":"https:\/\/aprimariavsg.com\/es\/atencion-primaria-vallcarca-sant-gervasi-equipo-de-calidad-acreditada\/","title":{"rendered":"Atenci\u00f3n Primaria Vallcarca Sant Gervasi, equipo de calidad acreditada\ufffc"},"content":{"rendered":"\t\t<div data-elementor-type=\"wp-post\" data-elementor-id=\"96246\" class=\"elementor elementor-96246 elementor-87449\" data-elementor-post-type=\"post\">\n\t\t\t\t\t\t<section class=\"elementor-section elementor-top-section elementor-element elementor-element-50fa2bc elementor-section-boxed elementor-section-height-default elementor-section-height-default\" data-id=\"50fa2bc\" data-element_type=\"section\" data-e-type=\"section\">\n\t\t\t\t\t\t<div class=\"elementor-container elementor-column-gap-default\">\n\t\t\t\t\t<div class=\"elementor-column elementor-col-100 elementor-top-column elementor-element elementor-element-182f5a7\" data-id=\"182f5a7\" data-element_type=\"column\" data-e-type=\"column\">\n\t\t\t<div class=\"elementor-widget-wrap elementor-element-populated\">\n\t\t\t\t\t\t<div class=\"elementor-element elementor-element-7503f99 elementor-widget elementor-widget-text-editor\" data-id=\"7503f99\" data-element_type=\"widget\" data-e-type=\"widget\" data-widget_type=\"text-editor.default\">\n\t\t\t\t<div class=\"elementor-widget-container\">\n\t\t\t\t\t\t\t\t\t<p>Los equipos de Atenci\u00f3n Primaria &#8211; Vallcarca Sant Gervasi han recibido el certificado de acreditaci\u00f3n otorgado por el <strong>Departamento de Salud<\/strong> .<\/p>\n<p>Tal y como remarca el Departamento, esta menci\u00f3n destaca la <strong>calidad<\/strong> del funcionamiento, las mejoras en la actividad asistencial y la implicaci\u00f3n en el territorio al que se da asistencia.<\/p>\n<p>La voluntad de mejora continua es uno de los elementos clave de la gesti\u00f3n del CAP Vallcarca Sant Gervasi, por lo que ser uno de los primeros equipos de Catalu\u00f1a acreditados representa un reconocimiento del <strong>compromiso<\/strong> que en el d\u00eda a d\u00eda demuestran sus profesionales.<\/p>\n<p>A la derecha de la foto podeis ver al <strong>Dr. Llu\u00eds Gr\u00e0cia<\/strong> , gerente de Atenci\u00f3n Primaria Vallcarca Sant Gervasi, recogiendo la acreditaci\u00f3n en nombre del equipo de manos del consejero de salud, <strong>Boi Ruiz<\/strong> .<\/p>\n<p>El acto de entrega tuvo lugar el mi\u00e9rcoles 21 de octubre en Barcelona y asistieron representantes de los 96 equipos catalanes acreditados.<\/p>\n<p> M\u00e1s informaci\u00f3n en las webs <a href=\"http:\/\/premsa.gencat.cat\/pres_fsvp\/AppJava\/notapremsavw\/288512\/ca\/salut-acredita-equips-datencio-primaria-qualitat-assistencia-gestio.do\" target=\"_blank\" rel=\"noopener\">Gencat.cat<\/a> y <a href=\"http:\/\/www.aceba.cat\/ca\/pl199\/premsa\/noticies\/id91\/cinc-eba-reben-els-certificats-d-equips-d-atencio-primaria-acreditats.htm\" target=\"_blank\" rel=\"noopener\">Aceba.cat<\/a><\/p>\n\t\t\t\t\t\t\t\t<\/div>\n\t\t\t\t<\/div>\n\t\t\t\t\t<\/div>\n\t\t<\/div>\n\t\t\t\t\t<\/div>\n\t\t<\/section>\n\t\t\t\t<\/div>\n\t\t","protected":false},"excerpt":{"rendered":"<p>Los equipos de Atenci\u00f3n Primaria &#8211; Vallcarca Sant Gervasi han recibido el certificado de acreditaci\u00f3n otorgado por el Departamento de Salud . Tal y como remarca el Departamento, esta menci\u00f3n destaca la calidad del funcionamiento, las mejoras en la actividad asistencial y la implicaci\u00f3n en el territorio al que se da asistencia. La voluntad de [&hellip;]<\/p>\n","protected":false},"author":2,"featured_media":95269,"comment_status":"closed","ping_status":"closed","sticky":false,"template":"","format":"standard","meta":{"site-sidebar-layout":"default","site-content-layout":"default","ast-site-content-layout":"default","site-content-style":"default","site-sidebar-style":"default","ast-global-header-display":"","ast-banner-title-visibility":"","ast-main-header-display":"","ast-hfb-above-header-display":"","ast-hfb-below-header-display":"","ast-hfb-mobile-header-display":"","site-post-title":"","ast-breadcrumbs-content":"","ast-featured-img":"","footer-sml-layout":"","ast-disable-related-posts":"","theme-transparent-header-meta":"","adv-header-id-meta":"","stick-header-meta":"","header-above-stick-meta":"","header-main-stick-meta":"","header-below-stick-meta":"","astra-migrate-meta-layouts":"default","ast-page-background-enabled":"default","ast-page-background-meta":{"desktop":{"background-color":"","background-image":"","background-repeat":"repeat","background-position":"center center","background-size":"auto","background-attachment":"scroll","background-type":"","background-media":"","overlay-type":"","overlay-color":"","overlay-opacity":"","overlay-gradient":""},"tablet":{"background-color":"","background-image":"","background-repeat":"repeat","background-position":"center center","background-size":"auto","background-attachment":"scroll","background-type":"","background-media":"","overlay-type":"","overlay-color":"","overlay-opacity":"","overlay-gradient":""},"mobile":{"background-color":"","background-image":"","background-repeat":"repeat","background-position":"center center","background-size":"auto","background-attachment":"scroll","background-type":"","background-media":"","overlay-type":"","overlay-color":"","overlay-opacity":"","overlay-gradient":""}},"ast-content-background-meta":{"desktop":{"background-color":"var(--ast-global-color-5)","background-image":"","background-repeat":"repeat","background-position":"center center","background-size":"auto","background-attachment":"scroll","background-type":"","background-media":"","overlay-type":"","overlay-color":"","overlay-opacity":"","overlay-gradient":""},"tablet":{"background-color":"var(--ast-global-color-5)","background-image":"","background-repeat":"repeat","background-position":"center center","background-size":"auto","background-attachment":"scroll","background-type":"","background-media":"","overlay-type":"","overlay-color":"","overlay-opacity":"","overlay-gradient":""},"mobile":{"background-color":"var(--ast-global-color-5)","background-image":"","background-repeat":"repeat","background-position":"center center","background-size":"auto","background-attachment":"scroll","background-type":"","background-media":"","overlay-type":"","overlay-color":"","overlay-opacity":"","overlay-gradient":""}},"footnotes":""},"categories":[332,397],"tags":[327,396],"class_list":["post-96246","post","type-post","status-publish","format-standard","has-post-thumbnail","hentry","category-comunicacion-es","category-premios-y-reconocimientos","tag-catalan","tag-premios-y-reconocimientos-es"],"yoast_head":"<!-- This site is optimized with the Yoast SEO plugin v27.5 - https:\/\/yoast.com\/product\/yoast-seo-wordpress\/ -->\n<title>Atenci\u00f3n Primaria Vallcarca Sant Gervasi, equipo de calidad acreditada\ufffc - Atenci\u00f3 Prim\u00e0ria Vallcarca - Sant Gervasi<\/title>\n<meta name=\"robots\" content=\"index, follow, max-snippet:-1, max-image-preview:large, max-video-preview:-1\" \/>\n<link rel=\"canonical\" href=\"https:\/\/aprimariavsg.com\/es\/atencion-primaria-vallcarca-sant-gervasi-equipo-de-calidad-acreditada\/\" \/>\n<meta property=\"og:locale\" content=\"es_ES\" \/>\n<meta property=\"og:type\" content=\"article\" \/>\n<meta property=\"og:title\" content=\"Atenci\u00f3n Primaria Vallcarca Sant Gervasi, equipo de calidad acreditada\ufffc - Atenci\u00f3 Prim\u00e0ria Vallcarca - Sant Gervasi\" \/>\n<meta property=\"og:description\" content=\"Los equipos de Atenci\u00f3n Primaria &#8211; Vallcarca Sant Gervasi han recibido el certificado de acreditaci\u00f3n otorgado por el Departamento de Salud . Tal y como remarca el Departamento, esta menci\u00f3n destaca la calidad del funcionamiento, las mejoras en la actividad asistencial y la implicaci\u00f3n en el territorio al que se da asistencia. La voluntad de [&hellip;]\" \/>\n<meta property=\"og:url\" content=\"https:\/\/aprimariavsg.com\/es\/atencion-primaria-vallcarca-sant-gervasi-equipo-de-calidad-acreditada\/\" \/>\n<meta property=\"og:site_name\" content=\"Atenci\u00f3 Prim\u00e0ria Vallcarca - Sant Gervasi\" \/>\n<meta property=\"article:publisher\" content=\"https:\/\/www.facebook.com\/aprimariavsg\/\" \/>\n<meta property=\"article:published_time\" content=\"2015-10-22T08:40:00+00:00\" \/>\n<meta property=\"article:modified_time\" content=\"2023-10-25T13:30:27+00:00\" \/>\n<meta property=\"og:image\" content=\"https:\/\/aprimariavsg.com\/wp-content\/uploads\/2022\/08\/IMG-20151021-WA0006.jpg\" \/>\n\t<meta property=\"og:image:width\" content=\"1600\" \/>\n\t<meta property=\"og:image:height\" content=\"1200\" \/>\n\t<meta property=\"og:image:type\" content=\"image\/jpeg\" \/>\n<meta name=\"author\" content=\"Atenci\u00f3 Prim\u00e0ria Vallcarca - Sant Gervasi\" \/>\n<meta name=\"twitter:card\" content=\"summary_large_image\" \/>\n<meta name=\"twitter:creator\" content=\"@aprimariavsg\" \/>\n<meta name=\"twitter:site\" content=\"@aprimariavsg\" \/>\n<meta name=\"twitter:label1\" content=\"Escrito por\" \/>\n\t<meta name=\"twitter:data1\" content=\"Atenci\u00f3 Prim\u00e0ria Vallcarca - Sant Gervasi\" \/>\n\t<meta name=\"twitter:label2\" content=\"Tiempo de lectura\" \/>\n\t<meta name=\"twitter:data2\" content=\"1 minuto\" \/>\n<script type=\"application\/ld+json\" class=\"yoast-schema-graph\">{\"@context\":\"https:\\\/\\\/schema.org\",\"@graph\":[{\"@type\":\"Article\",\"@id\":\"https:\\\/\\\/aprimariavsg.com\\\/es\\\/atencion-primaria-vallcarca-sant-gervasi-equipo-de-calidad-acreditada\\\/#article\",\"isPartOf\":{\"@id\":\"https:\\\/\\\/aprimariavsg.com\\\/es\\\/atencion-primaria-vallcarca-sant-gervasi-equipo-de-calidad-acreditada\\\/\"},\"author\":{\"name\":\"Atenci\u00f3 Prim\u00e0ria Vallcarca - Sant Gervasi\",\"@id\":\"https:\\\/\\\/aprimariavsg.com\\\/es\\\/#\\\/schema\\\/person\\\/a7949c182b80dff4ab2b5b627a76e8c7\"},\"headline\":\"Atenci\u00f3n Primaria Vallcarca Sant Gervasi, equipo de calidad acreditada\ufffc\",\"datePublished\":\"2015-10-22T08:40:00+00:00\",\"dateModified\":\"2023-10-25T13:30:27+00:00\",\"mainEntityOfPage\":{\"@id\":\"https:\\\/\\\/aprimariavsg.com\\\/es\\\/atencion-primaria-vallcarca-sant-gervasi-equipo-de-calidad-acreditada\\\/\"},\"wordCount\":185,\"publisher\":{\"@id\":\"https:\\\/\\\/aprimariavsg.com\\\/es\\\/#organization\"},\"image\":{\"@id\":\"https:\\\/\\\/aprimariavsg.com\\\/es\\\/atencion-primaria-vallcarca-sant-gervasi-equipo-de-calidad-acreditada\\\/#primaryimage\"},\"thumbnailUrl\":\"https:\\\/\\\/aprimariavsg.com\\\/wp-content\\\/uploads\\\/2022\\\/08\\\/IMG-20151021-WA0006.jpg\",\"keywords\":[\"@catal\u00e1n\",\"Premios y reconocimientos\"],\"articleSection\":[\"Comunicaci\u00f3n\",\"Premios y reconocimientos\"],\"inLanguage\":\"es\"},{\"@type\":\"WebPage\",\"@id\":\"https:\\\/\\\/aprimariavsg.com\\\/es\\\/atencion-primaria-vallcarca-sant-gervasi-equipo-de-calidad-acreditada\\\/\",\"url\":\"https:\\\/\\\/aprimariavsg.com\\\/es\\\/atencion-primaria-vallcarca-sant-gervasi-equipo-de-calidad-acreditada\\\/\",\"name\":\"Atenci\u00f3n Primaria Vallcarca Sant Gervasi, equipo de calidad acreditada\ufffc - Atenci\u00f3 Prim\u00e0ria Vallcarca - Sant Gervasi\",\"isPartOf\":{\"@id\":\"https:\\\/\\\/aprimariavsg.com\\\/es\\\/#website\"},\"primaryImageOfPage\":{\"@id\":\"https:\\\/\\\/aprimariavsg.com\\\/es\\\/atencion-primaria-vallcarca-sant-gervasi-equipo-de-calidad-acreditada\\\/#primaryimage\"},\"image\":{\"@id\":\"https:\\\/\\\/aprimariavsg.com\\\/es\\\/atencion-primaria-vallcarca-sant-gervasi-equipo-de-calidad-acreditada\\\/#primaryimage\"},\"thumbnailUrl\":\"https:\\\/\\\/aprimariavsg.com\\\/wp-content\\\/uploads\\\/2022\\\/08\\\/IMG-20151021-WA0006.jpg\",\"datePublished\":\"2015-10-22T08:40:00+00:00\",\"dateModified\":\"2023-10-25T13:30:27+00:00\",\"breadcrumb\":{\"@id\":\"https:\\\/\\\/aprimariavsg.com\\\/es\\\/atencion-primaria-vallcarca-sant-gervasi-equipo-de-calidad-acreditada\\\/#breadcrumb\"},\"inLanguage\":\"es\",\"potentialAction\":[{\"@type\":\"ReadAction\",\"target\":[\"https:\\\/\\\/aprimariavsg.com\\\/es\\\/atencion-primaria-vallcarca-sant-gervasi-equipo-de-calidad-acreditada\\\/\"]}]},{\"@type\":\"ImageObject\",\"inLanguage\":\"es\",\"@id\":\"https:\\\/\\\/aprimariavsg.com\\\/es\\\/atencion-primaria-vallcarca-sant-gervasi-equipo-de-calidad-acreditada\\\/#primaryimage\",\"url\":\"https:\\\/\\\/aprimariavsg.com\\\/wp-content\\\/uploads\\\/2022\\\/08\\\/IMG-20151021-WA0006.jpg\",\"contentUrl\":\"https:\\\/\\\/aprimariavsg.com\\\/wp-content\\\/uploads\\\/2022\\\/08\\\/IMG-20151021-WA0006.jpg\",\"width\":1600,\"height\":1200},{\"@type\":\"BreadcrumbList\",\"@id\":\"https:\\\/\\\/aprimariavsg.com\\\/es\\\/atencion-primaria-vallcarca-sant-gervasi-equipo-de-calidad-acreditada\\\/#breadcrumb\",\"itemListElement\":[{\"@type\":\"ListItem\",\"position\":1,\"name\":\"Inici\",\"item\":\"https:\\\/\\\/aprimariavsg.com\\\/es\\\/\"},{\"@type\":\"ListItem\",\"position\":2,\"name\":\"Atenci\u00f3n Primaria Vallcarca Sant Gervasi, equipo de calidad acreditada\ufffc\"}]},{\"@type\":\"WebSite\",\"@id\":\"https:\\\/\\\/aprimariavsg.com\\\/es\\\/#website\",\"url\":\"https:\\\/\\\/aprimariavsg.com\\\/es\\\/\",\"name\":\"Atenci\u00f3 Prim\u00e0ria Vallcarca - Sant Gervasi\",\"description\":\"Cap Atenci\u00f3 Prim\u00e0ria\",\"publisher\":{\"@id\":\"https:\\\/\\\/aprimariavsg.com\\\/es\\\/#organization\"},\"potentialAction\":[{\"@type\":\"SearchAction\",\"target\":{\"@type\":\"EntryPoint\",\"urlTemplate\":\"https:\\\/\\\/aprimariavsg.com\\\/es\\\/?s={search_term_string}\"},\"query-input\":{\"@type\":\"PropertyValueSpecification\",\"valueRequired\":true,\"valueName\":\"search_term_string\"}}],\"inLanguage\":\"es\"},{\"@type\":\"Organization\",\"@id\":\"https:\\\/\\\/aprimariavsg.com\\\/es\\\/#organization\",\"name\":\"Atenci\u00f3 Prim\u00e0ria Vallcarca - Sant Gervasi\",\"url\":\"https:\\\/\\\/aprimariavsg.com\\\/es\\\/\",\"logo\":{\"@type\":\"ImageObject\",\"inLanguage\":\"es\",\"@id\":\"https:\\\/\\\/aprimariavsg.com\\\/es\\\/#\\\/schema\\\/logo\\\/image\\\/\",\"url\":\"https:\\\/\\\/aprimariavsg.com\\\/wp-content\\\/uploads\\\/2021\\\/05\\\/APVSG_logo-horitzontal.png\",\"contentUrl\":\"https:\\\/\\\/aprimariavsg.com\\\/wp-content\\\/uploads\\\/2021\\\/05\\\/APVSG_logo-horitzontal.png\",\"width\":816,\"height\":175,\"caption\":\"Atenci\u00f3 Prim\u00e0ria Vallcarca - Sant Gervasi\"},\"image\":{\"@id\":\"https:\\\/\\\/aprimariavsg.com\\\/es\\\/#\\\/schema\\\/logo\\\/image\\\/\"},\"sameAs\":[\"https:\\\/\\\/www.facebook.com\\\/aprimariavsg\\\/\",\"https:\\\/\\\/x.com\\\/aprimariavsg\",\"https:\\\/\\\/www.youtube.com\\\/user\\\/aprimariavsg\"]},{\"@type\":\"Person\",\"@id\":\"https:\\\/\\\/aprimariavsg.com\\\/es\\\/#\\\/schema\\\/person\\\/a7949c182b80dff4ab2b5b627a76e8c7\",\"name\":\"Atenci\u00f3 Prim\u00e0ria Vallcarca - Sant Gervasi\",\"url\":\"https:\\\/\\\/aprimariavsg.com\\\/es\\\/author\\\/alvaro\\\/\"}]}<\/script>\n<!-- \/ Yoast SEO plugin. -->","yoast_head_json":{"title":"Atenci\u00f3n Primaria Vallcarca Sant Gervasi, equipo de calidad acreditada\ufffc - Atenci\u00f3 Prim\u00e0ria Vallcarca - Sant Gervasi","robots":{"index":"index","follow":"follow","max-snippet":"max-snippet:-1","max-image-preview":"max-image-preview:large","max-video-preview":"max-video-preview:-1"},"canonical":"https:\/\/aprimariavsg.com\/es\/atencion-primaria-vallcarca-sant-gervasi-equipo-de-calidad-acreditada\/","og_locale":"es_ES","og_type":"article","og_title":"Atenci\u00f3n Primaria Vallcarca Sant Gervasi, equipo de calidad acreditada\ufffc - Atenci\u00f3 Prim\u00e0ria Vallcarca - Sant Gervasi","og_description":"Los equipos de Atenci\u00f3n Primaria &#8211; Vallcarca Sant Gervasi han recibido el certificado de acreditaci\u00f3n otorgado por el Departamento de Salud . Tal y como remarca el Departamento, esta menci\u00f3n destaca la calidad del funcionamiento, las mejoras en la actividad asistencial y la implicaci\u00f3n en el territorio al que se da asistencia. La voluntad de [&hellip;]","og_url":"https:\/\/aprimariavsg.com\/es\/atencion-primaria-vallcarca-sant-gervasi-equipo-de-calidad-acreditada\/","og_site_name":"Atenci\u00f3 Prim\u00e0ria Vallcarca - Sant Gervasi","article_publisher":"https:\/\/www.facebook.com\/aprimariavsg\/","article_published_time":"2015-10-22T08:40:00+00:00","article_modified_time":"2023-10-25T13:30:27+00:00","og_image":[{"width":1600,"height":1200,"url":"https:\/\/aprimariavsg.com\/wp-content\/uploads\/2022\/08\/IMG-20151021-WA0006.jpg","type":"image\/jpeg"}],"author":"Atenci\u00f3 Prim\u00e0ria Vallcarca - Sant Gervasi","twitter_card":"summary_large_image","twitter_creator":"@aprimariavsg","twitter_site":"@aprimariavsg","twitter_misc":{"Escrito por":"Atenci\u00f3 Prim\u00e0ria Vallcarca - Sant Gervasi","Tiempo de lectura":"1 minuto"},"schema":{"@context":"https:\/\/schema.org","@graph":[{"@type":"Article","@id":"https:\/\/aprimariavsg.com\/es\/atencion-primaria-vallcarca-sant-gervasi-equipo-de-calidad-acreditada\/#article","isPartOf":{"@id":"https:\/\/aprimariavsg.com\/es\/atencion-primaria-vallcarca-sant-gervasi-equipo-de-calidad-acreditada\/"},"author":{"name":"Atenci\u00f3 Prim\u00e0ria Vallcarca - Sant Gervasi","@id":"https:\/\/aprimariavsg.com\/es\/#\/schema\/person\/a7949c182b80dff4ab2b5b627a76e8c7"},"headline":"Atenci\u00f3n Primaria Vallcarca Sant Gervasi, equipo de calidad acreditada\ufffc","datePublished":"2015-10-22T08:40:00+00:00","dateModified":"2023-10-25T13:30:27+00:00","mainEntityOfPage":{"@id":"https:\/\/aprimariavsg.com\/es\/atencion-primaria-vallcarca-sant-gervasi-equipo-de-calidad-acreditada\/"},"wordCount":185,"publisher":{"@id":"https:\/\/aprimariavsg.com\/es\/#organization"},"image":{"@id":"https:\/\/aprimariavsg.com\/es\/atencion-primaria-vallcarca-sant-gervasi-equipo-de-calidad-acreditada\/#primaryimage"},"thumbnailUrl":"https:\/\/aprimariavsg.com\/wp-content\/uploads\/2022\/08\/IMG-20151021-WA0006.jpg","keywords":["@catal\u00e1n","Premios y reconocimientos"],"articleSection":["Comunicaci\u00f3n","Premios y reconocimientos"],"inLanguage":"es"},{"@type":"WebPage","@id":"https:\/\/aprimariavsg.com\/es\/atencion-primaria-vallcarca-sant-gervasi-equipo-de-calidad-acreditada\/","url":"https:\/\/aprimariavsg.com\/es\/atencion-primaria-vallcarca-sant-gervasi-equipo-de-calidad-acreditada\/","name":"Atenci\u00f3n Primaria Vallcarca Sant Gervasi, equipo de calidad acreditada\ufffc - Atenci\u00f3 Prim\u00e0ria Vallcarca - Sant Gervasi","isPartOf":{"@id":"https:\/\/aprimariavsg.com\/es\/#website"},"primaryImageOfPage":{"@id":"https:\/\/aprimariavsg.com\/es\/atencion-primaria-vallcarca-sant-gervasi-equipo-de-calidad-acreditada\/#primaryimage"},"image":{"@id":"https:\/\/aprimariavsg.com\/es\/atencion-primaria-vallcarca-sant-gervasi-equipo-de-calidad-acreditada\/#primaryimage"},"thumbnailUrl":"https:\/\/aprimariavsg.com\/wp-content\/uploads\/2022\/08\/IMG-20151021-WA0006.jpg","datePublished":"2015-10-22T08:40:00+00:00","dateModified":"2023-10-25T13:30:27+00:00","breadcrumb":{"@id":"https:\/\/aprimariavsg.com\/es\/atencion-primaria-vallcarca-sant-gervasi-equipo-de-calidad-acreditada\/#breadcrumb"},"inLanguage":"es","potentialAction":[{"@type":"ReadAction","target":["https:\/\/aprimariavsg.com\/es\/atencion-primaria-vallcarca-sant-gervasi-equipo-de-calidad-acreditada\/"]}]},{"@type":"ImageObject","inLanguage":"es","@id":"https:\/\/aprimariavsg.com\/es\/atencion-primaria-vallcarca-sant-gervasi-equipo-de-calidad-acreditada\/#primaryimage","url":"https:\/\/aprimariavsg.com\/wp-content\/uploads\/2022\/08\/IMG-20151021-WA0006.jpg","contentUrl":"https:\/\/aprimariavsg.com\/wp-content\/uploads\/2022\/08\/IMG-20151021-WA0006.jpg","width":1600,"height":1200},{"@type":"BreadcrumbList","@id":"https:\/\/aprimariavsg.com\/es\/atencion-primaria-vallcarca-sant-gervasi-equipo-de-calidad-acreditada\/#breadcrumb","itemListElement":[{"@type":"ListItem","position":1,"name":"Inici","item":"https:\/\/aprimariavsg.com\/es\/"},{"@type":"ListItem","position":2,"name":"Atenci\u00f3n Primaria Vallcarca Sant Gervasi, equipo de calidad acreditada\ufffc"}]},{"@type":"WebSite","@id":"https:\/\/aprimariavsg.com\/es\/#website","url":"https:\/\/aprimariavsg.com\/es\/","name":"Atenci\u00f3 Prim\u00e0ria Vallcarca - Sant Gervasi","description":"Cap Atenci\u00f3 Prim\u00e0ria","publisher":{"@id":"https:\/\/aprimariavsg.com\/es\/#organization"},"potentialAction":[{"@type":"SearchAction","target":{"@type":"EntryPoint","urlTemplate":"https:\/\/aprimariavsg.com\/es\/?s={search_term_string}"},"query-input":{"@type":"PropertyValueSpecification","valueRequired":true,"valueName":"search_term_string"}}],"inLanguage":"es"},{"@type":"Organization","@id":"https:\/\/aprimariavsg.com\/es\/#organization","name":"Atenci\u00f3 Prim\u00e0ria Vallcarca - Sant Gervasi","url":"https:\/\/aprimariavsg.com\/es\/","logo":{"@type":"ImageObject","inLanguage":"es","@id":"https:\/\/aprimariavsg.com\/es\/#\/schema\/logo\/image\/","url":"https:\/\/aprimariavsg.com\/wp-content\/uploads\/2021\/05\/APVSG_logo-horitzontal.png","contentUrl":"https:\/\/aprimariavsg.com\/wp-content\/uploads\/2021\/05\/APVSG_logo-horitzontal.png","width":816,"height":175,"caption":"Atenci\u00f3 Prim\u00e0ria Vallcarca - Sant Gervasi"},"image":{"@id":"https:\/\/aprimariavsg.com\/es\/#\/schema\/logo\/image\/"},"sameAs":["https:\/\/www.facebook.com\/aprimariavsg\/","https:\/\/x.com\/aprimariavsg","https:\/\/www.youtube.com\/user\/aprimariavsg"]},{"@type":"Person","@id":"https:\/\/aprimariavsg.com\/es\/#\/schema\/person\/a7949c182b80dff4ab2b5b627a76e8c7","name":"Atenci\u00f3 Prim\u00e0ria Vallcarca - Sant Gervasi","url":"https:\/\/aprimariavsg.com\/es\/author\/alvaro\/"}]}},"_links":{"self":[{"href":"https:\/\/aprimariavsg.com\/es\/wp-json\/wp\/v2\/posts\/96246","targetHints":{"allow":["GET"]}}],"collection":[{"href":"https:\/\/aprimariavsg.com\/es\/wp-json\/wp\/v2\/posts"}],"about":[{"href":"https:\/\/aprimariavsg.com\/es\/wp-json\/wp\/v2\/types\/post"}],"author":[{"embeddable":true,"href":"https:\/\/aprimariavsg.com\/es\/wp-json\/wp\/v2\/users\/2"}],"replies":[{"embeddable":true,"href":"https:\/\/aprimariavsg.com\/es\/wp-json\/wp\/v2\/comments?post=96246"}],"version-history":[{"count":1,"href":"https:\/\/aprimariavsg.com\/es\/wp-json\/wp\/v2\/posts\/96246\/revisions"}],"predecessor-version":[{"id":102121,"href":"https:\/\/aprimariavsg.com\/es\/wp-json\/wp\/v2\/posts\/96246\/revisions\/102121"}],"wp:featuredmedia":[{"embeddable":true,"href":"https:\/\/aprimariavsg.com\/es\/wp-json\/wp\/v2\/media\/95269"}],"wp:attachment":[{"href":"https:\/\/aprimariavsg.com\/es\/wp-json\/wp\/v2\/media?parent=96246"}],"wp:term":[{"taxonomy":"category","embeddable":true,"href":"https:\/\/aprimariavsg.com\/es\/wp-json\/wp\/v2\/categories?post=96246"},{"taxonomy":"post_tag","embeddable":true,"href":"https:\/\/aprimariavsg.com\/es\/wp-json\/wp\/v2\/tags?post=96246"}],"curies":[{"name":"wp","href":"https:\/\/api.w.org\/{rel}","templated":true}]}}