{"id":96238,"date":"2015-07-15T08:01:00","date_gmt":"2015-07-15T08:01:00","guid":{"rendered":"https:\/\/aprimariavsg.com\/eba-vallcarca-recibe-el-premio-chiesi-en-innovacion-sanitaria\/"},"modified":"2023-10-25T13:30:28","modified_gmt":"2023-10-25T13:30:28","slug":"eba-vallcarca-recibe-el-premio-chiesi-en-innovacion-sanitaria","status":"publish","type":"post","link":"https:\/\/aprimariavsg.com\/es\/eba-vallcarca-recibe-el-premio-chiesi-en-innovacion-sanitaria\/","title":{"rendered":"EBA Vallcarca recibe el premio Chiesi en Innovaci\u00f3n Sanitaria"},"content":{"rendered":"\t\t<div data-elementor-type=\"wp-post\" data-elementor-id=\"96238\" class=\"elementor elementor-96238 elementor-87425\" data-elementor-post-type=\"post\">\n\t\t\t\t\t\t<section class=\"elementor-section elementor-top-section elementor-element elementor-element-290627a elementor-section-boxed elementor-section-height-default elementor-section-height-default\" data-id=\"290627a\" data-element_type=\"section\" data-e-type=\"section\">\n\t\t\t\t\t\t<div class=\"elementor-container elementor-column-gap-default\">\n\t\t\t\t\t<div class=\"elementor-column elementor-col-100 elementor-top-column elementor-element elementor-element-c67a211\" data-id=\"c67a211\" data-element_type=\"column\" data-e-type=\"column\">\n\t\t\t<div class=\"elementor-widget-wrap elementor-element-populated\">\n\t\t\t\t\t\t<div class=\"elementor-element elementor-element-5774b32 elementor-widget elementor-widget-text-editor\" data-id=\"5774b32\" data-element_type=\"widget\" data-e-type=\"widget\" data-widget_type=\"text-editor.default\">\n\t\t\t\t<div class=\"elementor-widget-container\">\n\t\t\t\t\t\t\t\t\t<p>\n            <span style=\"color: #000000;\">El proyecto Centros en Transici\u00f3n, implementado por el CAP Vallcarca-Sant Gervasi ha recibido un nuevo reconocimiento, el <strong>Premio Chiesi en Innovaci\u00f3n Sanitaria<\/strong> , otorgado por <span style=\"text-decoration: underline;\"><a href=\"http:\/\/www.bsalut.net\/Index.aspx\" target=\"_blank\" rel=\"noopener\">B\u00b7Salut<\/a><\/span> y <a href=\"http:\/\/projectes.camfic.cat\/\" target=\"_blank\" rel=\"noopener\"><span style=\"text-decoration: underline;\">Camfic<\/span><\/a> el pasado 8 de julio.<\/span>\n          <\/p>\n\t\t\t\t\t\t\t\t<\/div>\n\t\t\t\t<\/div>\n\t\t\t\t<div class=\"elementor-element elementor-element-356e7de elementor-widget elementor-widget-text-editor\" data-id=\"356e7de\" data-element_type=\"widget\" data-e-type=\"widget\" data-widget_type=\"text-editor.default\">\n\t\t\t\t<div class=\"elementor-widget-container\">\n\t\t\t\t\t\t\t\t\t<p>\n            <span style=\"color: #000000;\">A ra\u00edz de este premio, le presentamos un v\u00eddeo donde se resumen los principales ejes de trabajo de este proyecto innovador.<\/span>\n          <\/p>\n\t\t\t\t\t\t\t\t<\/div>\n\t\t\t\t<\/div>\n\t\t\t\t<div class=\"elementor-element elementor-element-bf48cbf elementor-widget elementor-widget-video\" data-id=\"bf48cbf\" data-element_type=\"widget\" data-e-type=\"widget\" data-settings=\"{&quot;youtube_url&quot;:&quot;https:\\\/\\\/www.youtube.com\\\/embed\\\/zqh8QB-HsrY&quot;,&quot;loop&quot;:&quot;yes&quot;,&quot;video_type&quot;:&quot;youtube&quot;,&quot;controls&quot;:&quot;yes&quot;}\" data-widget_type=\"video.default\">\n\t\t\t\t<div class=\"elementor-widget-container\">\n\t\t\t\t\t\t\t<div class=\"elementor-wrapper elementor-open-inline\">\n\t\t\t<div class=\"elementor-video\"><\/div>\t\t<\/div>\n\t\t\t\t\t\t<\/div>\n\t\t\t\t<\/div>\n\t\t\t\t<div class=\"elementor-element elementor-element-a0bdc53 elementor-widget elementor-widget-text-editor\" data-id=\"a0bdc53\" data-element_type=\"widget\" data-e-type=\"widget\" data-widget_type=\"text-editor.default\">\n\t\t\t\t<div class=\"elementor-widget-container\">\n\t\t\t\t\t\t\t\t\t<p>\n            <span style=\"color: #000000;\">Esta iniciativa est\u00e1 siendo aplicada por el CAP Vallcarca &#8211; Sant Gervasi y el CAP Sarri\u00e0, ya que al seguir el modelo <span style=\"text-decoration: underline;\"><a href=\"http:\/\/www.aceba.cat\/es\/autogestion\/assessorament-en-l-autogestio-en-ap.htm\" target=\"_blank\" rel=\"noopener\">EBA<\/a><\/span> tienen una mayor autonom\u00eda de gesti\u00f3n.<\/span>\n          <\/p>\n<p>\n            <span style=\"color: #000000;\"> <\/span>\n          <\/p>\n<p>\n            <span style=\"color: #000000;\">El <strong>dr. Llu\u00eds Gr\u00e0cia<\/strong> , gerente de EBA Vallcarca, destaca la filosof\u00eda que hay detr\u00e1s de Centros en transici\u00f3n, que permite situar al equipo en una <strong>din\u00e1mica de cambio y mejora continua<\/strong> , que tiene como resultado unos profesionales m\u00e1s resolutivos y unos usuarios con un mayor conocimiento. La <strong>calidad<\/strong> y <strong>sostenibilidad<\/strong> del sistema sanitario se perfilan as\u00ed como el objetivo \u00faltimo de este proyecto.<\/span>\n          <\/p>\n<p>\n            <span style=\"color: #000000;\"> <\/span>\n          <\/p>\n<p>\n            <span style=\"color: #000000;\">El <strong>dr. \u00c1ngel Ruiz T\u00e9llez<\/strong> , impulsor del proyecto, afirma que la diferencia en los resultados est\u00e1 marcada por el modelo de gesti\u00f3n que se aplica. As\u00ed, si este modelo se replica por inercia, no es posible discriminar lo que est\u00e1 funcionando de lo que no. Es aqu\u00ed donde radica la <strong>innovaci\u00f3n<\/strong> del modelo Centros en transici\u00f3n, puesto que trabaja para identificar aquellos comportamientos m\u00e1s eficaces, para poder copiarlos. Lo que permite romper la inercia natural, para avanzar en el cambio basado en el conocimiento.<\/span>\n          <\/p>\n<p>\n            <span style=\"color: #000000;\"> <\/span>\n          <\/p>\n<p>\n            <span style=\"color: #000000;\">El modelo utiliza un programa inform\u00e1tico, ISIS, que gracias a los datos que gestiona y la posibilidad de compararlos con otros equipos, ofrece a los profesionales una imagen muy valiosa sobre su praxis y los resultados de la misma.<\/span>\n          <\/p>\n\t\t\t\t\t\t\t\t<\/div>\n\t\t\t\t<\/div>\n\t\t\t\t\t<\/div>\n\t\t<\/div>\n\t\t\t\t\t<\/div>\n\t\t<\/section>\n\t\t\t\t<\/div>\n\t\t","protected":false},"excerpt":{"rendered":"<p>El proyecto Centros en Transici\u00f3n, implementado por el CAP Vallcarca-Sant Gervasi ha recibido un nuevo reconocimiento, el Premio Chiesi en Innovaci\u00f3n Sanitaria , otorgado por B\u00b7Salut y Camfic el pasado 8 de julio. A ra\u00edz de este premio, le presentamos un v\u00eddeo donde se resumen los principales ejes de trabajo de este proyecto innovador. https:\/\/www.youtube.com\/embed\/zqh8QB-HsrY [&hellip;]<\/p>\n","protected":false},"author":1,"featured_media":95268,"comment_status":"closed","ping_status":"closed","sticky":false,"template":"","format":"standard","meta":{"site-sidebar-layout":"default","site-content-layout":"default","ast-site-content-layout":"default","site-content-style":"default","site-sidebar-style":"default","ast-global-header-display":"","ast-banner-title-visibility":"","ast-main-header-display":"","ast-hfb-above-header-display":"","ast-hfb-below-header-display":"","ast-hfb-mobile-header-display":"","site-post-title":"","ast-breadcrumbs-content":"","ast-featured-img":"","footer-sml-layout":"","ast-disable-related-posts":"","theme-transparent-header-meta":"","adv-header-id-meta":"","stick-header-meta":"","header-above-stick-meta":"","header-main-stick-meta":"","header-below-stick-meta":"","astra-migrate-meta-layouts":"default","ast-page-background-enabled":"default","ast-page-background-meta":{"desktop":{"background-color":"","background-image":"","background-repeat":"repeat","background-position":"center center","background-size":"auto","background-attachment":"scroll","background-type":"","background-media":"","overlay-type":"","overlay-color":"","overlay-opacity":"","overlay-gradient":""},"tablet":{"background-color":"","background-image":"","background-repeat":"repeat","background-position":"center center","background-size":"auto","background-attachment":"scroll","background-type":"","background-media":"","overlay-type":"","overlay-color":"","overlay-opacity":"","overlay-gradient":""},"mobile":{"background-color":"","background-image":"","background-repeat":"repeat","background-position":"center center","background-size":"auto","background-attachment":"scroll","background-type":"","background-media":"","overlay-type":"","overlay-color":"","overlay-opacity":"","overlay-gradient":""}},"ast-content-background-meta":{"desktop":{"background-color":"var(--ast-global-color-5)","background-image":"","background-repeat":"repeat","background-position":"center center","background-size":"auto","background-attachment":"scroll","background-type":"","background-media":"","overlay-type":"","overlay-color":"","overlay-opacity":"","overlay-gradient":""},"tablet":{"background-color":"var(--ast-global-color-5)","background-image":"","background-repeat":"repeat","background-position":"center center","background-size":"auto","background-attachment":"scroll","background-type":"","background-media":"","overlay-type":"","overlay-color":"","overlay-opacity":"","overlay-gradient":""},"mobile":{"background-color":"var(--ast-global-color-5)","background-image":"","background-repeat":"repeat","background-position":"center center","background-size":"auto","background-attachment":"scroll","background-type":"","background-media":"","overlay-type":"","overlay-color":"","overlay-opacity":"","overlay-gradient":""}},"footnotes":""},"categories":[332,397],"tags":[327,396],"class_list":["post-96238","post","type-post","status-publish","format-standard","has-post-thumbnail","hentry","category-comunicacion-es","category-premios-y-reconocimientos","tag-catalan","tag-premios-y-reconocimientos-es"],"yoast_head":"<!-- This site is optimized with the Yoast SEO plugin v27.5 - https:\/\/yoast.com\/product\/yoast-seo-wordpress\/ -->\n<title>EBA Vallcarca recibe el premio Chiesi en Innovaci\u00f3n Sanitaria - Atenci\u00f3 Prim\u00e0ria Vallcarca - Sant Gervasi<\/title>\n<meta name=\"robots\" content=\"index, follow, max-snippet:-1, max-image-preview:large, max-video-preview:-1\" \/>\n<link rel=\"canonical\" href=\"https:\/\/aprimariavsg.com\/es\/eba-vallcarca-recibe-el-premio-chiesi-en-innovacion-sanitaria\/\" \/>\n<meta property=\"og:locale\" content=\"es_ES\" \/>\n<meta property=\"og:type\" content=\"article\" \/>\n<meta property=\"og:title\" content=\"EBA Vallcarca recibe el premio Chiesi en Innovaci\u00f3n Sanitaria - Atenci\u00f3 Prim\u00e0ria Vallcarca - Sant Gervasi\" \/>\n<meta property=\"og:description\" content=\"El proyecto Centros en Transici\u00f3n, implementado por el CAP Vallcarca-Sant Gervasi ha recibido un nuevo reconocimiento, el Premio Chiesi en Innovaci\u00f3n Sanitaria , otorgado por B\u00b7Salut y Camfic el pasado 8 de julio. A ra\u00edz de este premio, le presentamos un v\u00eddeo donde se resumen los principales ejes de trabajo de este proyecto innovador. https:\/\/www.youtube.com\/embed\/zqh8QB-HsrY [&hellip;]\" \/>\n<meta property=\"og:url\" content=\"https:\/\/aprimariavsg.com\/es\/eba-vallcarca-recibe-el-premio-chiesi-en-innovacion-sanitaria\/\" \/>\n<meta property=\"og:site_name\" content=\"Atenci\u00f3 Prim\u00e0ria Vallcarca - Sant Gervasi\" \/>\n<meta property=\"article:publisher\" content=\"https:\/\/www.facebook.com\/aprimariavsg\/\" \/>\n<meta property=\"article:published_time\" content=\"2015-07-15T08:01:00+00:00\" \/>\n<meta property=\"article:modified_time\" content=\"2023-10-25T13:30:28+00:00\" \/>\n<meta property=\"og:image\" content=\"https:\/\/aprimariavsg.com\/wp-content\/uploads\/2015\/07\/Dr-Lluis-Gracia-EBA-Vallcarca-Sant-Gervasi-1024x580-1.jpg\" \/>\n\t<meta property=\"og:image:width\" content=\"1024\" \/>\n\t<meta property=\"og:image:height\" content=\"580\" \/>\n\t<meta property=\"og:image:type\" content=\"image\/jpeg\" \/>\n<meta name=\"author\" content=\"Atenci\u00f3 Prim\u00e0ria Vallcarca - Sant Gervasi\" \/>\n<meta name=\"twitter:card\" content=\"summary_large_image\" \/>\n<meta name=\"twitter:creator\" content=\"@aprimariavsg\" \/>\n<meta name=\"twitter:site\" content=\"@aprimariavsg\" \/>\n<meta name=\"twitter:label1\" content=\"Escrito por\" \/>\n\t<meta name=\"twitter:data1\" content=\"Atenci\u00f3 Prim\u00e0ria Vallcarca - Sant Gervasi\" \/>\n\t<meta name=\"twitter:label2\" content=\"Tiempo de lectura\" \/>\n\t<meta name=\"twitter:data2\" content=\"1 minuto\" \/>\n<script type=\"application\/ld+json\" class=\"yoast-schema-graph\">{\"@context\":\"https:\\\/\\\/schema.org\",\"@graph\":[{\"@type\":\"Article\",\"@id\":\"https:\\\/\\\/aprimariavsg.com\\\/es\\\/eba-vallcarca-recibe-el-premio-chiesi-en-innovacion-sanitaria\\\/#article\",\"isPartOf\":{\"@id\":\"https:\\\/\\\/aprimariavsg.com\\\/es\\\/eba-vallcarca-recibe-el-premio-chiesi-en-innovacion-sanitaria\\\/\"},\"author\":{\"name\":\"Atenci\u00f3 Prim\u00e0ria Vallcarca - Sant Gervasi\",\"@id\":\"https:\\\/\\\/aprimariavsg.com\\\/es\\\/#\\\/schema\\\/person\\\/8520fba4177df181edc61ee0a8a4f3cd\"},\"headline\":\"EBA Vallcarca recibe el premio Chiesi en Innovaci\u00f3n Sanitaria\",\"datePublished\":\"2015-07-15T08:01:00+00:00\",\"dateModified\":\"2023-10-25T13:30:28+00:00\",\"mainEntityOfPage\":{\"@id\":\"https:\\\/\\\/aprimariavsg.com\\\/es\\\/eba-vallcarca-recibe-el-premio-chiesi-en-innovacion-sanitaria\\\/\"},\"wordCount\":304,\"publisher\":{\"@id\":\"https:\\\/\\\/aprimariavsg.com\\\/es\\\/#organization\"},\"image\":{\"@id\":\"https:\\\/\\\/aprimariavsg.com\\\/es\\\/eba-vallcarca-recibe-el-premio-chiesi-en-innovacion-sanitaria\\\/#primaryimage\"},\"thumbnailUrl\":\"https:\\\/\\\/aprimariavsg.com\\\/wp-content\\\/uploads\\\/2015\\\/07\\\/Dr-Lluis-Gracia-EBA-Vallcarca-Sant-Gervasi-1024x580-1.jpg\",\"keywords\":[\"@catal\u00e1n\",\"Premios y reconocimientos\"],\"articleSection\":[\"Comunicaci\u00f3n\",\"Premios y reconocimientos\"],\"inLanguage\":\"es\"},{\"@type\":\"WebPage\",\"@id\":\"https:\\\/\\\/aprimariavsg.com\\\/es\\\/eba-vallcarca-recibe-el-premio-chiesi-en-innovacion-sanitaria\\\/\",\"url\":\"https:\\\/\\\/aprimariavsg.com\\\/es\\\/eba-vallcarca-recibe-el-premio-chiesi-en-innovacion-sanitaria\\\/\",\"name\":\"EBA Vallcarca recibe el premio Chiesi en Innovaci\u00f3n Sanitaria - Atenci\u00f3 Prim\u00e0ria Vallcarca - Sant Gervasi\",\"isPartOf\":{\"@id\":\"https:\\\/\\\/aprimariavsg.com\\\/es\\\/#website\"},\"primaryImageOfPage\":{\"@id\":\"https:\\\/\\\/aprimariavsg.com\\\/es\\\/eba-vallcarca-recibe-el-premio-chiesi-en-innovacion-sanitaria\\\/#primaryimage\"},\"image\":{\"@id\":\"https:\\\/\\\/aprimariavsg.com\\\/es\\\/eba-vallcarca-recibe-el-premio-chiesi-en-innovacion-sanitaria\\\/#primaryimage\"},\"thumbnailUrl\":\"https:\\\/\\\/aprimariavsg.com\\\/wp-content\\\/uploads\\\/2015\\\/07\\\/Dr-Lluis-Gracia-EBA-Vallcarca-Sant-Gervasi-1024x580-1.jpg\",\"datePublished\":\"2015-07-15T08:01:00+00:00\",\"dateModified\":\"2023-10-25T13:30:28+00:00\",\"breadcrumb\":{\"@id\":\"https:\\\/\\\/aprimariavsg.com\\\/es\\\/eba-vallcarca-recibe-el-premio-chiesi-en-innovacion-sanitaria\\\/#breadcrumb\"},\"inLanguage\":\"es\",\"potentialAction\":[{\"@type\":\"ReadAction\",\"target\":[\"https:\\\/\\\/aprimariavsg.com\\\/es\\\/eba-vallcarca-recibe-el-premio-chiesi-en-innovacion-sanitaria\\\/\"]}]},{\"@type\":\"ImageObject\",\"inLanguage\":\"es\",\"@id\":\"https:\\\/\\\/aprimariavsg.com\\\/es\\\/eba-vallcarca-recibe-el-premio-chiesi-en-innovacion-sanitaria\\\/#primaryimage\",\"url\":\"https:\\\/\\\/aprimariavsg.com\\\/wp-content\\\/uploads\\\/2015\\\/07\\\/Dr-Lluis-Gracia-EBA-Vallcarca-Sant-Gervasi-1024x580-1.jpg\",\"contentUrl\":\"https:\\\/\\\/aprimariavsg.com\\\/wp-content\\\/uploads\\\/2015\\\/07\\\/Dr-Lluis-Gracia-EBA-Vallcarca-Sant-Gervasi-1024x580-1.jpg\",\"width\":1024,\"height\":580},{\"@type\":\"BreadcrumbList\",\"@id\":\"https:\\\/\\\/aprimariavsg.com\\\/es\\\/eba-vallcarca-recibe-el-premio-chiesi-en-innovacion-sanitaria\\\/#breadcrumb\",\"itemListElement\":[{\"@type\":\"ListItem\",\"position\":1,\"name\":\"Inici\",\"item\":\"https:\\\/\\\/aprimariavsg.com\\\/es\\\/\"},{\"@type\":\"ListItem\",\"position\":2,\"name\":\"EBA Vallcarca recibe el premio Chiesi en Innovaci\u00f3n Sanitaria\"}]},{\"@type\":\"WebSite\",\"@id\":\"https:\\\/\\\/aprimariavsg.com\\\/es\\\/#website\",\"url\":\"https:\\\/\\\/aprimariavsg.com\\\/es\\\/\",\"name\":\"Atenci\u00f3 Prim\u00e0ria Vallcarca - Sant Gervasi\",\"description\":\"Cap Atenci\u00f3 Prim\u00e0ria\",\"publisher\":{\"@id\":\"https:\\\/\\\/aprimariavsg.com\\\/es\\\/#organization\"},\"potentialAction\":[{\"@type\":\"SearchAction\",\"target\":{\"@type\":\"EntryPoint\",\"urlTemplate\":\"https:\\\/\\\/aprimariavsg.com\\\/es\\\/?s={search_term_string}\"},\"query-input\":{\"@type\":\"PropertyValueSpecification\",\"valueRequired\":true,\"valueName\":\"search_term_string\"}}],\"inLanguage\":\"es\"},{\"@type\":\"Organization\",\"@id\":\"https:\\\/\\\/aprimariavsg.com\\\/es\\\/#organization\",\"name\":\"Atenci\u00f3 Prim\u00e0ria Vallcarca - Sant Gervasi\",\"url\":\"https:\\\/\\\/aprimariavsg.com\\\/es\\\/\",\"logo\":{\"@type\":\"ImageObject\",\"inLanguage\":\"es\",\"@id\":\"https:\\\/\\\/aprimariavsg.com\\\/es\\\/#\\\/schema\\\/logo\\\/image\\\/\",\"url\":\"https:\\\/\\\/aprimariavsg.com\\\/wp-content\\\/uploads\\\/2021\\\/05\\\/APVSG_logo-horitzontal.png\",\"contentUrl\":\"https:\\\/\\\/aprimariavsg.com\\\/wp-content\\\/uploads\\\/2021\\\/05\\\/APVSG_logo-horitzontal.png\",\"width\":816,\"height\":175,\"caption\":\"Atenci\u00f3 Prim\u00e0ria Vallcarca - Sant Gervasi\"},\"image\":{\"@id\":\"https:\\\/\\\/aprimariavsg.com\\\/es\\\/#\\\/schema\\\/logo\\\/image\\\/\"},\"sameAs\":[\"https:\\\/\\\/www.facebook.com\\\/aprimariavsg\\\/\",\"https:\\\/\\\/x.com\\\/aprimariavsg\",\"https:\\\/\\\/www.youtube.com\\\/user\\\/aprimariavsg\"]},{\"@type\":\"Person\",\"@id\":\"https:\\\/\\\/aprimariavsg.com\\\/es\\\/#\\\/schema\\\/person\\\/8520fba4177df181edc61ee0a8a4f3cd\",\"name\":\"Atenci\u00f3 Prim\u00e0ria Vallcarca - Sant Gervasi\",\"sameAs\":[\"https:\\\/\\\/aprimariavsg.com\"],\"url\":\"https:\\\/\\\/aprimariavsg.com\\\/es\\\/author\\\/narrowcasting\\\/\"}]}<\/script>\n<!-- \/ Yoast SEO plugin. -->","yoast_head_json":{"title":"EBA Vallcarca recibe el premio Chiesi en Innovaci\u00f3n Sanitaria - Atenci\u00f3 Prim\u00e0ria Vallcarca - Sant Gervasi","robots":{"index":"index","follow":"follow","max-snippet":"max-snippet:-1","max-image-preview":"max-image-preview:large","max-video-preview":"max-video-preview:-1"},"canonical":"https:\/\/aprimariavsg.com\/es\/eba-vallcarca-recibe-el-premio-chiesi-en-innovacion-sanitaria\/","og_locale":"es_ES","og_type":"article","og_title":"EBA Vallcarca recibe el premio Chiesi en Innovaci\u00f3n Sanitaria - Atenci\u00f3 Prim\u00e0ria Vallcarca - Sant Gervasi","og_description":"El proyecto Centros en Transici\u00f3n, implementado por el CAP Vallcarca-Sant Gervasi ha recibido un nuevo reconocimiento, el Premio Chiesi en Innovaci\u00f3n Sanitaria , otorgado por B\u00b7Salut y Camfic el pasado 8 de julio. A ra\u00edz de este premio, le presentamos un v\u00eddeo donde se resumen los principales ejes de trabajo de este proyecto innovador. https:\/\/www.youtube.com\/embed\/zqh8QB-HsrY [&hellip;]","og_url":"https:\/\/aprimariavsg.com\/es\/eba-vallcarca-recibe-el-premio-chiesi-en-innovacion-sanitaria\/","og_site_name":"Atenci\u00f3 Prim\u00e0ria Vallcarca - Sant Gervasi","article_publisher":"https:\/\/www.facebook.com\/aprimariavsg\/","article_published_time":"2015-07-15T08:01:00+00:00","article_modified_time":"2023-10-25T13:30:28+00:00","og_image":[{"width":1024,"height":580,"url":"https:\/\/aprimariavsg.com\/wp-content\/uploads\/2015\/07\/Dr-Lluis-Gracia-EBA-Vallcarca-Sant-Gervasi-1024x580-1.jpg","type":"image\/jpeg"}],"author":"Atenci\u00f3 Prim\u00e0ria Vallcarca - Sant Gervasi","twitter_card":"summary_large_image","twitter_creator":"@aprimariavsg","twitter_site":"@aprimariavsg","twitter_misc":{"Escrito por":"Atenci\u00f3 Prim\u00e0ria Vallcarca - Sant Gervasi","Tiempo de lectura":"1 minuto"},"schema":{"@context":"https:\/\/schema.org","@graph":[{"@type":"Article","@id":"https:\/\/aprimariavsg.com\/es\/eba-vallcarca-recibe-el-premio-chiesi-en-innovacion-sanitaria\/#article","isPartOf":{"@id":"https:\/\/aprimariavsg.com\/es\/eba-vallcarca-recibe-el-premio-chiesi-en-innovacion-sanitaria\/"},"author":{"name":"Atenci\u00f3 Prim\u00e0ria Vallcarca - Sant Gervasi","@id":"https:\/\/aprimariavsg.com\/es\/#\/schema\/person\/8520fba4177df181edc61ee0a8a4f3cd"},"headline":"EBA Vallcarca recibe el premio Chiesi en Innovaci\u00f3n Sanitaria","datePublished":"2015-07-15T08:01:00+00:00","dateModified":"2023-10-25T13:30:28+00:00","mainEntityOfPage":{"@id":"https:\/\/aprimariavsg.com\/es\/eba-vallcarca-recibe-el-premio-chiesi-en-innovacion-sanitaria\/"},"wordCount":304,"publisher":{"@id":"https:\/\/aprimariavsg.com\/es\/#organization"},"image":{"@id":"https:\/\/aprimariavsg.com\/es\/eba-vallcarca-recibe-el-premio-chiesi-en-innovacion-sanitaria\/#primaryimage"},"thumbnailUrl":"https:\/\/aprimariavsg.com\/wp-content\/uploads\/2015\/07\/Dr-Lluis-Gracia-EBA-Vallcarca-Sant-Gervasi-1024x580-1.jpg","keywords":["@catal\u00e1n","Premios y reconocimientos"],"articleSection":["Comunicaci\u00f3n","Premios y reconocimientos"],"inLanguage":"es"},{"@type":"WebPage","@id":"https:\/\/aprimariavsg.com\/es\/eba-vallcarca-recibe-el-premio-chiesi-en-innovacion-sanitaria\/","url":"https:\/\/aprimariavsg.com\/es\/eba-vallcarca-recibe-el-premio-chiesi-en-innovacion-sanitaria\/","name":"EBA Vallcarca recibe el premio Chiesi en Innovaci\u00f3n Sanitaria - Atenci\u00f3 Prim\u00e0ria Vallcarca - Sant Gervasi","isPartOf":{"@id":"https:\/\/aprimariavsg.com\/es\/#website"},"primaryImageOfPage":{"@id":"https:\/\/aprimariavsg.com\/es\/eba-vallcarca-recibe-el-premio-chiesi-en-innovacion-sanitaria\/#primaryimage"},"image":{"@id":"https:\/\/aprimariavsg.com\/es\/eba-vallcarca-recibe-el-premio-chiesi-en-innovacion-sanitaria\/#primaryimage"},"thumbnailUrl":"https:\/\/aprimariavsg.com\/wp-content\/uploads\/2015\/07\/Dr-Lluis-Gracia-EBA-Vallcarca-Sant-Gervasi-1024x580-1.jpg","datePublished":"2015-07-15T08:01:00+00:00","dateModified":"2023-10-25T13:30:28+00:00","breadcrumb":{"@id":"https:\/\/aprimariavsg.com\/es\/eba-vallcarca-recibe-el-premio-chiesi-en-innovacion-sanitaria\/#breadcrumb"},"inLanguage":"es","potentialAction":[{"@type":"ReadAction","target":["https:\/\/aprimariavsg.com\/es\/eba-vallcarca-recibe-el-premio-chiesi-en-innovacion-sanitaria\/"]}]},{"@type":"ImageObject","inLanguage":"es","@id":"https:\/\/aprimariavsg.com\/es\/eba-vallcarca-recibe-el-premio-chiesi-en-innovacion-sanitaria\/#primaryimage","url":"https:\/\/aprimariavsg.com\/wp-content\/uploads\/2015\/07\/Dr-Lluis-Gracia-EBA-Vallcarca-Sant-Gervasi-1024x580-1.jpg","contentUrl":"https:\/\/aprimariavsg.com\/wp-content\/uploads\/2015\/07\/Dr-Lluis-Gracia-EBA-Vallcarca-Sant-Gervasi-1024x580-1.jpg","width":1024,"height":580},{"@type":"BreadcrumbList","@id":"https:\/\/aprimariavsg.com\/es\/eba-vallcarca-recibe-el-premio-chiesi-en-innovacion-sanitaria\/#breadcrumb","itemListElement":[{"@type":"ListItem","position":1,"name":"Inici","item":"https:\/\/aprimariavsg.com\/es\/"},{"@type":"ListItem","position":2,"name":"EBA Vallcarca recibe el premio Chiesi en Innovaci\u00f3n Sanitaria"}]},{"@type":"WebSite","@id":"https:\/\/aprimariavsg.com\/es\/#website","url":"https:\/\/aprimariavsg.com\/es\/","name":"Atenci\u00f3 Prim\u00e0ria Vallcarca - Sant Gervasi","description":"Cap Atenci\u00f3 Prim\u00e0ria","publisher":{"@id":"https:\/\/aprimariavsg.com\/es\/#organization"},"potentialAction":[{"@type":"SearchAction","target":{"@type":"EntryPoint","urlTemplate":"https:\/\/aprimariavsg.com\/es\/?s={search_term_string}"},"query-input":{"@type":"PropertyValueSpecification","valueRequired":true,"valueName":"search_term_string"}}],"inLanguage":"es"},{"@type":"Organization","@id":"https:\/\/aprimariavsg.com\/es\/#organization","name":"Atenci\u00f3 Prim\u00e0ria Vallcarca - Sant Gervasi","url":"https:\/\/aprimariavsg.com\/es\/","logo":{"@type":"ImageObject","inLanguage":"es","@id":"https:\/\/aprimariavsg.com\/es\/#\/schema\/logo\/image\/","url":"https:\/\/aprimariavsg.com\/wp-content\/uploads\/2021\/05\/APVSG_logo-horitzontal.png","contentUrl":"https:\/\/aprimariavsg.com\/wp-content\/uploads\/2021\/05\/APVSG_logo-horitzontal.png","width":816,"height":175,"caption":"Atenci\u00f3 Prim\u00e0ria Vallcarca - Sant Gervasi"},"image":{"@id":"https:\/\/aprimariavsg.com\/es\/#\/schema\/logo\/image\/"},"sameAs":["https:\/\/www.facebook.com\/aprimariavsg\/","https:\/\/x.com\/aprimariavsg","https:\/\/www.youtube.com\/user\/aprimariavsg"]},{"@type":"Person","@id":"https:\/\/aprimariavsg.com\/es\/#\/schema\/person\/8520fba4177df181edc61ee0a8a4f3cd","name":"Atenci\u00f3 Prim\u00e0ria Vallcarca - Sant Gervasi","sameAs":["https:\/\/aprimariavsg.com"],"url":"https:\/\/aprimariavsg.com\/es\/author\/narrowcasting\/"}]}},"_links":{"self":[{"href":"https:\/\/aprimariavsg.com\/es\/wp-json\/wp\/v2\/posts\/96238","targetHints":{"allow":["GET"]}}],"collection":[{"href":"https:\/\/aprimariavsg.com\/es\/wp-json\/wp\/v2\/posts"}],"about":[{"href":"https:\/\/aprimariavsg.com\/es\/wp-json\/wp\/v2\/types\/post"}],"author":[{"embeddable":true,"href":"https:\/\/aprimariavsg.com\/es\/wp-json\/wp\/v2\/users\/1"}],"replies":[{"embeddable":true,"href":"https:\/\/aprimariavsg.com\/es\/wp-json\/wp\/v2\/comments?post=96238"}],"version-history":[{"count":1,"href":"https:\/\/aprimariavsg.com\/es\/wp-json\/wp\/v2\/posts\/96238\/revisions"}],"predecessor-version":[{"id":102122,"href":"https:\/\/aprimariavsg.com\/es\/wp-json\/wp\/v2\/posts\/96238\/revisions\/102122"}],"wp:featuredmedia":[{"embeddable":true,"href":"https:\/\/aprimariavsg.com\/es\/wp-json\/wp\/v2\/media\/95268"}],"wp:attachment":[{"href":"https:\/\/aprimariavsg.com\/es\/wp-json\/wp\/v2\/media?parent=96238"}],"wp:term":[{"taxonomy":"category","embeddable":true,"href":"https:\/\/aprimariavsg.com\/es\/wp-json\/wp\/v2\/categories?post=96238"},{"taxonomy":"post_tag","embeddable":true,"href":"https:\/\/aprimariavsg.com\/es\/wp-json\/wp\/v2\/tags?post=96238"}],"curies":[{"name":"wp","href":"https:\/\/api.w.org\/{rel}","templated":true}]}}