{"id":96219,"date":"2022-04-08T11:46:59","date_gmt":"2022-04-08T11:46:59","guid":{"rendered":"https:\/\/aprimariavsg.com\/actividad-marcha-nordica\/"},"modified":"2022-10-17T11:41:17","modified_gmt":"2022-10-17T11:41:17","slug":"actividad-marcha-nordica","status":"publish","type":"post","link":"https:\/\/aprimariavsg.com\/es\/actividad-marcha-nordica\/","title":{"rendered":"Actividad Marcha N\u00f3rdica"},"content":{"rendered":"<p>&nbsp;<\/p>\n<p>El pasado mi\u00e9rcoles 6 de abril, para conmemorar el d\u00eda internacional de la Actividad F\u00edsica, desde el CAP se organiz\u00f3 una actividad de marcha n\u00f3rdica.<\/p>\n<p>Con la colaboraci\u00f3n de los compa\u00f1eros del Parque Sanitario Pere Virgili y del Consorcio Sanitario de Barcelona, se realiz\u00f3 un recorrido por la zona de Vallcarca en el que, adem\u00e1s de los profesionales, contamos con la participaci\u00f3n de algunas personas usuarias.<\/p>\n<p>Esta iniciativa, motivada por el gobierno para combatir el sedentarismo, ha podido realizarse por primera vez este a\u00f1o, despu\u00e9s de quedar parada durante dos a\u00f1os debido a la pandemia.<\/p>\n<p>&nbsp;<\/p>\n<p><img decoding=\"async\" class=\"\\\" wp-image-84895=\"\" alignnone=\"\" src=\"%5C%22https:\/\/aprimariavsg.com\/wp-content\/uploads\/2022\/04\/Circuit-5.png%5C%22\" alt=\"\\\"\\\"\" width=\"\\\"642\\\"\" height=\"\\\"428\\\"\" srcset=\"https:\/\/aprimariavsg.com\/wp-content\/uploads\/2022\/04\/Circuit-5.png 2256w, https:\/\/aprimariavsg.com\/wp-content\/uploads\/2022\/04\/Circuit-5-300x200.png 300w, https:\/\/aprimariavsg.com\/wp-content\/uploads\/2022\/04\/Circuit-5-1024x683.png 1024w, https:\/\/aprimariavsg.com\/wp-content\/uploads\/2022\/04\/Circuit-5-768x512.png 768w, https:\/\/aprimariavsg.com\/wp-content\/uploads\/2022\/04\/Circuit-5-1536x1024.png 1536w, https:\/\/aprimariavsg.com\/wp-content\/uploads\/2022\/04\/Circuit-5-2048x1365.png 2048w\" sizes=\"(max-width: 2256px) 100vw, 2256px\" \/> <img decoding=\"async\" class=\"\\\" wp-image-84893=\"\" alignnone=\"\" src=\"%5C%22https:\/\/aprimariavsg.com\/wp-content\/uploads\/2022\/04\/Circuit-3.png%5C%22\" alt=\"\\\"\\\"\" width=\"\\\"285\\\"\" height=\"\\\"428\\\"\" srcset=\"https:\/\/aprimariavsg.com\/wp-content\/uploads\/2022\/04\/Circuit-3.png 1504w, https:\/\/aprimariavsg.com\/wp-content\/uploads\/2022\/04\/Circuit-3-200x300.png 200w, https:\/\/aprimariavsg.com\/wp-content\/uploads\/2022\/04\/Circuit-3-683x1024.png 683w, https:\/\/aprimariavsg.com\/wp-content\/uploads\/2022\/04\/Circuit-3-768x1152.png 768w, https:\/\/aprimariavsg.com\/wp-content\/uploads\/2022\/04\/Circuit-3-1024x1536.png 1024w, https:\/\/aprimariavsg.com\/wp-content\/uploads\/2022\/04\/Circuit-3-1365x2048.png 1365w\" sizes=\"(max-width: 1504px) 100vw, 1504px\" \/><\/p>\n","protected":false},"excerpt":{"rendered":"<p>&nbsp; El pasado mi\u00e9rcoles 6 de abril, para conmemorar el d\u00eda internacional de la Actividad F\u00edsica, desde el CAP se organiz\u00f3 una actividad de marcha n\u00f3rdica. Con la colaboraci\u00f3n de los compa\u00f1eros del Parque Sanitario Pere Virgili y del Consorcio Sanitario de Barcelona, se realiz\u00f3 un recorrido por la zona de Vallcarca en el que, [&hellip;]<\/p>\n","protected":false},"author":1,"featured_media":95112,"comment_status":"closed","ping_status":"closed","sticky":false,"template":"","format":"standard","meta":{"site-sidebar-layout":"default","site-content-layout":"","ast-site-content-layout":"default","site-content-style":"default","site-sidebar-style":"default","ast-global-header-display":"","ast-banner-title-visibility":"","ast-main-header-display":"","ast-hfb-above-header-display":"","ast-hfb-below-header-display":"","ast-hfb-mobile-header-display":"","site-post-title":"","ast-breadcrumbs-content":"","ast-featured-img":"","footer-sml-layout":"","ast-disable-related-posts":"","theme-transparent-header-meta":"","adv-header-id-meta":"","stick-header-meta":"","header-above-stick-meta":"","header-main-stick-meta":"","header-below-stick-meta":"","astra-migrate-meta-layouts":"default","ast-page-background-enabled":"default","ast-page-background-meta":{"desktop":{"background-color":"","background-image":"","background-repeat":"repeat","background-position":"center center","background-size":"auto","background-attachment":"scroll","background-type":"","background-media":"","overlay-type":"","overlay-color":"","overlay-opacity":"","overlay-gradient":""},"tablet":{"background-color":"","background-image":"","background-repeat":"repeat","background-position":"center center","background-size":"auto","background-attachment":"scroll","background-type":"","background-media":"","overlay-type":"","overlay-color":"","overlay-opacity":"","overlay-gradient":""},"mobile":{"background-color":"","background-image":"","background-repeat":"repeat","background-position":"center center","background-size":"auto","background-attachment":"scroll","background-type":"","background-media":"","overlay-type":"","overlay-color":"","overlay-opacity":"","overlay-gradient":""}},"ast-content-background-meta":{"desktop":{"background-color":"var(--ast-global-color-5)","background-image":"","background-repeat":"repeat","background-position":"center center","background-size":"auto","background-attachment":"scroll","background-type":"","background-media":"","overlay-type":"","overlay-color":"","overlay-opacity":"","overlay-gradient":""},"tablet":{"background-color":"var(--ast-global-color-5)","background-image":"","background-repeat":"repeat","background-position":"center center","background-size":"auto","background-attachment":"scroll","background-type":"","background-media":"","overlay-type":"","overlay-color":"","overlay-opacity":"","overlay-gradient":""},"mobile":{"background-color":"var(--ast-global-color-5)","background-image":"","background-repeat":"repeat","background-position":"center center","background-size":"auto","background-attachment":"scroll","background-type":"","background-media":"","overlay-type":"","overlay-color":"","overlay-opacity":"","overlay-gradient":""}},"footnotes":""},"categories":[1],"tags":[327,339,340,353,401,441],"class_list":["post-96219","post","type-post","status-publish","format-standard","has-post-thumbnail","hentry","category-uncategorized-ca","tag-catalan","tag-vallcarca-es-2","tag-salud-comunitaria","tag-atencion-primaria","tag-actividad-fisica","tag-catala-es"],"yoast_head":"<!-- This site is optimized with the Yoast SEO plugin v27.5 - https:\/\/yoast.com\/product\/yoast-seo-wordpress\/ -->\n<title>Actividad Marcha N\u00f3rdica - Atenci\u00f3 Prim\u00e0ria Vallcarca - Sant Gervasi<\/title>\n<meta name=\"robots\" content=\"index, follow, max-snippet:-1, max-image-preview:large, max-video-preview:-1\" \/>\n<link rel=\"canonical\" href=\"https:\/\/aprimariavsg.com\/es\/actividad-marcha-nordica\/\" \/>\n<meta property=\"og:locale\" content=\"es_ES\" \/>\n<meta property=\"og:type\" content=\"article\" \/>\n<meta property=\"og:title\" content=\"Actividad Marcha N\u00f3rdica - Atenci\u00f3 Prim\u00e0ria Vallcarca - Sant Gervasi\" \/>\n<meta property=\"og:description\" content=\"&nbsp; El pasado mi\u00e9rcoles 6 de abril, para conmemorar el d\u00eda internacional de la Actividad F\u00edsica, desde el CAP se organiz\u00f3 una actividad de marcha n\u00f3rdica. Con la colaboraci\u00f3n de los compa\u00f1eros del Parque Sanitario Pere Virgili y del Consorcio Sanitario de Barcelona, se realiz\u00f3 un recorrido por la zona de Vallcarca en el que, [&hellip;]\" \/>\n<meta property=\"og:url\" content=\"https:\/\/aprimariavsg.com\/es\/actividad-marcha-nordica\/\" \/>\n<meta property=\"og:site_name\" content=\"Atenci\u00f3 Prim\u00e0ria Vallcarca - Sant Gervasi\" \/>\n<meta property=\"article:publisher\" content=\"https:\/\/www.facebook.com\/aprimariavsg\/\" \/>\n<meta property=\"article:published_time\" content=\"2022-04-08T11:46:59+00:00\" \/>\n<meta property=\"article:modified_time\" content=\"2022-10-17T11:41:17+00:00\" \/>\n<meta property=\"og:image\" content=\"https:\/\/aprimariavsg.com\/wp-content\/uploads\/2022\/04\/dia-mundial-activitat-fisica-blau-724x1024.png\" \/>\n\t<meta property=\"og:image:width\" content=\"724\" \/>\n\t<meta property=\"og:image:height\" content=\"1024\" \/>\n\t<meta property=\"og:image:type\" content=\"image\/png\" \/>\n<meta name=\"author\" content=\"Atenci\u00f3 Prim\u00e0ria Vallcarca - Sant Gervasi\" \/>\n<meta name=\"twitter:card\" content=\"summary_large_image\" \/>\n<meta name=\"twitter:creator\" content=\"@aprimariavsg\" \/>\n<meta name=\"twitter:site\" content=\"@aprimariavsg\" \/>\n<meta name=\"twitter:label1\" content=\"Escrito por\" \/>\n\t<meta name=\"twitter:data1\" content=\"Atenci\u00f3 Prim\u00e0ria Vallcarca - Sant Gervasi\" \/>\n\t<meta name=\"twitter:label2\" content=\"Tiempo de lectura\" \/>\n\t<meta name=\"twitter:data2\" content=\"1 minuto\" \/>\n<script type=\"application\/ld+json\" class=\"yoast-schema-graph\">{\"@context\":\"https:\\\/\\\/schema.org\",\"@graph\":[{\"@type\":\"Article\",\"@id\":\"https:\\\/\\\/aprimariavsg.com\\\/es\\\/actividad-marcha-nordica\\\/#article\",\"isPartOf\":{\"@id\":\"https:\\\/\\\/aprimariavsg.com\\\/es\\\/actividad-marcha-nordica\\\/\"},\"author\":{\"name\":\"Atenci\u00f3 Prim\u00e0ria Vallcarca - Sant Gervasi\",\"@id\":\"https:\\\/\\\/aprimariavsg.com\\\/es\\\/#\\\/schema\\\/person\\\/8520fba4177df181edc61ee0a8a4f3cd\"},\"headline\":\"Actividad Marcha N\u00f3rdica\",\"datePublished\":\"2022-04-08T11:46:59+00:00\",\"dateModified\":\"2022-10-17T11:41:17+00:00\",\"mainEntityOfPage\":{\"@id\":\"https:\\\/\\\/aprimariavsg.com\\\/es\\\/actividad-marcha-nordica\\\/\"},\"wordCount\":111,\"publisher\":{\"@id\":\"https:\\\/\\\/aprimariavsg.com\\\/es\\\/#organization\"},\"image\":{\"@id\":\"https:\\\/\\\/aprimariavsg.com\\\/es\\\/actividad-marcha-nordica\\\/#primaryimage\"},\"thumbnailUrl\":\"https:\\\/\\\/aprimariavsg.com\\\/wp-content\\\/uploads\\\/2022\\\/04\\\/dia-mundial-activitat-fisica-blau.png\",\"keywords\":[\"@catal\u00e1n\",\"Vallcarca\",\"Salud comunitaria\",\"atenci\u00f3n primaria\",\"Actividad f\u00edsica\",\"@catal\u00e0\"],\"articleSection\":[\"Uncategorized @ca\"],\"inLanguage\":\"es\"},{\"@type\":\"WebPage\",\"@id\":\"https:\\\/\\\/aprimariavsg.com\\\/es\\\/actividad-marcha-nordica\\\/\",\"url\":\"https:\\\/\\\/aprimariavsg.com\\\/es\\\/actividad-marcha-nordica\\\/\",\"name\":\"Actividad Marcha N\u00f3rdica - Atenci\u00f3 Prim\u00e0ria Vallcarca - Sant Gervasi\",\"isPartOf\":{\"@id\":\"https:\\\/\\\/aprimariavsg.com\\\/es\\\/#website\"},\"primaryImageOfPage\":{\"@id\":\"https:\\\/\\\/aprimariavsg.com\\\/es\\\/actividad-marcha-nordica\\\/#primaryimage\"},\"image\":{\"@id\":\"https:\\\/\\\/aprimariavsg.com\\\/es\\\/actividad-marcha-nordica\\\/#primaryimage\"},\"thumbnailUrl\":\"https:\\\/\\\/aprimariavsg.com\\\/wp-content\\\/uploads\\\/2022\\\/04\\\/dia-mundial-activitat-fisica-blau.png\",\"datePublished\":\"2022-04-08T11:46:59+00:00\",\"dateModified\":\"2022-10-17T11:41:17+00:00\",\"breadcrumb\":{\"@id\":\"https:\\\/\\\/aprimariavsg.com\\\/es\\\/actividad-marcha-nordica\\\/#breadcrumb\"},\"inLanguage\":\"es\",\"potentialAction\":[{\"@type\":\"ReadAction\",\"target\":[\"https:\\\/\\\/aprimariavsg.com\\\/es\\\/actividad-marcha-nordica\\\/\"]}]},{\"@type\":\"ImageObject\",\"inLanguage\":\"es\",\"@id\":\"https:\\\/\\\/aprimariavsg.com\\\/es\\\/actividad-marcha-nordica\\\/#primaryimage\",\"url\":\"https:\\\/\\\/aprimariavsg.com\\\/wp-content\\\/uploads\\\/2022\\\/04\\\/dia-mundial-activitat-fisica-blau.png\",\"contentUrl\":\"https:\\\/\\\/aprimariavsg.com\\\/wp-content\\\/uploads\\\/2022\\\/04\\\/dia-mundial-activitat-fisica-blau.png\",\"width\":2480,\"height\":3509},{\"@type\":\"BreadcrumbList\",\"@id\":\"https:\\\/\\\/aprimariavsg.com\\\/es\\\/actividad-marcha-nordica\\\/#breadcrumb\",\"itemListElement\":[{\"@type\":\"ListItem\",\"position\":1,\"name\":\"Inici\",\"item\":\"https:\\\/\\\/aprimariavsg.com\\\/es\\\/\"},{\"@type\":\"ListItem\",\"position\":2,\"name\":\"Actividad Marcha N\u00f3rdica\"}]},{\"@type\":\"WebSite\",\"@id\":\"https:\\\/\\\/aprimariavsg.com\\\/es\\\/#website\",\"url\":\"https:\\\/\\\/aprimariavsg.com\\\/es\\\/\",\"name\":\"Atenci\u00f3 Prim\u00e0ria Vallcarca - Sant Gervasi\",\"description\":\"Cap Atenci\u00f3 Prim\u00e0ria\",\"publisher\":{\"@id\":\"https:\\\/\\\/aprimariavsg.com\\\/es\\\/#organization\"},\"potentialAction\":[{\"@type\":\"SearchAction\",\"target\":{\"@type\":\"EntryPoint\",\"urlTemplate\":\"https:\\\/\\\/aprimariavsg.com\\\/es\\\/?s={search_term_string}\"},\"query-input\":{\"@type\":\"PropertyValueSpecification\",\"valueRequired\":true,\"valueName\":\"search_term_string\"}}],\"inLanguage\":\"es\"},{\"@type\":\"Organization\",\"@id\":\"https:\\\/\\\/aprimariavsg.com\\\/es\\\/#organization\",\"name\":\"Atenci\u00f3 Prim\u00e0ria Vallcarca - Sant Gervasi\",\"url\":\"https:\\\/\\\/aprimariavsg.com\\\/es\\\/\",\"logo\":{\"@type\":\"ImageObject\",\"inLanguage\":\"es\",\"@id\":\"https:\\\/\\\/aprimariavsg.com\\\/es\\\/#\\\/schema\\\/logo\\\/image\\\/\",\"url\":\"https:\\\/\\\/aprimariavsg.com\\\/wp-content\\\/uploads\\\/2021\\\/05\\\/APVSG_logo-horitzontal.png\",\"contentUrl\":\"https:\\\/\\\/aprimariavsg.com\\\/wp-content\\\/uploads\\\/2021\\\/05\\\/APVSG_logo-horitzontal.png\",\"width\":816,\"height\":175,\"caption\":\"Atenci\u00f3 Prim\u00e0ria Vallcarca - Sant Gervasi\"},\"image\":{\"@id\":\"https:\\\/\\\/aprimariavsg.com\\\/es\\\/#\\\/schema\\\/logo\\\/image\\\/\"},\"sameAs\":[\"https:\\\/\\\/www.facebook.com\\\/aprimariavsg\\\/\",\"https:\\\/\\\/x.com\\\/aprimariavsg\",\"https:\\\/\\\/www.youtube.com\\\/user\\\/aprimariavsg\"]},{\"@type\":\"Person\",\"@id\":\"https:\\\/\\\/aprimariavsg.com\\\/es\\\/#\\\/schema\\\/person\\\/8520fba4177df181edc61ee0a8a4f3cd\",\"name\":\"Atenci\u00f3 Prim\u00e0ria Vallcarca - Sant Gervasi\",\"sameAs\":[\"https:\\\/\\\/aprimariavsg.com\"],\"url\":\"https:\\\/\\\/aprimariavsg.com\\\/es\\\/author\\\/narrowcasting\\\/\"}]}<\/script>\n<!-- \/ Yoast SEO plugin. -->","yoast_head_json":{"title":"Actividad Marcha N\u00f3rdica - Atenci\u00f3 Prim\u00e0ria Vallcarca - Sant Gervasi","robots":{"index":"index","follow":"follow","max-snippet":"max-snippet:-1","max-image-preview":"max-image-preview:large","max-video-preview":"max-video-preview:-1"},"canonical":"https:\/\/aprimariavsg.com\/es\/actividad-marcha-nordica\/","og_locale":"es_ES","og_type":"article","og_title":"Actividad Marcha N\u00f3rdica - Atenci\u00f3 Prim\u00e0ria Vallcarca - Sant Gervasi","og_description":"&nbsp; El pasado mi\u00e9rcoles 6 de abril, para conmemorar el d\u00eda internacional de la Actividad F\u00edsica, desde el CAP se organiz\u00f3 una actividad de marcha n\u00f3rdica. Con la colaboraci\u00f3n de los compa\u00f1eros del Parque Sanitario Pere Virgili y del Consorcio Sanitario de Barcelona, se realiz\u00f3 un recorrido por la zona de Vallcarca en el que, [&hellip;]","og_url":"https:\/\/aprimariavsg.com\/es\/actividad-marcha-nordica\/","og_site_name":"Atenci\u00f3 Prim\u00e0ria Vallcarca - Sant Gervasi","article_publisher":"https:\/\/www.facebook.com\/aprimariavsg\/","article_published_time":"2022-04-08T11:46:59+00:00","article_modified_time":"2022-10-17T11:41:17+00:00","og_image":[{"width":724,"height":1024,"url":"https:\/\/aprimariavsg.com\/wp-content\/uploads\/2022\/04\/dia-mundial-activitat-fisica-blau-724x1024.png","type":"image\/png"}],"author":"Atenci\u00f3 Prim\u00e0ria Vallcarca - Sant Gervasi","twitter_card":"summary_large_image","twitter_creator":"@aprimariavsg","twitter_site":"@aprimariavsg","twitter_misc":{"Escrito por":"Atenci\u00f3 Prim\u00e0ria Vallcarca - Sant Gervasi","Tiempo de lectura":"1 minuto"},"schema":{"@context":"https:\/\/schema.org","@graph":[{"@type":"Article","@id":"https:\/\/aprimariavsg.com\/es\/actividad-marcha-nordica\/#article","isPartOf":{"@id":"https:\/\/aprimariavsg.com\/es\/actividad-marcha-nordica\/"},"author":{"name":"Atenci\u00f3 Prim\u00e0ria Vallcarca - Sant Gervasi","@id":"https:\/\/aprimariavsg.com\/es\/#\/schema\/person\/8520fba4177df181edc61ee0a8a4f3cd"},"headline":"Actividad Marcha N\u00f3rdica","datePublished":"2022-04-08T11:46:59+00:00","dateModified":"2022-10-17T11:41:17+00:00","mainEntityOfPage":{"@id":"https:\/\/aprimariavsg.com\/es\/actividad-marcha-nordica\/"},"wordCount":111,"publisher":{"@id":"https:\/\/aprimariavsg.com\/es\/#organization"},"image":{"@id":"https:\/\/aprimariavsg.com\/es\/actividad-marcha-nordica\/#primaryimage"},"thumbnailUrl":"https:\/\/aprimariavsg.com\/wp-content\/uploads\/2022\/04\/dia-mundial-activitat-fisica-blau.png","keywords":["@catal\u00e1n","Vallcarca","Salud comunitaria","atenci\u00f3n primaria","Actividad f\u00edsica","@catal\u00e0"],"articleSection":["Uncategorized @ca"],"inLanguage":"es"},{"@type":"WebPage","@id":"https:\/\/aprimariavsg.com\/es\/actividad-marcha-nordica\/","url":"https:\/\/aprimariavsg.com\/es\/actividad-marcha-nordica\/","name":"Actividad Marcha N\u00f3rdica - Atenci\u00f3 Prim\u00e0ria Vallcarca - Sant Gervasi","isPartOf":{"@id":"https:\/\/aprimariavsg.com\/es\/#website"},"primaryImageOfPage":{"@id":"https:\/\/aprimariavsg.com\/es\/actividad-marcha-nordica\/#primaryimage"},"image":{"@id":"https:\/\/aprimariavsg.com\/es\/actividad-marcha-nordica\/#primaryimage"},"thumbnailUrl":"https:\/\/aprimariavsg.com\/wp-content\/uploads\/2022\/04\/dia-mundial-activitat-fisica-blau.png","datePublished":"2022-04-08T11:46:59+00:00","dateModified":"2022-10-17T11:41:17+00:00","breadcrumb":{"@id":"https:\/\/aprimariavsg.com\/es\/actividad-marcha-nordica\/#breadcrumb"},"inLanguage":"es","potentialAction":[{"@type":"ReadAction","target":["https:\/\/aprimariavsg.com\/es\/actividad-marcha-nordica\/"]}]},{"@type":"ImageObject","inLanguage":"es","@id":"https:\/\/aprimariavsg.com\/es\/actividad-marcha-nordica\/#primaryimage","url":"https:\/\/aprimariavsg.com\/wp-content\/uploads\/2022\/04\/dia-mundial-activitat-fisica-blau.png","contentUrl":"https:\/\/aprimariavsg.com\/wp-content\/uploads\/2022\/04\/dia-mundial-activitat-fisica-blau.png","width":2480,"height":3509},{"@type":"BreadcrumbList","@id":"https:\/\/aprimariavsg.com\/es\/actividad-marcha-nordica\/#breadcrumb","itemListElement":[{"@type":"ListItem","position":1,"name":"Inici","item":"https:\/\/aprimariavsg.com\/es\/"},{"@type":"ListItem","position":2,"name":"Actividad Marcha N\u00f3rdica"}]},{"@type":"WebSite","@id":"https:\/\/aprimariavsg.com\/es\/#website","url":"https:\/\/aprimariavsg.com\/es\/","name":"Atenci\u00f3 Prim\u00e0ria Vallcarca - Sant Gervasi","description":"Cap Atenci\u00f3 Prim\u00e0ria","publisher":{"@id":"https:\/\/aprimariavsg.com\/es\/#organization"},"potentialAction":[{"@type":"SearchAction","target":{"@type":"EntryPoint","urlTemplate":"https:\/\/aprimariavsg.com\/es\/?s={search_term_string}"},"query-input":{"@type":"PropertyValueSpecification","valueRequired":true,"valueName":"search_term_string"}}],"inLanguage":"es"},{"@type":"Organization","@id":"https:\/\/aprimariavsg.com\/es\/#organization","name":"Atenci\u00f3 Prim\u00e0ria Vallcarca - Sant Gervasi","url":"https:\/\/aprimariavsg.com\/es\/","logo":{"@type":"ImageObject","inLanguage":"es","@id":"https:\/\/aprimariavsg.com\/es\/#\/schema\/logo\/image\/","url":"https:\/\/aprimariavsg.com\/wp-content\/uploads\/2021\/05\/APVSG_logo-horitzontal.png","contentUrl":"https:\/\/aprimariavsg.com\/wp-content\/uploads\/2021\/05\/APVSG_logo-horitzontal.png","width":816,"height":175,"caption":"Atenci\u00f3 Prim\u00e0ria Vallcarca - Sant Gervasi"},"image":{"@id":"https:\/\/aprimariavsg.com\/es\/#\/schema\/logo\/image\/"},"sameAs":["https:\/\/www.facebook.com\/aprimariavsg\/","https:\/\/x.com\/aprimariavsg","https:\/\/www.youtube.com\/user\/aprimariavsg"]},{"@type":"Person","@id":"https:\/\/aprimariavsg.com\/es\/#\/schema\/person\/8520fba4177df181edc61ee0a8a4f3cd","name":"Atenci\u00f3 Prim\u00e0ria Vallcarca - Sant Gervasi","sameAs":["https:\/\/aprimariavsg.com"],"url":"https:\/\/aprimariavsg.com\/es\/author\/narrowcasting\/"}]}},"_links":{"self":[{"href":"https:\/\/aprimariavsg.com\/es\/wp-json\/wp\/v2\/posts\/96219","targetHints":{"allow":["GET"]}}],"collection":[{"href":"https:\/\/aprimariavsg.com\/es\/wp-json\/wp\/v2\/posts"}],"about":[{"href":"https:\/\/aprimariavsg.com\/es\/wp-json\/wp\/v2\/types\/post"}],"author":[{"embeddable":true,"href":"https:\/\/aprimariavsg.com\/es\/wp-json\/wp\/v2\/users\/1"}],"replies":[{"embeddable":true,"href":"https:\/\/aprimariavsg.com\/es\/wp-json\/wp\/v2\/comments?post=96219"}],"version-history":[{"count":0,"href":"https:\/\/aprimariavsg.com\/es\/wp-json\/wp\/v2\/posts\/96219\/revisions"}],"wp:featuredmedia":[{"embeddable":true,"href":"https:\/\/aprimariavsg.com\/es\/wp-json\/wp\/v2\/media\/95112"}],"wp:attachment":[{"href":"https:\/\/aprimariavsg.com\/es\/wp-json\/wp\/v2\/media?parent=96219"}],"wp:term":[{"taxonomy":"category","embeddable":true,"href":"https:\/\/aprimariavsg.com\/es\/wp-json\/wp\/v2\/categories?post=96219"},{"taxonomy":"post_tag","embeddable":true,"href":"https:\/\/aprimariavsg.com\/es\/wp-json\/wp\/v2\/tags?post=96219"}],"curies":[{"name":"wp","href":"https:\/\/api.w.org\/{rel}","templated":true}]}}