{"id":96190,"date":"2014-10-28T10:13:02","date_gmt":"2014-10-28T10:13:02","guid":{"rendered":"https:\/\/aprimariavsg.com\/premiada-la-busqueda-continua-de-la-excelencia-del-cap-vallcarca-sant-gervasi\/"},"modified":"2023-10-25T13:30:31","modified_gmt":"2023-10-25T13:30:31","slug":"premiada-la-busqueda-continua-de-la-excelencia-del-cap-vallcarca-sant-gervasi","status":"publish","type":"post","link":"https:\/\/aprimariavsg.com\/es\/premiada-la-busqueda-continua-de-la-excelencia-del-cap-vallcarca-sant-gervasi\/","title":{"rendered":"Premiada la b\u00fasqueda continua de la excelencia del CAP Vallcarca &#8211; Sant Gervasi"},"content":{"rendered":"<p>          <span style=\"\\\"color:\">El proyecto \u00abCentros en Transici\u00f3n\u00bb en el que participa EBA Vallcarca SLP ha sido galardonado con el premio nacional al \u201c <strong>Mejor trabajo realizado Gesti\u00f3n Sanitaria, relacionado con la Sostenibilidad del Sistema Sanitario Espa\u00f1ol 2014<\/strong> \u201d de la <a href=\"%5C%22http:\/\/www.fundacionabbott.es\/%5C%22\" target=\"\\\"_blank\\\"\">Fundaci\u00f3n Abbott<\/a> y de la <a href=\"%5C%22http:\/\/www.sedisa.net\/fundacion\/index.php%5C%22\" target=\"\\\"_blank\\\"\">Fundaci\u00f3n SEDISA<\/a> (Sociedad Espa\u00f1ola de Directivos de la Salud).<\/span><\/p>\n<p>          <span style=\"\\\"color:\">El premio se entreg\u00f3 en el marco de las <a href=\"%5C%22http:\/\/www.sedisa.net\/detallejornadas.php?id=52#content%5C%22\" target=\"\\\"_blank\\\"\">VII Jornadas Nacionales SEDISA<\/a> , celebradas el 9 y el 10 de octubre de 2014, donde se present\u00f3 la experiencia de EBA Vallcarca SLP con Centros en Transici\u00f3n. <\/span><\/p>\n<p>          <span style=\"\\\"color:\">Pese a ser unas jornadas dirigidas a profesionales del \u00e1mbito hospitalario, la iniciativa ha sido premiada por su apuesta por la mayor resoluci\u00f3n posible de las necesidades sanitarias de una forma m\u00e1s sostenible, efectiva, eficiente, equitativa y accesible.<\/span><\/p>\n<p>          <strong><br \/>\n            <span style=\"\\\"color:\">Inicio del proyecto<\/span><br \/>\n          <\/strong><\/p>\n<p>          <span style=\"\\\"color:\">A finales de 2013 EBA Vallcarca SLP inicia el proyecto Centros en Transici\u00f3n como un proceso de investigaci\u00f3n de la excelencia. El objetivo es un continuo incremento de la efectividad y la eficiencia, fundamentado en la modificaci\u00f3n del comportamiento asistencial, por medio del conocimiento. Para conseguirlo, se parte de un sistema de informaci\u00f3n que permite realizar un seguimiento de la actividad cl\u00ednica, respecto a la actividad esperada en funci\u00f3n de las caracter\u00edsticas de la poblaci\u00f3n asignada. <\/span><\/p>\n<p>          <span style=\"\\\"color:\">Asimismo, se realizan peri\u00f3dicamente reuniones con todos los estamentos, para redefinir el entorno de relaci\u00f3n dentro del equipo y para con nuestros pacientes.<br \/>\n<\/span><\/p>\n<p>          <strong><br \/>\n            <span style=\"\\\"color:\">\u00bfCu\u00e1l es la labor de EBA Vallcarca? <\/span><br \/>\n          <\/strong><\/p>\n<p>          <span style=\"\\\"color:\">EBA Vallcarca SLP asume desde 2003 la gesti\u00f3n de los Centros de Atenci\u00f3n Primaria de los barrios de Vallcarca y Sant Gervasi de Barcelona ciudad, con una poblaci\u00f3n de 56.000 habitantes. Durante estos 10 a\u00f1os la poblaci\u00f3n ha aumentado en edad y complejidad, lo que ha llevado al centro a introducir nuevas herramientas para adaptarse mejor a las necesidades de la poblaci\u00f3n.<\/span><\/p>\n","protected":false},"excerpt":{"rendered":"<p>El premio se entreg\u00f3 en el marco de las VII Jornadas Nacionales SEDISA , celebradas el 9 y el 10 de octubre de 2014, donde se present\u00f3 la experiencia de EBA Vallcarca SLP con Centros en Transici\u00f3n. Inicio del proyecto Asimismo, se realizan peri\u00f3dicamente reuniones con todos los estamentos, para redefinir el entorno de relaci\u00f3n [&hellip;]<\/p>\n","protected":false},"author":1,"featured_media":94707,"comment_status":"closed","ping_status":"closed","sticky":false,"template":"","format":"standard","meta":{"site-sidebar-layout":"default","site-content-layout":"default","ast-site-content-layout":"default","site-content-style":"default","site-sidebar-style":"default","ast-global-header-display":"","ast-banner-title-visibility":"","ast-main-header-display":"","ast-hfb-above-header-display":"","ast-hfb-below-header-display":"","ast-hfb-mobile-header-display":"","site-post-title":"","ast-breadcrumbs-content":"","ast-featured-img":"","footer-sml-layout":"","ast-disable-related-posts":"","theme-transparent-header-meta":"","adv-header-id-meta":"","stick-header-meta":"","header-above-stick-meta":"","header-main-stick-meta":"","header-below-stick-meta":"","astra-migrate-meta-layouts":"default","ast-page-background-enabled":"default","ast-page-background-meta":{"desktop":{"background-color":"","background-image":"","background-repeat":"repeat","background-position":"center center","background-size":"auto","background-attachment":"scroll","background-type":"","background-media":"","overlay-type":"","overlay-color":"","overlay-opacity":"","overlay-gradient":""},"tablet":{"background-color":"","background-image":"","background-repeat":"repeat","background-position":"center center","background-size":"auto","background-attachment":"scroll","background-type":"","background-media":"","overlay-type":"","overlay-color":"","overlay-opacity":"","overlay-gradient":""},"mobile":{"background-color":"","background-image":"","background-repeat":"repeat","background-position":"center center","background-size":"auto","background-attachment":"scroll","background-type":"","background-media":"","overlay-type":"","overlay-color":"","overlay-opacity":"","overlay-gradient":""}},"ast-content-background-meta":{"desktop":{"background-color":"var(--ast-global-color-5)","background-image":"","background-repeat":"repeat","background-position":"center center","background-size":"auto","background-attachment":"scroll","background-type":"","background-media":"","overlay-type":"","overlay-color":"","overlay-opacity":"","overlay-gradient":""},"tablet":{"background-color":"var(--ast-global-color-5)","background-image":"","background-repeat":"repeat","background-position":"center center","background-size":"auto","background-attachment":"scroll","background-type":"","background-media":"","overlay-type":"","overlay-color":"","overlay-opacity":"","overlay-gradient":""},"mobile":{"background-color":"var(--ast-global-color-5)","background-image":"","background-repeat":"repeat","background-position":"center center","background-size":"auto","background-attachment":"scroll","background-type":"","background-media":"","overlay-type":"","overlay-color":"","overlay-opacity":"","overlay-gradient":""}},"footnotes":""},"categories":[332,395,397],"tags":[87,327,396],"class_list":["post-96190","post","type-post","status-publish","format-standard","has-post-thumbnail","hentry","category-comunicacion-es","category-canal-paciente","category-premios-y-reconocimientos","tag-premios-y-reconocimientos","tag-catalan","tag-premios-y-reconocimientos-es"],"yoast_head":"<!-- This site is optimized with the Yoast SEO plugin v27.5 - https:\/\/yoast.com\/product\/yoast-seo-wordpress\/ -->\n<title>Premiada la b\u00fasqueda continua de la excelencia del CAP Vallcarca - Sant Gervasi - Atenci\u00f3 Prim\u00e0ria Vallcarca - Sant Gervasi<\/title>\n<meta name=\"robots\" content=\"index, follow, max-snippet:-1, max-image-preview:large, max-video-preview:-1\" \/>\n<link rel=\"canonical\" href=\"https:\/\/aprimariavsg.com\/es\/premiada-la-busqueda-continua-de-la-excelencia-del-cap-vallcarca-sant-gervasi\/\" \/>\n<meta property=\"og:locale\" content=\"es_ES\" \/>\n<meta property=\"og:type\" content=\"article\" \/>\n<meta property=\"og:title\" content=\"Premiada la b\u00fasqueda continua de la excelencia del CAP Vallcarca - Sant Gervasi - Atenci\u00f3 Prim\u00e0ria Vallcarca - Sant Gervasi\" \/>\n<meta property=\"og:description\" content=\"El premio se entreg\u00f3 en el marco de las VII Jornadas Nacionales SEDISA , celebradas el 9 y el 10 de octubre de 2014, donde se present\u00f3 la experiencia de EBA Vallcarca SLP con Centros en Transici\u00f3n. Inicio del proyecto Asimismo, se realizan peri\u00f3dicamente reuniones con todos los estamentos, para redefinir el entorno de relaci\u00f3n [&hellip;]\" \/>\n<meta property=\"og:url\" content=\"https:\/\/aprimariavsg.com\/es\/premiada-la-busqueda-continua-de-la-excelencia-del-cap-vallcarca-sant-gervasi\/\" \/>\n<meta property=\"og:site_name\" content=\"Atenci\u00f3 Prim\u00e0ria Vallcarca - Sant Gervasi\" \/>\n<meta property=\"article:publisher\" content=\"https:\/\/www.facebook.com\/aprimariavsg\/\" \/>\n<meta property=\"article:published_time\" content=\"2014-10-28T10:13:02+00:00\" \/>\n<meta property=\"article:modified_time\" content=\"2023-10-25T13:30:31+00:00\" \/>\n<meta property=\"og:image\" content=\"https:\/\/aprimariavsg.com\/wp-content\/uploads\/2014\/10\/centros-de-transicion.png\" \/>\n\t<meta property=\"og:image:width\" content=\"1070\" \/>\n\t<meta property=\"og:image:height\" content=\"638\" \/>\n\t<meta property=\"og:image:type\" content=\"image\/png\" \/>\n<meta name=\"author\" content=\"Atenci\u00f3 Prim\u00e0ria Vallcarca - Sant Gervasi\" \/>\n<meta name=\"twitter:card\" content=\"summary_large_image\" \/>\n<meta name=\"twitter:creator\" content=\"@aprimariavsg\" \/>\n<meta name=\"twitter:site\" content=\"@aprimariavsg\" \/>\n<meta name=\"twitter:label1\" content=\"Escrito por\" \/>\n\t<meta name=\"twitter:data1\" content=\"Atenci\u00f3 Prim\u00e0ria Vallcarca - Sant Gervasi\" \/>\n\t<meta name=\"twitter:label2\" content=\"Tiempo de lectura\" \/>\n\t<meta name=\"twitter:data2\" content=\"1 minuto\" \/>\n<script type=\"application\/ld+json\" class=\"yoast-schema-graph\">{\"@context\":\"https:\\\/\\\/schema.org\",\"@graph\":[{\"@type\":\"Article\",\"@id\":\"https:\\\/\\\/aprimariavsg.com\\\/es\\\/premiada-la-busqueda-continua-de-la-excelencia-del-cap-vallcarca-sant-gervasi\\\/#article\",\"isPartOf\":{\"@id\":\"https:\\\/\\\/aprimariavsg.com\\\/es\\\/premiada-la-busqueda-continua-de-la-excelencia-del-cap-vallcarca-sant-gervasi\\\/\"},\"author\":{\"name\":\"Atenci\u00f3 Prim\u00e0ria Vallcarca - Sant Gervasi\",\"@id\":\"https:\\\/\\\/aprimariavsg.com\\\/es\\\/#\\\/schema\\\/person\\\/8520fba4177df181edc61ee0a8a4f3cd\"},\"headline\":\"Premiada la b\u00fasqueda continua de la excelencia del CAP Vallcarca &#8211; Sant Gervasi\",\"datePublished\":\"2014-10-28T10:13:02+00:00\",\"dateModified\":\"2023-10-25T13:30:31+00:00\",\"mainEntityOfPage\":{\"@id\":\"https:\\\/\\\/aprimariavsg.com\\\/es\\\/premiada-la-busqueda-continua-de-la-excelencia-del-cap-vallcarca-sant-gervasi\\\/\"},\"wordCount\":141,\"publisher\":{\"@id\":\"https:\\\/\\\/aprimariavsg.com\\\/es\\\/#organization\"},\"image\":{\"@id\":\"https:\\\/\\\/aprimariavsg.com\\\/es\\\/premiada-la-busqueda-continua-de-la-excelencia-del-cap-vallcarca-sant-gervasi\\\/#primaryimage\"},\"thumbnailUrl\":\"https:\\\/\\\/aprimariavsg.com\\\/wp-content\\\/uploads\\\/2014\\\/10\\\/centros-de-transicion.png\",\"keywords\":[\"Premios y reconocimientos\",\"@catal\u00e1n\",\"Premios y reconocimientos\"],\"articleSection\":[\"Comunicaci\u00f3n\",\"Canal Paciente\",\"Premios y reconocimientos\"],\"inLanguage\":\"es\"},{\"@type\":\"WebPage\",\"@id\":\"https:\\\/\\\/aprimariavsg.com\\\/es\\\/premiada-la-busqueda-continua-de-la-excelencia-del-cap-vallcarca-sant-gervasi\\\/\",\"url\":\"https:\\\/\\\/aprimariavsg.com\\\/es\\\/premiada-la-busqueda-continua-de-la-excelencia-del-cap-vallcarca-sant-gervasi\\\/\",\"name\":\"Premiada la b\u00fasqueda continua de la excelencia del CAP Vallcarca - Sant Gervasi - Atenci\u00f3 Prim\u00e0ria Vallcarca - Sant Gervasi\",\"isPartOf\":{\"@id\":\"https:\\\/\\\/aprimariavsg.com\\\/es\\\/#website\"},\"primaryImageOfPage\":{\"@id\":\"https:\\\/\\\/aprimariavsg.com\\\/es\\\/premiada-la-busqueda-continua-de-la-excelencia-del-cap-vallcarca-sant-gervasi\\\/#primaryimage\"},\"image\":{\"@id\":\"https:\\\/\\\/aprimariavsg.com\\\/es\\\/premiada-la-busqueda-continua-de-la-excelencia-del-cap-vallcarca-sant-gervasi\\\/#primaryimage\"},\"thumbnailUrl\":\"https:\\\/\\\/aprimariavsg.com\\\/wp-content\\\/uploads\\\/2014\\\/10\\\/centros-de-transicion.png\",\"datePublished\":\"2014-10-28T10:13:02+00:00\",\"dateModified\":\"2023-10-25T13:30:31+00:00\",\"breadcrumb\":{\"@id\":\"https:\\\/\\\/aprimariavsg.com\\\/es\\\/premiada-la-busqueda-continua-de-la-excelencia-del-cap-vallcarca-sant-gervasi\\\/#breadcrumb\"},\"inLanguage\":\"es\",\"potentialAction\":[{\"@type\":\"ReadAction\",\"target\":[\"https:\\\/\\\/aprimariavsg.com\\\/es\\\/premiada-la-busqueda-continua-de-la-excelencia-del-cap-vallcarca-sant-gervasi\\\/\"]}]},{\"@type\":\"ImageObject\",\"inLanguage\":\"es\",\"@id\":\"https:\\\/\\\/aprimariavsg.com\\\/es\\\/premiada-la-busqueda-continua-de-la-excelencia-del-cap-vallcarca-sant-gervasi\\\/#primaryimage\",\"url\":\"https:\\\/\\\/aprimariavsg.com\\\/wp-content\\\/uploads\\\/2014\\\/10\\\/centros-de-transicion.png\",\"contentUrl\":\"https:\\\/\\\/aprimariavsg.com\\\/wp-content\\\/uploads\\\/2014\\\/10\\\/centros-de-transicion.png\",\"width\":1070,\"height\":638},{\"@type\":\"BreadcrumbList\",\"@id\":\"https:\\\/\\\/aprimariavsg.com\\\/es\\\/premiada-la-busqueda-continua-de-la-excelencia-del-cap-vallcarca-sant-gervasi\\\/#breadcrumb\",\"itemListElement\":[{\"@type\":\"ListItem\",\"position\":1,\"name\":\"Inici\",\"item\":\"https:\\\/\\\/aprimariavsg.com\\\/es\\\/\"},{\"@type\":\"ListItem\",\"position\":2,\"name\":\"Premiada la b\u00fasqueda continua de la excelencia del CAP Vallcarca &#8211; Sant Gervasi\"}]},{\"@type\":\"WebSite\",\"@id\":\"https:\\\/\\\/aprimariavsg.com\\\/es\\\/#website\",\"url\":\"https:\\\/\\\/aprimariavsg.com\\\/es\\\/\",\"name\":\"Atenci\u00f3 Prim\u00e0ria Vallcarca - Sant Gervasi\",\"description\":\"Cap Atenci\u00f3 Prim\u00e0ria\",\"publisher\":{\"@id\":\"https:\\\/\\\/aprimariavsg.com\\\/es\\\/#organization\"},\"potentialAction\":[{\"@type\":\"SearchAction\",\"target\":{\"@type\":\"EntryPoint\",\"urlTemplate\":\"https:\\\/\\\/aprimariavsg.com\\\/es\\\/?s={search_term_string}\"},\"query-input\":{\"@type\":\"PropertyValueSpecification\",\"valueRequired\":true,\"valueName\":\"search_term_string\"}}],\"inLanguage\":\"es\"},{\"@type\":\"Organization\",\"@id\":\"https:\\\/\\\/aprimariavsg.com\\\/es\\\/#organization\",\"name\":\"Atenci\u00f3 Prim\u00e0ria Vallcarca - Sant Gervasi\",\"url\":\"https:\\\/\\\/aprimariavsg.com\\\/es\\\/\",\"logo\":{\"@type\":\"ImageObject\",\"inLanguage\":\"es\",\"@id\":\"https:\\\/\\\/aprimariavsg.com\\\/es\\\/#\\\/schema\\\/logo\\\/image\\\/\",\"url\":\"https:\\\/\\\/aprimariavsg.com\\\/wp-content\\\/uploads\\\/2021\\\/05\\\/APVSG_logo-horitzontal.png\",\"contentUrl\":\"https:\\\/\\\/aprimariavsg.com\\\/wp-content\\\/uploads\\\/2021\\\/05\\\/APVSG_logo-horitzontal.png\",\"width\":816,\"height\":175,\"caption\":\"Atenci\u00f3 Prim\u00e0ria Vallcarca - Sant Gervasi\"},\"image\":{\"@id\":\"https:\\\/\\\/aprimariavsg.com\\\/es\\\/#\\\/schema\\\/logo\\\/image\\\/\"},\"sameAs\":[\"https:\\\/\\\/www.facebook.com\\\/aprimariavsg\\\/\",\"https:\\\/\\\/x.com\\\/aprimariavsg\",\"https:\\\/\\\/www.youtube.com\\\/user\\\/aprimariavsg\"]},{\"@type\":\"Person\",\"@id\":\"https:\\\/\\\/aprimariavsg.com\\\/es\\\/#\\\/schema\\\/person\\\/8520fba4177df181edc61ee0a8a4f3cd\",\"name\":\"Atenci\u00f3 Prim\u00e0ria Vallcarca - Sant Gervasi\",\"sameAs\":[\"https:\\\/\\\/aprimariavsg.com\"],\"url\":\"https:\\\/\\\/aprimariavsg.com\\\/es\\\/author\\\/narrowcasting\\\/\"}]}<\/script>\n<!-- \/ Yoast SEO plugin. -->","yoast_head_json":{"title":"Premiada la b\u00fasqueda continua de la excelencia del CAP Vallcarca - Sant Gervasi - Atenci\u00f3 Prim\u00e0ria Vallcarca - Sant Gervasi","robots":{"index":"index","follow":"follow","max-snippet":"max-snippet:-1","max-image-preview":"max-image-preview:large","max-video-preview":"max-video-preview:-1"},"canonical":"https:\/\/aprimariavsg.com\/es\/premiada-la-busqueda-continua-de-la-excelencia-del-cap-vallcarca-sant-gervasi\/","og_locale":"es_ES","og_type":"article","og_title":"Premiada la b\u00fasqueda continua de la excelencia del CAP Vallcarca - Sant Gervasi - Atenci\u00f3 Prim\u00e0ria Vallcarca - Sant Gervasi","og_description":"El premio se entreg\u00f3 en el marco de las VII Jornadas Nacionales SEDISA , celebradas el 9 y el 10 de octubre de 2014, donde se present\u00f3 la experiencia de EBA Vallcarca SLP con Centros en Transici\u00f3n. Inicio del proyecto Asimismo, se realizan peri\u00f3dicamente reuniones con todos los estamentos, para redefinir el entorno de relaci\u00f3n [&hellip;]","og_url":"https:\/\/aprimariavsg.com\/es\/premiada-la-busqueda-continua-de-la-excelencia-del-cap-vallcarca-sant-gervasi\/","og_site_name":"Atenci\u00f3 Prim\u00e0ria Vallcarca - Sant Gervasi","article_publisher":"https:\/\/www.facebook.com\/aprimariavsg\/","article_published_time":"2014-10-28T10:13:02+00:00","article_modified_time":"2023-10-25T13:30:31+00:00","og_image":[{"width":1070,"height":638,"url":"https:\/\/aprimariavsg.com\/wp-content\/uploads\/2014\/10\/centros-de-transicion.png","type":"image\/png"}],"author":"Atenci\u00f3 Prim\u00e0ria Vallcarca - Sant Gervasi","twitter_card":"summary_large_image","twitter_creator":"@aprimariavsg","twitter_site":"@aprimariavsg","twitter_misc":{"Escrito por":"Atenci\u00f3 Prim\u00e0ria Vallcarca - Sant Gervasi","Tiempo de lectura":"1 minuto"},"schema":{"@context":"https:\/\/schema.org","@graph":[{"@type":"Article","@id":"https:\/\/aprimariavsg.com\/es\/premiada-la-busqueda-continua-de-la-excelencia-del-cap-vallcarca-sant-gervasi\/#article","isPartOf":{"@id":"https:\/\/aprimariavsg.com\/es\/premiada-la-busqueda-continua-de-la-excelencia-del-cap-vallcarca-sant-gervasi\/"},"author":{"name":"Atenci\u00f3 Prim\u00e0ria Vallcarca - Sant Gervasi","@id":"https:\/\/aprimariavsg.com\/es\/#\/schema\/person\/8520fba4177df181edc61ee0a8a4f3cd"},"headline":"Premiada la b\u00fasqueda continua de la excelencia del CAP Vallcarca &#8211; Sant Gervasi","datePublished":"2014-10-28T10:13:02+00:00","dateModified":"2023-10-25T13:30:31+00:00","mainEntityOfPage":{"@id":"https:\/\/aprimariavsg.com\/es\/premiada-la-busqueda-continua-de-la-excelencia-del-cap-vallcarca-sant-gervasi\/"},"wordCount":141,"publisher":{"@id":"https:\/\/aprimariavsg.com\/es\/#organization"},"image":{"@id":"https:\/\/aprimariavsg.com\/es\/premiada-la-busqueda-continua-de-la-excelencia-del-cap-vallcarca-sant-gervasi\/#primaryimage"},"thumbnailUrl":"https:\/\/aprimariavsg.com\/wp-content\/uploads\/2014\/10\/centros-de-transicion.png","keywords":["Premios y reconocimientos","@catal\u00e1n","Premios y reconocimientos"],"articleSection":["Comunicaci\u00f3n","Canal Paciente","Premios y reconocimientos"],"inLanguage":"es"},{"@type":"WebPage","@id":"https:\/\/aprimariavsg.com\/es\/premiada-la-busqueda-continua-de-la-excelencia-del-cap-vallcarca-sant-gervasi\/","url":"https:\/\/aprimariavsg.com\/es\/premiada-la-busqueda-continua-de-la-excelencia-del-cap-vallcarca-sant-gervasi\/","name":"Premiada la b\u00fasqueda continua de la excelencia del CAP Vallcarca - Sant Gervasi - Atenci\u00f3 Prim\u00e0ria Vallcarca - Sant Gervasi","isPartOf":{"@id":"https:\/\/aprimariavsg.com\/es\/#website"},"primaryImageOfPage":{"@id":"https:\/\/aprimariavsg.com\/es\/premiada-la-busqueda-continua-de-la-excelencia-del-cap-vallcarca-sant-gervasi\/#primaryimage"},"image":{"@id":"https:\/\/aprimariavsg.com\/es\/premiada-la-busqueda-continua-de-la-excelencia-del-cap-vallcarca-sant-gervasi\/#primaryimage"},"thumbnailUrl":"https:\/\/aprimariavsg.com\/wp-content\/uploads\/2014\/10\/centros-de-transicion.png","datePublished":"2014-10-28T10:13:02+00:00","dateModified":"2023-10-25T13:30:31+00:00","breadcrumb":{"@id":"https:\/\/aprimariavsg.com\/es\/premiada-la-busqueda-continua-de-la-excelencia-del-cap-vallcarca-sant-gervasi\/#breadcrumb"},"inLanguage":"es","potentialAction":[{"@type":"ReadAction","target":["https:\/\/aprimariavsg.com\/es\/premiada-la-busqueda-continua-de-la-excelencia-del-cap-vallcarca-sant-gervasi\/"]}]},{"@type":"ImageObject","inLanguage":"es","@id":"https:\/\/aprimariavsg.com\/es\/premiada-la-busqueda-continua-de-la-excelencia-del-cap-vallcarca-sant-gervasi\/#primaryimage","url":"https:\/\/aprimariavsg.com\/wp-content\/uploads\/2014\/10\/centros-de-transicion.png","contentUrl":"https:\/\/aprimariavsg.com\/wp-content\/uploads\/2014\/10\/centros-de-transicion.png","width":1070,"height":638},{"@type":"BreadcrumbList","@id":"https:\/\/aprimariavsg.com\/es\/premiada-la-busqueda-continua-de-la-excelencia-del-cap-vallcarca-sant-gervasi\/#breadcrumb","itemListElement":[{"@type":"ListItem","position":1,"name":"Inici","item":"https:\/\/aprimariavsg.com\/es\/"},{"@type":"ListItem","position":2,"name":"Premiada la b\u00fasqueda continua de la excelencia del CAP Vallcarca &#8211; Sant Gervasi"}]},{"@type":"WebSite","@id":"https:\/\/aprimariavsg.com\/es\/#website","url":"https:\/\/aprimariavsg.com\/es\/","name":"Atenci\u00f3 Prim\u00e0ria Vallcarca - Sant Gervasi","description":"Cap Atenci\u00f3 Prim\u00e0ria","publisher":{"@id":"https:\/\/aprimariavsg.com\/es\/#organization"},"potentialAction":[{"@type":"SearchAction","target":{"@type":"EntryPoint","urlTemplate":"https:\/\/aprimariavsg.com\/es\/?s={search_term_string}"},"query-input":{"@type":"PropertyValueSpecification","valueRequired":true,"valueName":"search_term_string"}}],"inLanguage":"es"},{"@type":"Organization","@id":"https:\/\/aprimariavsg.com\/es\/#organization","name":"Atenci\u00f3 Prim\u00e0ria Vallcarca - Sant Gervasi","url":"https:\/\/aprimariavsg.com\/es\/","logo":{"@type":"ImageObject","inLanguage":"es","@id":"https:\/\/aprimariavsg.com\/es\/#\/schema\/logo\/image\/","url":"https:\/\/aprimariavsg.com\/wp-content\/uploads\/2021\/05\/APVSG_logo-horitzontal.png","contentUrl":"https:\/\/aprimariavsg.com\/wp-content\/uploads\/2021\/05\/APVSG_logo-horitzontal.png","width":816,"height":175,"caption":"Atenci\u00f3 Prim\u00e0ria Vallcarca - Sant Gervasi"},"image":{"@id":"https:\/\/aprimariavsg.com\/es\/#\/schema\/logo\/image\/"},"sameAs":["https:\/\/www.facebook.com\/aprimariavsg\/","https:\/\/x.com\/aprimariavsg","https:\/\/www.youtube.com\/user\/aprimariavsg"]},{"@type":"Person","@id":"https:\/\/aprimariavsg.com\/es\/#\/schema\/person\/8520fba4177df181edc61ee0a8a4f3cd","name":"Atenci\u00f3 Prim\u00e0ria Vallcarca - Sant Gervasi","sameAs":["https:\/\/aprimariavsg.com"],"url":"https:\/\/aprimariavsg.com\/es\/author\/narrowcasting\/"}]}},"_links":{"self":[{"href":"https:\/\/aprimariavsg.com\/es\/wp-json\/wp\/v2\/posts\/96190","targetHints":{"allow":["GET"]}}],"collection":[{"href":"https:\/\/aprimariavsg.com\/es\/wp-json\/wp\/v2\/posts"}],"about":[{"href":"https:\/\/aprimariavsg.com\/es\/wp-json\/wp\/v2\/types\/post"}],"author":[{"embeddable":true,"href":"https:\/\/aprimariavsg.com\/es\/wp-json\/wp\/v2\/users\/1"}],"replies":[{"embeddable":true,"href":"https:\/\/aprimariavsg.com\/es\/wp-json\/wp\/v2\/comments?post=96190"}],"version-history":[{"count":1,"href":"https:\/\/aprimariavsg.com\/es\/wp-json\/wp\/v2\/posts\/96190\/revisions"}],"predecessor-version":[{"id":102125,"href":"https:\/\/aprimariavsg.com\/es\/wp-json\/wp\/v2\/posts\/96190\/revisions\/102125"}],"wp:featuredmedia":[{"embeddable":true,"href":"https:\/\/aprimariavsg.com\/es\/wp-json\/wp\/v2\/media\/94707"}],"wp:attachment":[{"href":"https:\/\/aprimariavsg.com\/es\/wp-json\/wp\/v2\/media?parent=96190"}],"wp:term":[{"taxonomy":"category","embeddable":true,"href":"https:\/\/aprimariavsg.com\/es\/wp-json\/wp\/v2\/categories?post=96190"},{"taxonomy":"post_tag","embeddable":true,"href":"https:\/\/aprimariavsg.com\/es\/wp-json\/wp\/v2\/tags?post=96190"}],"curies":[{"name":"wp","href":"https:\/\/api.w.org\/{rel}","templated":true}]}}