{"id":96185,"date":"2022-01-24T18:37:44","date_gmt":"2022-01-24T18:37:44","guid":{"rendered":"https:\/\/aprimariavsg.com\/retomamos-la-escuela-de-salud-de-personas-mayores\/"},"modified":"2022-10-17T11:41:14","modified_gmt":"2022-10-17T11:41:14","slug":"retomamos-la-escuela-de-salud-de-personas-mayores","status":"publish","type":"post","link":"https:\/\/aprimariavsg.com\/es\/retomamos-la-escuela-de-salud-de-personas-mayores\/","title":{"rendered":"Retomamos la Escuela de Salud de Personas Mayores"},"content":{"rendered":"<p>Se abre el per\u00edodo de inscripci\u00f3n para la Escuela de Salud de Personas Mayores de Sant Gervasi.<\/p>\n<p>\u00bfA qui\u00e9n va destinado?<br \/>\n&#8211; Personas <strong>mayores de 65 a\u00f1os<\/strong> .<br \/>\n&#8211; Que vivan en los barrios de <strong>Sant Gervasi, La Bonanova o El Putxet<\/strong><\/p>\n<p>\u00bfHasta cu\u00e1ndo est\u00e1 abierto el per\u00edodo de inscripci\u00f3n?<br \/>\nPodr\u00e1s apuntaros hasta el <strong>15 de Febrero<\/strong><\/p>\n<p>\u00bfCu\u00e1ndo empieza?<br \/>\nEl proyecto se iniciar\u00e1 el <strong>2 de Marzo<\/strong> y se terminar\u00e1 el pr\u00f3ximo 15 de Junio, y se realizar\u00e1 los <strong>Mi\u00e9rcoles de 10:30 a 12hs.<\/strong><\/p>\n<p>\u00bfPor qu\u00e9 lo hacemos?<br \/>\n&#8211; Para estar bien informados sobre nuestra salud<br \/>\n&#8211; Para saber c\u00f3mo cuidarnos mejor<br \/>\n&#8211; Para hacer nuevas amistades y compartir<br \/>\n&#8211; Para hacer barrio<\/p>\n<p>\u00bfQu\u00e9 haremos?<br \/>\n&#8211; Hablar de la salud en la tercera edad<br \/>\n&#8211; Actividades de relajaci\u00f3n y movimiento<br \/>\n&#8211; Envejecimiento activo<br \/>\n&#8211; Trabajar el benestar emocional<\/p>\n","protected":false},"excerpt":{"rendered":"<p>Se abre el per\u00edodo de inscripci\u00f3n para la Escuela de Salud de Personas Mayores de Sant Gervasi. \u00bfA qui\u00e9n va destinado? &#8211; Personas mayores de 65 a\u00f1os . &#8211; Que vivan en los barrios de Sant Gervasi, La Bonanova o El Putxet \u00bfHasta cu\u00e1ndo est\u00e1 abierto el per\u00edodo de inscripci\u00f3n? Podr\u00e1s apuntaros hasta el 15 [&hellip;]<\/p>\n","protected":false},"author":1,"featured_media":95106,"comment_status":"closed","ping_status":"open","sticky":false,"template":"","format":"standard","meta":{"site-sidebar-layout":"default","site-content-layout":"","ast-site-content-layout":"default","site-content-style":"default","site-sidebar-style":"default","ast-global-header-display":"","ast-banner-title-visibility":"","ast-main-header-display":"","ast-hfb-above-header-display":"","ast-hfb-below-header-display":"","ast-hfb-mobile-header-display":"","site-post-title":"","ast-breadcrumbs-content":"","ast-featured-img":"","footer-sml-layout":"","ast-disable-related-posts":"","theme-transparent-header-meta":"","adv-header-id-meta":"","stick-header-meta":"","header-above-stick-meta":"","header-main-stick-meta":"","header-below-stick-meta":"","astra-migrate-meta-layouts":"default","ast-page-background-enabled":"default","ast-page-background-meta":{"desktop":{"background-color":"","background-image":"","background-repeat":"repeat","background-position":"center center","background-size":"auto","background-attachment":"scroll","background-type":"","background-media":"","overlay-type":"","overlay-color":"","overlay-opacity":"","overlay-gradient":""},"tablet":{"background-color":"","background-image":"","background-repeat":"repeat","background-position":"center center","background-size":"auto","background-attachment":"scroll","background-type":"","background-media":"","overlay-type":"","overlay-color":"","overlay-opacity":"","overlay-gradient":""},"mobile":{"background-color":"","background-image":"","background-repeat":"repeat","background-position":"center center","background-size":"auto","background-attachment":"scroll","background-type":"","background-media":"","overlay-type":"","overlay-color":"","overlay-opacity":"","overlay-gradient":""}},"ast-content-background-meta":{"desktop":{"background-color":"var(--ast-global-color-5)","background-image":"","background-repeat":"repeat","background-position":"center center","background-size":"auto","background-attachment":"scroll","background-type":"","background-media":"","overlay-type":"","overlay-color":"","overlay-opacity":"","overlay-gradient":""},"tablet":{"background-color":"var(--ast-global-color-5)","background-image":"","background-repeat":"repeat","background-position":"center center","background-size":"auto","background-attachment":"scroll","background-type":"","background-media":"","overlay-type":"","overlay-color":"","overlay-opacity":"","overlay-gradient":""},"mobile":{"background-color":"var(--ast-global-color-5)","background-image":"","background-repeat":"repeat","background-position":"center center","background-size":"auto","background-attachment":"scroll","background-type":"","background-media":"","overlay-type":"","overlay-color":"","overlay-opacity":"","overlay-gradient":""}},"footnotes":""},"categories":[328],"tags":[330,331,333,338,340,345],"class_list":["post-96185","post","type-post","status-publish","format-standard","has-post-thumbnail","hentry","category-comunicacion","tag-atencion-primaria-es","tag-espanol-es","tag-habitos-saludables","tag-san-gervasio","tag-salud-comunitaria","tag-escuela-de-personas-mayores-es"],"yoast_head":"<!-- This site is optimized with the Yoast SEO plugin v27.5 - https:\/\/yoast.com\/product\/yoast-seo-wordpress\/ -->\n<title>Retomamos la Escuela de Salud de Personas Mayores - Atenci\u00f3 Prim\u00e0ria Vallcarca - Sant Gervasi<\/title>\n<meta name=\"robots\" content=\"index, follow, max-snippet:-1, max-image-preview:large, max-video-preview:-1\" \/>\n<link rel=\"canonical\" href=\"https:\/\/aprimariavsg.com\/es\/retomamos-la-escuela-de-salud-de-personas-mayores\/\" \/>\n<meta property=\"og:locale\" content=\"es_ES\" \/>\n<meta property=\"og:type\" content=\"article\" \/>\n<meta property=\"og:title\" content=\"Retomamos la Escuela de Salud de Personas Mayores - Atenci\u00f3 Prim\u00e0ria Vallcarca - Sant Gervasi\" \/>\n<meta property=\"og:description\" content=\"Se abre el per\u00edodo de inscripci\u00f3n para la Escuela de Salud de Personas Mayores de Sant Gervasi. \u00bfA qui\u00e9n va destinado? &#8211; Personas mayores de 65 a\u00f1os . &#8211; Que vivan en los barrios de Sant Gervasi, La Bonanova o El Putxet \u00bfHasta cu\u00e1ndo est\u00e1 abierto el per\u00edodo de inscripci\u00f3n? Podr\u00e1s apuntaros hasta el 15 [&hellip;]\" \/>\n<meta property=\"og:url\" content=\"https:\/\/aprimariavsg.com\/es\/retomamos-la-escuela-de-salud-de-personas-mayores\/\" \/>\n<meta property=\"og:site_name\" content=\"Atenci\u00f3 Prim\u00e0ria Vallcarca - Sant Gervasi\" \/>\n<meta property=\"article:publisher\" content=\"https:\/\/www.facebook.com\/aprimariavsg\/\" \/>\n<meta property=\"article:published_time\" content=\"2022-01-24T18:37:44+00:00\" \/>\n<meta property=\"article:modified_time\" content=\"2022-10-17T11:41:14+00:00\" \/>\n<meta property=\"og:image\" content=\"https:\/\/aprimariavsg.com\/wp-content\/uploads\/2022\/01\/Sin-titulo.png\" \/>\n\t<meta property=\"og:image:width\" content=\"551\" \/>\n\t<meta property=\"og:image:height\" content=\"332\" \/>\n\t<meta property=\"og:image:type\" content=\"image\/png\" \/>\n<meta name=\"author\" content=\"Atenci\u00f3 Prim\u00e0ria Vallcarca - Sant Gervasi\" \/>\n<meta name=\"twitter:card\" content=\"summary_large_image\" \/>\n<meta name=\"twitter:creator\" content=\"@aprimariavsg\" \/>\n<meta name=\"twitter:site\" content=\"@aprimariavsg\" \/>\n<meta name=\"twitter:label1\" content=\"Escrito por\" \/>\n\t<meta name=\"twitter:data1\" content=\"Atenci\u00f3 Prim\u00e0ria Vallcarca - Sant Gervasi\" \/>\n\t<meta name=\"twitter:label2\" content=\"Tiempo de lectura\" \/>\n\t<meta name=\"twitter:data2\" content=\"1 minuto\" \/>\n<script type=\"application\/ld+json\" class=\"yoast-schema-graph\">{\"@context\":\"https:\\\/\\\/schema.org\",\"@graph\":[{\"@type\":\"Article\",\"@id\":\"https:\\\/\\\/aprimariavsg.com\\\/es\\\/retomamos-la-escuela-de-salud-de-personas-mayores\\\/#article\",\"isPartOf\":{\"@id\":\"https:\\\/\\\/aprimariavsg.com\\\/es\\\/retomamos-la-escuela-de-salud-de-personas-mayores\\\/\"},\"author\":{\"name\":\"Atenci\u00f3 Prim\u00e0ria Vallcarca - Sant Gervasi\",\"@id\":\"https:\\\/\\\/aprimariavsg.com\\\/es\\\/#\\\/schema\\\/person\\\/8520fba4177df181edc61ee0a8a4f3cd\"},\"headline\":\"Retomamos la Escuela de Salud de Personas Mayores\",\"datePublished\":\"2022-01-24T18:37:44+00:00\",\"dateModified\":\"2022-10-17T11:41:14+00:00\",\"mainEntityOfPage\":{\"@id\":\"https:\\\/\\\/aprimariavsg.com\\\/es\\\/retomamos-la-escuela-de-salud-de-personas-mayores\\\/\"},\"wordCount\":153,\"publisher\":{\"@id\":\"https:\\\/\\\/aprimariavsg.com\\\/es\\\/#organization\"},\"image\":{\"@id\":\"https:\\\/\\\/aprimariavsg.com\\\/es\\\/retomamos-la-escuela-de-salud-de-personas-mayores\\\/#primaryimage\"},\"thumbnailUrl\":\"https:\\\/\\\/aprimariavsg.com\\\/wp-content\\\/uploads\\\/2022\\\/01\\\/Sin-titulo.png\",\"keywords\":[\"atenci\u00f3n primaria @es\",\"@espa\u00f1ol\",\"H\u00e1bitos saludables\",\"San Gervasio\",\"Salud comunitaria\",\"Escuela de Personas Mayores @es\"],\"articleSection\":[\"Comunicaci\u00f3n\"],\"inLanguage\":\"es\"},{\"@type\":\"WebPage\",\"@id\":\"https:\\\/\\\/aprimariavsg.com\\\/es\\\/retomamos-la-escuela-de-salud-de-personas-mayores\\\/\",\"url\":\"https:\\\/\\\/aprimariavsg.com\\\/es\\\/retomamos-la-escuela-de-salud-de-personas-mayores\\\/\",\"name\":\"Retomamos la Escuela de Salud de Personas Mayores - Atenci\u00f3 Prim\u00e0ria Vallcarca - Sant Gervasi\",\"isPartOf\":{\"@id\":\"https:\\\/\\\/aprimariavsg.com\\\/es\\\/#website\"},\"primaryImageOfPage\":{\"@id\":\"https:\\\/\\\/aprimariavsg.com\\\/es\\\/retomamos-la-escuela-de-salud-de-personas-mayores\\\/#primaryimage\"},\"image\":{\"@id\":\"https:\\\/\\\/aprimariavsg.com\\\/es\\\/retomamos-la-escuela-de-salud-de-personas-mayores\\\/#primaryimage\"},\"thumbnailUrl\":\"https:\\\/\\\/aprimariavsg.com\\\/wp-content\\\/uploads\\\/2022\\\/01\\\/Sin-titulo.png\",\"datePublished\":\"2022-01-24T18:37:44+00:00\",\"dateModified\":\"2022-10-17T11:41:14+00:00\",\"breadcrumb\":{\"@id\":\"https:\\\/\\\/aprimariavsg.com\\\/es\\\/retomamos-la-escuela-de-salud-de-personas-mayores\\\/#breadcrumb\"},\"inLanguage\":\"es\",\"potentialAction\":[{\"@type\":\"ReadAction\",\"target\":[\"https:\\\/\\\/aprimariavsg.com\\\/es\\\/retomamos-la-escuela-de-salud-de-personas-mayores\\\/\"]}]},{\"@type\":\"ImageObject\",\"inLanguage\":\"es\",\"@id\":\"https:\\\/\\\/aprimariavsg.com\\\/es\\\/retomamos-la-escuela-de-salud-de-personas-mayores\\\/#primaryimage\",\"url\":\"https:\\\/\\\/aprimariavsg.com\\\/wp-content\\\/uploads\\\/2022\\\/01\\\/Sin-titulo.png\",\"contentUrl\":\"https:\\\/\\\/aprimariavsg.com\\\/wp-content\\\/uploads\\\/2022\\\/01\\\/Sin-titulo.png\",\"width\":551,\"height\":332},{\"@type\":\"BreadcrumbList\",\"@id\":\"https:\\\/\\\/aprimariavsg.com\\\/es\\\/retomamos-la-escuela-de-salud-de-personas-mayores\\\/#breadcrumb\",\"itemListElement\":[{\"@type\":\"ListItem\",\"position\":1,\"name\":\"Inici\",\"item\":\"https:\\\/\\\/aprimariavsg.com\\\/es\\\/\"},{\"@type\":\"ListItem\",\"position\":2,\"name\":\"Retomamos la Escuela de Salud de Personas Mayores\"}]},{\"@type\":\"WebSite\",\"@id\":\"https:\\\/\\\/aprimariavsg.com\\\/es\\\/#website\",\"url\":\"https:\\\/\\\/aprimariavsg.com\\\/es\\\/\",\"name\":\"Atenci\u00f3 Prim\u00e0ria Vallcarca - Sant Gervasi\",\"description\":\"Cap Atenci\u00f3 Prim\u00e0ria\",\"publisher\":{\"@id\":\"https:\\\/\\\/aprimariavsg.com\\\/es\\\/#organization\"},\"potentialAction\":[{\"@type\":\"SearchAction\",\"target\":{\"@type\":\"EntryPoint\",\"urlTemplate\":\"https:\\\/\\\/aprimariavsg.com\\\/es\\\/?s={search_term_string}\"},\"query-input\":{\"@type\":\"PropertyValueSpecification\",\"valueRequired\":true,\"valueName\":\"search_term_string\"}}],\"inLanguage\":\"es\"},{\"@type\":\"Organization\",\"@id\":\"https:\\\/\\\/aprimariavsg.com\\\/es\\\/#organization\",\"name\":\"Atenci\u00f3 Prim\u00e0ria Vallcarca - Sant Gervasi\",\"url\":\"https:\\\/\\\/aprimariavsg.com\\\/es\\\/\",\"logo\":{\"@type\":\"ImageObject\",\"inLanguage\":\"es\",\"@id\":\"https:\\\/\\\/aprimariavsg.com\\\/es\\\/#\\\/schema\\\/logo\\\/image\\\/\",\"url\":\"https:\\\/\\\/aprimariavsg.com\\\/wp-content\\\/uploads\\\/2021\\\/05\\\/APVSG_logo-horitzontal.png\",\"contentUrl\":\"https:\\\/\\\/aprimariavsg.com\\\/wp-content\\\/uploads\\\/2021\\\/05\\\/APVSG_logo-horitzontal.png\",\"width\":816,\"height\":175,\"caption\":\"Atenci\u00f3 Prim\u00e0ria Vallcarca - Sant Gervasi\"},\"image\":{\"@id\":\"https:\\\/\\\/aprimariavsg.com\\\/es\\\/#\\\/schema\\\/logo\\\/image\\\/\"},\"sameAs\":[\"https:\\\/\\\/www.facebook.com\\\/aprimariavsg\\\/\",\"https:\\\/\\\/x.com\\\/aprimariavsg\",\"https:\\\/\\\/www.youtube.com\\\/user\\\/aprimariavsg\"]},{\"@type\":\"Person\",\"@id\":\"https:\\\/\\\/aprimariavsg.com\\\/es\\\/#\\\/schema\\\/person\\\/8520fba4177df181edc61ee0a8a4f3cd\",\"name\":\"Atenci\u00f3 Prim\u00e0ria Vallcarca - Sant Gervasi\",\"sameAs\":[\"https:\\\/\\\/aprimariavsg.com\"],\"url\":\"https:\\\/\\\/aprimariavsg.com\\\/es\\\/author\\\/narrowcasting\\\/\"}]}<\/script>\n<!-- \/ Yoast SEO plugin. -->","yoast_head_json":{"title":"Retomamos la Escuela de Salud de Personas Mayores - Atenci\u00f3 Prim\u00e0ria Vallcarca - Sant Gervasi","robots":{"index":"index","follow":"follow","max-snippet":"max-snippet:-1","max-image-preview":"max-image-preview:large","max-video-preview":"max-video-preview:-1"},"canonical":"https:\/\/aprimariavsg.com\/es\/retomamos-la-escuela-de-salud-de-personas-mayores\/","og_locale":"es_ES","og_type":"article","og_title":"Retomamos la Escuela de Salud de Personas Mayores - Atenci\u00f3 Prim\u00e0ria Vallcarca - Sant Gervasi","og_description":"Se abre el per\u00edodo de inscripci\u00f3n para la Escuela de Salud de Personas Mayores de Sant Gervasi. \u00bfA qui\u00e9n va destinado? &#8211; Personas mayores de 65 a\u00f1os . &#8211; Que vivan en los barrios de Sant Gervasi, La Bonanova o El Putxet \u00bfHasta cu\u00e1ndo est\u00e1 abierto el per\u00edodo de inscripci\u00f3n? Podr\u00e1s apuntaros hasta el 15 [&hellip;]","og_url":"https:\/\/aprimariavsg.com\/es\/retomamos-la-escuela-de-salud-de-personas-mayores\/","og_site_name":"Atenci\u00f3 Prim\u00e0ria Vallcarca - Sant Gervasi","article_publisher":"https:\/\/www.facebook.com\/aprimariavsg\/","article_published_time":"2022-01-24T18:37:44+00:00","article_modified_time":"2022-10-17T11:41:14+00:00","og_image":[{"width":551,"height":332,"url":"https:\/\/aprimariavsg.com\/wp-content\/uploads\/2022\/01\/Sin-titulo.png","type":"image\/png"}],"author":"Atenci\u00f3 Prim\u00e0ria Vallcarca - Sant Gervasi","twitter_card":"summary_large_image","twitter_creator":"@aprimariavsg","twitter_site":"@aprimariavsg","twitter_misc":{"Escrito por":"Atenci\u00f3 Prim\u00e0ria Vallcarca - Sant Gervasi","Tiempo de lectura":"1 minuto"},"schema":{"@context":"https:\/\/schema.org","@graph":[{"@type":"Article","@id":"https:\/\/aprimariavsg.com\/es\/retomamos-la-escuela-de-salud-de-personas-mayores\/#article","isPartOf":{"@id":"https:\/\/aprimariavsg.com\/es\/retomamos-la-escuela-de-salud-de-personas-mayores\/"},"author":{"name":"Atenci\u00f3 Prim\u00e0ria Vallcarca - Sant Gervasi","@id":"https:\/\/aprimariavsg.com\/es\/#\/schema\/person\/8520fba4177df181edc61ee0a8a4f3cd"},"headline":"Retomamos la Escuela de Salud de Personas Mayores","datePublished":"2022-01-24T18:37:44+00:00","dateModified":"2022-10-17T11:41:14+00:00","mainEntityOfPage":{"@id":"https:\/\/aprimariavsg.com\/es\/retomamos-la-escuela-de-salud-de-personas-mayores\/"},"wordCount":153,"publisher":{"@id":"https:\/\/aprimariavsg.com\/es\/#organization"},"image":{"@id":"https:\/\/aprimariavsg.com\/es\/retomamos-la-escuela-de-salud-de-personas-mayores\/#primaryimage"},"thumbnailUrl":"https:\/\/aprimariavsg.com\/wp-content\/uploads\/2022\/01\/Sin-titulo.png","keywords":["atenci\u00f3n primaria @es","@espa\u00f1ol","H\u00e1bitos saludables","San Gervasio","Salud comunitaria","Escuela de Personas Mayores @es"],"articleSection":["Comunicaci\u00f3n"],"inLanguage":"es"},{"@type":"WebPage","@id":"https:\/\/aprimariavsg.com\/es\/retomamos-la-escuela-de-salud-de-personas-mayores\/","url":"https:\/\/aprimariavsg.com\/es\/retomamos-la-escuela-de-salud-de-personas-mayores\/","name":"Retomamos la Escuela de Salud de Personas Mayores - Atenci\u00f3 Prim\u00e0ria Vallcarca - Sant Gervasi","isPartOf":{"@id":"https:\/\/aprimariavsg.com\/es\/#website"},"primaryImageOfPage":{"@id":"https:\/\/aprimariavsg.com\/es\/retomamos-la-escuela-de-salud-de-personas-mayores\/#primaryimage"},"image":{"@id":"https:\/\/aprimariavsg.com\/es\/retomamos-la-escuela-de-salud-de-personas-mayores\/#primaryimage"},"thumbnailUrl":"https:\/\/aprimariavsg.com\/wp-content\/uploads\/2022\/01\/Sin-titulo.png","datePublished":"2022-01-24T18:37:44+00:00","dateModified":"2022-10-17T11:41:14+00:00","breadcrumb":{"@id":"https:\/\/aprimariavsg.com\/es\/retomamos-la-escuela-de-salud-de-personas-mayores\/#breadcrumb"},"inLanguage":"es","potentialAction":[{"@type":"ReadAction","target":["https:\/\/aprimariavsg.com\/es\/retomamos-la-escuela-de-salud-de-personas-mayores\/"]}]},{"@type":"ImageObject","inLanguage":"es","@id":"https:\/\/aprimariavsg.com\/es\/retomamos-la-escuela-de-salud-de-personas-mayores\/#primaryimage","url":"https:\/\/aprimariavsg.com\/wp-content\/uploads\/2022\/01\/Sin-titulo.png","contentUrl":"https:\/\/aprimariavsg.com\/wp-content\/uploads\/2022\/01\/Sin-titulo.png","width":551,"height":332},{"@type":"BreadcrumbList","@id":"https:\/\/aprimariavsg.com\/es\/retomamos-la-escuela-de-salud-de-personas-mayores\/#breadcrumb","itemListElement":[{"@type":"ListItem","position":1,"name":"Inici","item":"https:\/\/aprimariavsg.com\/es\/"},{"@type":"ListItem","position":2,"name":"Retomamos la Escuela de Salud de Personas Mayores"}]},{"@type":"WebSite","@id":"https:\/\/aprimariavsg.com\/es\/#website","url":"https:\/\/aprimariavsg.com\/es\/","name":"Atenci\u00f3 Prim\u00e0ria Vallcarca - Sant Gervasi","description":"Cap Atenci\u00f3 Prim\u00e0ria","publisher":{"@id":"https:\/\/aprimariavsg.com\/es\/#organization"},"potentialAction":[{"@type":"SearchAction","target":{"@type":"EntryPoint","urlTemplate":"https:\/\/aprimariavsg.com\/es\/?s={search_term_string}"},"query-input":{"@type":"PropertyValueSpecification","valueRequired":true,"valueName":"search_term_string"}}],"inLanguage":"es"},{"@type":"Organization","@id":"https:\/\/aprimariavsg.com\/es\/#organization","name":"Atenci\u00f3 Prim\u00e0ria Vallcarca - Sant Gervasi","url":"https:\/\/aprimariavsg.com\/es\/","logo":{"@type":"ImageObject","inLanguage":"es","@id":"https:\/\/aprimariavsg.com\/es\/#\/schema\/logo\/image\/","url":"https:\/\/aprimariavsg.com\/wp-content\/uploads\/2021\/05\/APVSG_logo-horitzontal.png","contentUrl":"https:\/\/aprimariavsg.com\/wp-content\/uploads\/2021\/05\/APVSG_logo-horitzontal.png","width":816,"height":175,"caption":"Atenci\u00f3 Prim\u00e0ria Vallcarca - Sant Gervasi"},"image":{"@id":"https:\/\/aprimariavsg.com\/es\/#\/schema\/logo\/image\/"},"sameAs":["https:\/\/www.facebook.com\/aprimariavsg\/","https:\/\/x.com\/aprimariavsg","https:\/\/www.youtube.com\/user\/aprimariavsg"]},{"@type":"Person","@id":"https:\/\/aprimariavsg.com\/es\/#\/schema\/person\/8520fba4177df181edc61ee0a8a4f3cd","name":"Atenci\u00f3 Prim\u00e0ria Vallcarca - Sant Gervasi","sameAs":["https:\/\/aprimariavsg.com"],"url":"https:\/\/aprimariavsg.com\/es\/author\/narrowcasting\/"}]}},"_links":{"self":[{"href":"https:\/\/aprimariavsg.com\/es\/wp-json\/wp\/v2\/posts\/96185","targetHints":{"allow":["GET"]}}],"collection":[{"href":"https:\/\/aprimariavsg.com\/es\/wp-json\/wp\/v2\/posts"}],"about":[{"href":"https:\/\/aprimariavsg.com\/es\/wp-json\/wp\/v2\/types\/post"}],"author":[{"embeddable":true,"href":"https:\/\/aprimariavsg.com\/es\/wp-json\/wp\/v2\/users\/1"}],"replies":[{"embeddable":true,"href":"https:\/\/aprimariavsg.com\/es\/wp-json\/wp\/v2\/comments?post=96185"}],"version-history":[{"count":0,"href":"https:\/\/aprimariavsg.com\/es\/wp-json\/wp\/v2\/posts\/96185\/revisions"}],"wp:featuredmedia":[{"embeddable":true,"href":"https:\/\/aprimariavsg.com\/es\/wp-json\/wp\/v2\/media\/95106"}],"wp:attachment":[{"href":"https:\/\/aprimariavsg.com\/es\/wp-json\/wp\/v2\/media?parent=96185"}],"wp:term":[{"taxonomy":"category","embeddable":true,"href":"https:\/\/aprimariavsg.com\/es\/wp-json\/wp\/v2\/categories?post=96185"},{"taxonomy":"post_tag","embeddable":true,"href":"https:\/\/aprimariavsg.com\/es\/wp-json\/wp\/v2\/tags?post=96185"}],"curies":[{"name":"wp","href":"https:\/\/api.w.org\/{rel}","templated":true}]}}