{"id":96137,"date":"2020-11-20T10:12:29","date_gmt":"2020-11-20T10:12:29","guid":{"rendered":"https:\/\/aprimariavsg.com\/programa-de-deteccion-precoz-del-cancer-de-mama-2\/"},"modified":"2022-10-21T08:44:09","modified_gmt":"2022-10-21T08:44:09","slug":"programa-de-deteccion-precoz-del-cancer-de-mama-2","status":"publish","type":"post","link":"https:\/\/aprimariavsg.com\/es\/programa-de-deteccion-precoz-del-cancer-de-mama-2\/","title":{"rendered":"Programa de detecci\u00f3n precoz del c\u00e1ncer de mama"},"content":{"rendered":"<p><span style=\"\\\"color:\">El programa de detecci\u00f3n precoz del c\u00e1ncer de mama ha empezado a convocar a las <strong>mujeres de 50 a 69 a\u00f1os<\/strong> de nuestro territorio.<\/span><\/p>\n<ul>\n<li><span style=\"\\\"color:\"><strong>Sant Gervasi<\/strong> ya est\u00e1 en marcha.<\/span><\/li>\n<li><span style=\"\\\"color:\">En <strong>Vallcarca,<\/strong> empezar\u00e1 a partir del 16 de diciembre de 2020.<\/span><\/li>\n<\/ul>\n<p><span style=\"\\\"color:\">El <strong>Hospital de la Esperanza<\/strong> es el responsable de realizar las mamograf\u00edas en nuestra zona. Para m\u00e1s informaci\u00f3n, puede contactar directamente con el programa en el tel\u00e9fono 93 367 43 14.<\/span><\/p>\n<p><span style=\"\\\"color:\">\u00c9sta es la d\u00e9cima edici\u00f3n del programa de detecci\u00f3n precoz del c\u00e1ncer de mama, que est\u00e1 impulsado por la Generalitat de Catalu\u00f1a.<\/span><\/p>\n<p><span style=\"\\\"color:\">M\u00e1s informaci\u00f3n sobre el programa en la<\/span> <span style=\"\\\"text-decoration:\" underline=\"\"><a href=\"%5C%22https:\/\/www.aspb.cat\/documents\/cancer_mama\/%5C%22\" target=\"\\\"_blank\\\"\" rel=\"\\\"noopener\" noreferrer=\"\">web de la Agencia de Salud P\u00fablica<\/a><\/span> .<\/p>\n","protected":false},"excerpt":{"rendered":"<p>Sant Gervasi ya est\u00e1 en marcha. El Hospital de la Esperanza es el responsable de realizar las mamograf\u00edas en nuestra zona. Para m\u00e1s informaci\u00f3n, puede contactar directamente con el programa en el tel\u00e9fono 93 367 43 14. M\u00e1s informaci\u00f3n sobre el programa en la web de la Agencia de Salud P\u00fablica .<\/p>\n","protected":false},"author":1,"featured_media":95058,"comment_status":"closed","ping_status":"open","sticky":false,"template":"","format":"standard","meta":{"site-sidebar-layout":"default","site-content-layout":"default","ast-site-content-layout":"default","site-content-style":"default","site-sidebar-style":"default","ast-global-header-display":"","ast-banner-title-visibility":"","ast-main-header-display":"","ast-hfb-above-header-display":"","ast-hfb-below-header-display":"","ast-hfb-mobile-header-display":"","site-post-title":"","ast-breadcrumbs-content":"","ast-featured-img":"","footer-sml-layout":"","ast-disable-related-posts":"","theme-transparent-header-meta":"","adv-header-id-meta":"","stick-header-meta":"","header-above-stick-meta":"","header-main-stick-meta":"","header-below-stick-meta":"","astra-migrate-meta-layouts":"default","ast-page-background-enabled":"default","ast-page-background-meta":{"desktop":{"background-color":"","background-image":"","background-repeat":"repeat","background-position":"center center","background-size":"auto","background-attachment":"scroll","background-type":"","background-media":"","overlay-type":"","overlay-color":"","overlay-opacity":"","overlay-gradient":""},"tablet":{"background-color":"","background-image":"","background-repeat":"repeat","background-position":"center center","background-size":"auto","background-attachment":"scroll","background-type":"","background-media":"","overlay-type":"","overlay-color":"","overlay-opacity":"","overlay-gradient":""},"mobile":{"background-color":"","background-image":"","background-repeat":"repeat","background-position":"center center","background-size":"auto","background-attachment":"scroll","background-type":"","background-media":"","overlay-type":"","overlay-color":"","overlay-opacity":"","overlay-gradient":""}},"ast-content-background-meta":{"desktop":{"background-color":"var(--ast-global-color-5)","background-image":"","background-repeat":"repeat","background-position":"center center","background-size":"auto","background-attachment":"scroll","background-type":"","background-media":"","overlay-type":"","overlay-color":"","overlay-opacity":"","overlay-gradient":""},"tablet":{"background-color":"var(--ast-global-color-5)","background-image":"","background-repeat":"repeat","background-position":"center center","background-size":"auto","background-attachment":"scroll","background-type":"","background-media":"","overlay-type":"","overlay-color":"","overlay-opacity":"","overlay-gradient":""},"mobile":{"background-color":"var(--ast-global-color-5)","background-image":"","background-repeat":"repeat","background-position":"center center","background-size":"auto","background-attachment":"scroll","background-type":"","background-media":"","overlay-type":"","overlay-color":"","overlay-opacity":"","overlay-gradient":""}},"footnotes":""},"categories":[328],"tags":[331,338,339,386,387],"class_list":["post-96137","post","type-post","status-publish","format-standard","has-post-thumbnail","hentry","category-comunicacion","tag-espanol-es","tag-san-gervasio","tag-vallcarca-es-2","tag-cancer-es-es","tag-deteccion-precoz-prevencion-es"],"yoast_head":"<!-- This site is optimized with the Yoast SEO plugin v27.5 - https:\/\/yoast.com\/product\/yoast-seo-wordpress\/ -->\n<title>Programa de detecci\u00f3n precoz del c\u00e1ncer de mama - Atenci\u00f3 Prim\u00e0ria Vallcarca - Sant Gervasi<\/title>\n<meta name=\"robots\" content=\"index, follow, max-snippet:-1, max-image-preview:large, max-video-preview:-1\" \/>\n<link rel=\"canonical\" href=\"https:\/\/aprimariavsg.com\/es\/programa-de-deteccion-precoz-del-cancer-de-mama-2\/\" \/>\n<meta property=\"og:locale\" content=\"es_ES\" \/>\n<meta property=\"og:type\" content=\"article\" \/>\n<meta property=\"og:title\" content=\"Programa de detecci\u00f3n precoz del c\u00e1ncer de mama - Atenci\u00f3 Prim\u00e0ria Vallcarca - Sant Gervasi\" \/>\n<meta property=\"og:description\" content=\"Sant Gervasi ya est\u00e1 en marcha. El Hospital de la Esperanza es el responsable de realizar las mamograf\u00edas en nuestra zona. Para m\u00e1s informaci\u00f3n, puede contactar directamente con el programa en el tel\u00e9fono 93 367 43 14. M\u00e1s informaci\u00f3n sobre el programa en la web de la Agencia de Salud P\u00fablica .\" \/>\n<meta property=\"og:url\" content=\"https:\/\/aprimariavsg.com\/es\/programa-de-deteccion-precoz-del-cancer-de-mama-2\/\" \/>\n<meta property=\"og:site_name\" content=\"Atenci\u00f3 Prim\u00e0ria Vallcarca - Sant Gervasi\" \/>\n<meta property=\"article:publisher\" content=\"https:\/\/www.facebook.com\/aprimariavsg\/\" \/>\n<meta property=\"article:published_time\" content=\"2020-11-20T10:12:29+00:00\" \/>\n<meta property=\"article:modified_time\" content=\"2022-10-21T08:44:09+00:00\" \/>\n<meta property=\"og:image\" content=\"https:\/\/aprimariavsg.com\/wp-content\/uploads\/2020\/11\/programa-cancer-mama.jpg\" \/>\n\t<meta property=\"og:image:width\" content=\"1060\" \/>\n\t<meta property=\"og:image:height\" content=\"600\" \/>\n\t<meta property=\"og:image:type\" content=\"image\/jpeg\" \/>\n<meta name=\"author\" content=\"Atenci\u00f3 Prim\u00e0ria Vallcarca - Sant Gervasi\" \/>\n<meta name=\"twitter:card\" content=\"summary_large_image\" \/>\n<meta name=\"twitter:creator\" content=\"@aprimariavsg\" \/>\n<meta name=\"twitter:site\" content=\"@aprimariavsg\" \/>\n<meta name=\"twitter:label1\" content=\"Escrito por\" \/>\n\t<meta name=\"twitter:data1\" content=\"Atenci\u00f3 Prim\u00e0ria Vallcarca - Sant Gervasi\" \/>\n<script type=\"application\/ld+json\" class=\"yoast-schema-graph\">{\"@context\":\"https:\\\/\\\/schema.org\",\"@graph\":[{\"@type\":\"Article\",\"@id\":\"https:\\\/\\\/aprimariavsg.com\\\/es\\\/programa-de-deteccion-precoz-del-cancer-de-mama-2\\\/#article\",\"isPartOf\":{\"@id\":\"https:\\\/\\\/aprimariavsg.com\\\/es\\\/programa-de-deteccion-precoz-del-cancer-de-mama-2\\\/\"},\"author\":{\"name\":\"Atenci\u00f3 Prim\u00e0ria Vallcarca - Sant Gervasi\",\"@id\":\"https:\\\/\\\/aprimariavsg.com\\\/es\\\/#\\\/schema\\\/person\\\/8520fba4177df181edc61ee0a8a4f3cd\"},\"headline\":\"Programa de detecci\u00f3n precoz del c\u00e1ncer de mama\",\"datePublished\":\"2020-11-20T10:12:29+00:00\",\"dateModified\":\"2022-10-21T08:44:09+00:00\",\"mainEntityOfPage\":{\"@id\":\"https:\\\/\\\/aprimariavsg.com\\\/es\\\/programa-de-deteccion-precoz-del-cancer-de-mama-2\\\/\"},\"wordCount\":64,\"publisher\":{\"@id\":\"https:\\\/\\\/aprimariavsg.com\\\/es\\\/#organization\"},\"image\":{\"@id\":\"https:\\\/\\\/aprimariavsg.com\\\/es\\\/programa-de-deteccion-precoz-del-cancer-de-mama-2\\\/#primaryimage\"},\"thumbnailUrl\":\"https:\\\/\\\/aprimariavsg.com\\\/wp-content\\\/uploads\\\/2020\\\/11\\\/programa-cancer-mama.jpg\",\"keywords\":[\"@espa\u00f1ol\",\"San Gervasio\",\"Vallcarca\",\"c\u00e1ncer @es\",\"detecci\u00f3n precoz prevenci\u00f3n @es\"],\"articleSection\":[\"Comunicaci\u00f3n\"],\"inLanguage\":\"es\"},{\"@type\":\"WebPage\",\"@id\":\"https:\\\/\\\/aprimariavsg.com\\\/es\\\/programa-de-deteccion-precoz-del-cancer-de-mama-2\\\/\",\"url\":\"https:\\\/\\\/aprimariavsg.com\\\/es\\\/programa-de-deteccion-precoz-del-cancer-de-mama-2\\\/\",\"name\":\"Programa de detecci\u00f3n precoz del c\u00e1ncer de mama - Atenci\u00f3 Prim\u00e0ria Vallcarca - Sant Gervasi\",\"isPartOf\":{\"@id\":\"https:\\\/\\\/aprimariavsg.com\\\/es\\\/#website\"},\"primaryImageOfPage\":{\"@id\":\"https:\\\/\\\/aprimariavsg.com\\\/es\\\/programa-de-deteccion-precoz-del-cancer-de-mama-2\\\/#primaryimage\"},\"image\":{\"@id\":\"https:\\\/\\\/aprimariavsg.com\\\/es\\\/programa-de-deteccion-precoz-del-cancer-de-mama-2\\\/#primaryimage\"},\"thumbnailUrl\":\"https:\\\/\\\/aprimariavsg.com\\\/wp-content\\\/uploads\\\/2020\\\/11\\\/programa-cancer-mama.jpg\",\"datePublished\":\"2020-11-20T10:12:29+00:00\",\"dateModified\":\"2022-10-21T08:44:09+00:00\",\"breadcrumb\":{\"@id\":\"https:\\\/\\\/aprimariavsg.com\\\/es\\\/programa-de-deteccion-precoz-del-cancer-de-mama-2\\\/#breadcrumb\"},\"inLanguage\":\"es\",\"potentialAction\":[{\"@type\":\"ReadAction\",\"target\":[\"https:\\\/\\\/aprimariavsg.com\\\/es\\\/programa-de-deteccion-precoz-del-cancer-de-mama-2\\\/\"]}]},{\"@type\":\"ImageObject\",\"inLanguage\":\"es\",\"@id\":\"https:\\\/\\\/aprimariavsg.com\\\/es\\\/programa-de-deteccion-precoz-del-cancer-de-mama-2\\\/#primaryimage\",\"url\":\"https:\\\/\\\/aprimariavsg.com\\\/wp-content\\\/uploads\\\/2020\\\/11\\\/programa-cancer-mama.jpg\",\"contentUrl\":\"https:\\\/\\\/aprimariavsg.com\\\/wp-content\\\/uploads\\\/2020\\\/11\\\/programa-cancer-mama.jpg\",\"width\":1060,\"height\":600},{\"@type\":\"BreadcrumbList\",\"@id\":\"https:\\\/\\\/aprimariavsg.com\\\/es\\\/programa-de-deteccion-precoz-del-cancer-de-mama-2\\\/#breadcrumb\",\"itemListElement\":[{\"@type\":\"ListItem\",\"position\":1,\"name\":\"Inici\",\"item\":\"https:\\\/\\\/aprimariavsg.com\\\/es\\\/\"},{\"@type\":\"ListItem\",\"position\":2,\"name\":\"Programa de detecci\u00f3n precoz del c\u00e1ncer de mama\"}]},{\"@type\":\"WebSite\",\"@id\":\"https:\\\/\\\/aprimariavsg.com\\\/es\\\/#website\",\"url\":\"https:\\\/\\\/aprimariavsg.com\\\/es\\\/\",\"name\":\"Atenci\u00f3 Prim\u00e0ria Vallcarca - Sant Gervasi\",\"description\":\"Cap Atenci\u00f3 Prim\u00e0ria\",\"publisher\":{\"@id\":\"https:\\\/\\\/aprimariavsg.com\\\/es\\\/#organization\"},\"potentialAction\":[{\"@type\":\"SearchAction\",\"target\":{\"@type\":\"EntryPoint\",\"urlTemplate\":\"https:\\\/\\\/aprimariavsg.com\\\/es\\\/?s={search_term_string}\"},\"query-input\":{\"@type\":\"PropertyValueSpecification\",\"valueRequired\":true,\"valueName\":\"search_term_string\"}}],\"inLanguage\":\"es\"},{\"@type\":\"Organization\",\"@id\":\"https:\\\/\\\/aprimariavsg.com\\\/es\\\/#organization\",\"name\":\"Atenci\u00f3 Prim\u00e0ria Vallcarca - Sant Gervasi\",\"url\":\"https:\\\/\\\/aprimariavsg.com\\\/es\\\/\",\"logo\":{\"@type\":\"ImageObject\",\"inLanguage\":\"es\",\"@id\":\"https:\\\/\\\/aprimariavsg.com\\\/es\\\/#\\\/schema\\\/logo\\\/image\\\/\",\"url\":\"https:\\\/\\\/aprimariavsg.com\\\/wp-content\\\/uploads\\\/2021\\\/05\\\/APVSG_logo-horitzontal.png\",\"contentUrl\":\"https:\\\/\\\/aprimariavsg.com\\\/wp-content\\\/uploads\\\/2021\\\/05\\\/APVSG_logo-horitzontal.png\",\"width\":816,\"height\":175,\"caption\":\"Atenci\u00f3 Prim\u00e0ria Vallcarca - Sant Gervasi\"},\"image\":{\"@id\":\"https:\\\/\\\/aprimariavsg.com\\\/es\\\/#\\\/schema\\\/logo\\\/image\\\/\"},\"sameAs\":[\"https:\\\/\\\/www.facebook.com\\\/aprimariavsg\\\/\",\"https:\\\/\\\/x.com\\\/aprimariavsg\",\"https:\\\/\\\/www.youtube.com\\\/user\\\/aprimariavsg\"]},{\"@type\":\"Person\",\"@id\":\"https:\\\/\\\/aprimariavsg.com\\\/es\\\/#\\\/schema\\\/person\\\/8520fba4177df181edc61ee0a8a4f3cd\",\"name\":\"Atenci\u00f3 Prim\u00e0ria Vallcarca - Sant Gervasi\",\"sameAs\":[\"https:\\\/\\\/aprimariavsg.com\"],\"url\":\"https:\\\/\\\/aprimariavsg.com\\\/es\\\/author\\\/narrowcasting\\\/\"}]}<\/script>\n<!-- \/ Yoast SEO plugin. -->","yoast_head_json":{"title":"Programa de detecci\u00f3n precoz del c\u00e1ncer de mama - Atenci\u00f3 Prim\u00e0ria Vallcarca - Sant Gervasi","robots":{"index":"index","follow":"follow","max-snippet":"max-snippet:-1","max-image-preview":"max-image-preview:large","max-video-preview":"max-video-preview:-1"},"canonical":"https:\/\/aprimariavsg.com\/es\/programa-de-deteccion-precoz-del-cancer-de-mama-2\/","og_locale":"es_ES","og_type":"article","og_title":"Programa de detecci\u00f3n precoz del c\u00e1ncer de mama - Atenci\u00f3 Prim\u00e0ria Vallcarca - Sant Gervasi","og_description":"Sant Gervasi ya est\u00e1 en marcha. El Hospital de la Esperanza es el responsable de realizar las mamograf\u00edas en nuestra zona. Para m\u00e1s informaci\u00f3n, puede contactar directamente con el programa en el tel\u00e9fono 93 367 43 14. M\u00e1s informaci\u00f3n sobre el programa en la web de la Agencia de Salud P\u00fablica .","og_url":"https:\/\/aprimariavsg.com\/es\/programa-de-deteccion-precoz-del-cancer-de-mama-2\/","og_site_name":"Atenci\u00f3 Prim\u00e0ria Vallcarca - Sant Gervasi","article_publisher":"https:\/\/www.facebook.com\/aprimariavsg\/","article_published_time":"2020-11-20T10:12:29+00:00","article_modified_time":"2022-10-21T08:44:09+00:00","og_image":[{"width":1060,"height":600,"url":"https:\/\/aprimariavsg.com\/wp-content\/uploads\/2020\/11\/programa-cancer-mama.jpg","type":"image\/jpeg"}],"author":"Atenci\u00f3 Prim\u00e0ria Vallcarca - Sant Gervasi","twitter_card":"summary_large_image","twitter_creator":"@aprimariavsg","twitter_site":"@aprimariavsg","twitter_misc":{"Escrito por":"Atenci\u00f3 Prim\u00e0ria Vallcarca - Sant Gervasi"},"schema":{"@context":"https:\/\/schema.org","@graph":[{"@type":"Article","@id":"https:\/\/aprimariavsg.com\/es\/programa-de-deteccion-precoz-del-cancer-de-mama-2\/#article","isPartOf":{"@id":"https:\/\/aprimariavsg.com\/es\/programa-de-deteccion-precoz-del-cancer-de-mama-2\/"},"author":{"name":"Atenci\u00f3 Prim\u00e0ria Vallcarca - Sant Gervasi","@id":"https:\/\/aprimariavsg.com\/es\/#\/schema\/person\/8520fba4177df181edc61ee0a8a4f3cd"},"headline":"Programa de detecci\u00f3n precoz del c\u00e1ncer de mama","datePublished":"2020-11-20T10:12:29+00:00","dateModified":"2022-10-21T08:44:09+00:00","mainEntityOfPage":{"@id":"https:\/\/aprimariavsg.com\/es\/programa-de-deteccion-precoz-del-cancer-de-mama-2\/"},"wordCount":64,"publisher":{"@id":"https:\/\/aprimariavsg.com\/es\/#organization"},"image":{"@id":"https:\/\/aprimariavsg.com\/es\/programa-de-deteccion-precoz-del-cancer-de-mama-2\/#primaryimage"},"thumbnailUrl":"https:\/\/aprimariavsg.com\/wp-content\/uploads\/2020\/11\/programa-cancer-mama.jpg","keywords":["@espa\u00f1ol","San Gervasio","Vallcarca","c\u00e1ncer @es","detecci\u00f3n precoz prevenci\u00f3n @es"],"articleSection":["Comunicaci\u00f3n"],"inLanguage":"es"},{"@type":"WebPage","@id":"https:\/\/aprimariavsg.com\/es\/programa-de-deteccion-precoz-del-cancer-de-mama-2\/","url":"https:\/\/aprimariavsg.com\/es\/programa-de-deteccion-precoz-del-cancer-de-mama-2\/","name":"Programa de detecci\u00f3n precoz del c\u00e1ncer de mama - Atenci\u00f3 Prim\u00e0ria Vallcarca - Sant Gervasi","isPartOf":{"@id":"https:\/\/aprimariavsg.com\/es\/#website"},"primaryImageOfPage":{"@id":"https:\/\/aprimariavsg.com\/es\/programa-de-deteccion-precoz-del-cancer-de-mama-2\/#primaryimage"},"image":{"@id":"https:\/\/aprimariavsg.com\/es\/programa-de-deteccion-precoz-del-cancer-de-mama-2\/#primaryimage"},"thumbnailUrl":"https:\/\/aprimariavsg.com\/wp-content\/uploads\/2020\/11\/programa-cancer-mama.jpg","datePublished":"2020-11-20T10:12:29+00:00","dateModified":"2022-10-21T08:44:09+00:00","breadcrumb":{"@id":"https:\/\/aprimariavsg.com\/es\/programa-de-deteccion-precoz-del-cancer-de-mama-2\/#breadcrumb"},"inLanguage":"es","potentialAction":[{"@type":"ReadAction","target":["https:\/\/aprimariavsg.com\/es\/programa-de-deteccion-precoz-del-cancer-de-mama-2\/"]}]},{"@type":"ImageObject","inLanguage":"es","@id":"https:\/\/aprimariavsg.com\/es\/programa-de-deteccion-precoz-del-cancer-de-mama-2\/#primaryimage","url":"https:\/\/aprimariavsg.com\/wp-content\/uploads\/2020\/11\/programa-cancer-mama.jpg","contentUrl":"https:\/\/aprimariavsg.com\/wp-content\/uploads\/2020\/11\/programa-cancer-mama.jpg","width":1060,"height":600},{"@type":"BreadcrumbList","@id":"https:\/\/aprimariavsg.com\/es\/programa-de-deteccion-precoz-del-cancer-de-mama-2\/#breadcrumb","itemListElement":[{"@type":"ListItem","position":1,"name":"Inici","item":"https:\/\/aprimariavsg.com\/es\/"},{"@type":"ListItem","position":2,"name":"Programa de detecci\u00f3n precoz del c\u00e1ncer de mama"}]},{"@type":"WebSite","@id":"https:\/\/aprimariavsg.com\/es\/#website","url":"https:\/\/aprimariavsg.com\/es\/","name":"Atenci\u00f3 Prim\u00e0ria Vallcarca - Sant Gervasi","description":"Cap Atenci\u00f3 Prim\u00e0ria","publisher":{"@id":"https:\/\/aprimariavsg.com\/es\/#organization"},"potentialAction":[{"@type":"SearchAction","target":{"@type":"EntryPoint","urlTemplate":"https:\/\/aprimariavsg.com\/es\/?s={search_term_string}"},"query-input":{"@type":"PropertyValueSpecification","valueRequired":true,"valueName":"search_term_string"}}],"inLanguage":"es"},{"@type":"Organization","@id":"https:\/\/aprimariavsg.com\/es\/#organization","name":"Atenci\u00f3 Prim\u00e0ria Vallcarca - Sant Gervasi","url":"https:\/\/aprimariavsg.com\/es\/","logo":{"@type":"ImageObject","inLanguage":"es","@id":"https:\/\/aprimariavsg.com\/es\/#\/schema\/logo\/image\/","url":"https:\/\/aprimariavsg.com\/wp-content\/uploads\/2021\/05\/APVSG_logo-horitzontal.png","contentUrl":"https:\/\/aprimariavsg.com\/wp-content\/uploads\/2021\/05\/APVSG_logo-horitzontal.png","width":816,"height":175,"caption":"Atenci\u00f3 Prim\u00e0ria Vallcarca - Sant Gervasi"},"image":{"@id":"https:\/\/aprimariavsg.com\/es\/#\/schema\/logo\/image\/"},"sameAs":["https:\/\/www.facebook.com\/aprimariavsg\/","https:\/\/x.com\/aprimariavsg","https:\/\/www.youtube.com\/user\/aprimariavsg"]},{"@type":"Person","@id":"https:\/\/aprimariavsg.com\/es\/#\/schema\/person\/8520fba4177df181edc61ee0a8a4f3cd","name":"Atenci\u00f3 Prim\u00e0ria Vallcarca - Sant Gervasi","sameAs":["https:\/\/aprimariavsg.com"],"url":"https:\/\/aprimariavsg.com\/es\/author\/narrowcasting\/"}]}},"_links":{"self":[{"href":"https:\/\/aprimariavsg.com\/es\/wp-json\/wp\/v2\/posts\/96137","targetHints":{"allow":["GET"]}}],"collection":[{"href":"https:\/\/aprimariavsg.com\/es\/wp-json\/wp\/v2\/posts"}],"about":[{"href":"https:\/\/aprimariavsg.com\/es\/wp-json\/wp\/v2\/types\/post"}],"author":[{"embeddable":true,"href":"https:\/\/aprimariavsg.com\/es\/wp-json\/wp\/v2\/users\/1"}],"replies":[{"embeddable":true,"href":"https:\/\/aprimariavsg.com\/es\/wp-json\/wp\/v2\/comments?post=96137"}],"version-history":[{"count":0,"href":"https:\/\/aprimariavsg.com\/es\/wp-json\/wp\/v2\/posts\/96137\/revisions"}],"wp:featuredmedia":[{"embeddable":true,"href":"https:\/\/aprimariavsg.com\/es\/wp-json\/wp\/v2\/media\/95058"}],"wp:attachment":[{"href":"https:\/\/aprimariavsg.com\/es\/wp-json\/wp\/v2\/media?parent=96137"}],"wp:term":[{"taxonomy":"category","embeddable":true,"href":"https:\/\/aprimariavsg.com\/es\/wp-json\/wp\/v2\/categories?post=96137"},{"taxonomy":"post_tag","embeddable":true,"href":"https:\/\/aprimariavsg.com\/es\/wp-json\/wp\/v2\/tags?post=96137"}],"curies":[{"name":"wp","href":"https:\/\/api.w.org\/{rel}","templated":true}]}}