{"id":96110,"date":"2021-03-16T11:53:01","date_gmt":"2021-03-16T11:53:01","guid":{"rendered":"https:\/\/aprimariavsg.com\/suspension-cautelar-de-la-vacunacion-con-astrazeneca\/"},"modified":"2022-10-21T08:44:25","modified_gmt":"2022-10-21T08:44:25","slug":"suspension-cautelar-de-la-vacunacion-con-astrazeneca","status":"publish","type":"post","link":"https:\/\/aprimariavsg.com\/es\/suspension-cautelar-de-la-vacunacion-con-astrazeneca\/","title":{"rendered":"Suspensi\u00f3n cautelar de la vacunaci\u00f3n con AstraZeneca"},"content":{"rendered":"<p><span style=\"\\\"color:\"><strong>Actualizaci\u00f3n 2: acotaci\u00f3n de la edad de administraci\u00f3n a 60\/65 a\u00f1os<br \/>\n<\/strong><\/span><\/p>\n<p><span style=\"\\\"color:\">A fecha 8\/04\/2021, despu\u00e9s de un nuevo informe de la Agencia Europea del Medicamento, el Ministerio de Sanidad recomienda delimitar la administraci\u00f3n de la vacuna Oxford\/AstraZeneca a personas de 60 a 65 a\u00f1os.<\/span><\/p>\n<p><span style=\"\\\"color:\">M\u00e1s informaci\u00f3n:<\/span> <a href=\"%5C%22https:\/\/canalsalut.gencat.cat\/ca\/salut-a-z\/v\/vacuna-covid-19\/actualitzacio-az\/%5C%22\" target=\"\\\"_blank\\\"\" rel=\"\\\"noopener\" noreferrer=\"\"><span style=\"\\\"color:\">Canal Salud Coronavirus SARS-CoV-2<\/span><\/a><\/p>\n<p><span style=\"\\\"color:\"><strong>Actualizaci\u00f3n 1: reanudaci\u00f3n de la administraci\u00f3n de la vacuna AstraZeneca<\/strong><\/span><\/p>\n<p><span style=\"\\\"color:\">A fecha 18\/03\/2021, la Agencia Europea del Medicamento<\/span> <span style=\"\\\"color:\"><span style=\"\\\"color:\">volvi\u00f3 a avalar la vacuna Oxford\/AstraZeneca al llegar a la conclusi\u00f3n de que no puede demostrarse una relaci\u00f3n de causa-efecto entre la administraci\u00f3n de la vacuna y el riesgo de co\u00e1gulos de sangre en las personas que la reciben.<\/span><\/span> <\/p>\n<p><span style=\"\\\"color:\">M\u00e1s informaci\u00f3n:<\/span> <span style=\"\\\"text-decoration:\" underline=\"\"><a href=\"%5C%22https:\/\/canalsalut.gencat.cat\/ca\/salut-a-z\/v\/vacuna-covid-19\/represa-astrazeneca\/%5C%22\" target=\"\\\"_blank\\\"\" rel=\"\\\"noopener\" noreferrer=\"\"><span style=\"\\\"color:\" text-decoration:=\"\" underline=\"\">Canal Salud Coronavirus SARS-CoV-2<\/span><\/a><\/span><\/p>\n<p><span style=\"\\\"color:\">Siguiendo las recomendaciones del<\/span> <span style=\"\\\"text-decoration:\" underline=\"\"><a href=\"%5C%22https:\/\/www.mscbs.gob.es\/%5C%22\" target=\"\\\"_blank\\\"\" rel=\"\\\"noopener\" noreferrer=\"\">Ministerio de Sanidad<\/a><\/span> , <span style=\"\\\"text-decoration:\" underline=\"\"><a href=\"%5C%22https:\/\/canalsalut.gencat.cat\/ca\/salut-a-z\/v\/vacuna-covid-19\/vacunacio-astrazeneca\/%5C%22\" target=\"\\\"_blank\\\"\" rel=\"\\\"noopener\" noreferrer=\"\">\/Salud<\/a><\/span> <span style=\"\\\"color:\">ha detenido temporalmente la vacunaci\u00f3n con <strong>AstraZeneca.<\/strong> Las citas programadas para administrar esta vacuna se han cancelado de forma preventiva durante 15 d\u00edas, a la espera de la decisi\u00f3n de la <span style=\"\\\"text-decoration:\" underline=\"\"><a href=\"%5C%22https:\/\/www.ema.europa.eu\/en%5C%22\" target=\"\\\"_blank\\\"\" rel=\"\\\"noopener\" noreferrer=\"\">Agencia Europea del Medicamento<\/a><\/span> al respecto.<\/span><\/p>\n<p><strong><span style=\"\\\"color:\">\u00bfPor qu\u00e9 se ha suspendido?<\/span><\/strong><\/p>\n<p><span style=\"\\\"color:\">En los \u00faltimos d\u00edas se han recibido algunas notificaciones de trombosis venosas cerebrales en personas vacunadas que deben estudiarse m\u00e1s a fondo, porque son muy poco frecuentes en poblaci\u00f3n general. El n\u00famero de casos es muy bajo y la Agencia Europea del Medicamento<\/span> <span style=\"\\\"color:\">les est\u00e1 estudiando para ver si existe una relaci\u00f3n causa-efecto. <\/span><\/p>\n<p><strong><span style=\"\\\"color:\">\u00bfQu\u00e9 ocurre si ya me han administrado la primera dosis de AstraZeneca?<\/span><\/strong><\/p>\n<p><span style=\"\\\"color:\">\/Salud informa que \\\u00bbla segunda dosis de la vacuna Oxford\/AstraZeneca se pone a las 12 semanas de la primera. Hay tiempo para que la Agencia Europea del Medicamento haya elaborado su informe y se haya tomado una decisi\u00f3n sobre cu\u00e1l es la mejor actitud a tomar\u201d. <\/span><\/p>\n<blockquote><p><strong><span style=\"\\\"color:\">M\u00e1s informaci\u00f3n<\/span> <\/strong><\/p>\n<p><span style=\"\\\"text-decoration:\" underline=\"\"><a href=\"%5C%22https:\/\/canalsalut.gencat.cat\/ca\/salut-a-z\/v\/vacuna-covid-19\/vacunacio-astrazeneca\/%5C%22\" target=\"\\\"_blank\\\"\" rel=\"\\\"noopener\" noreferrer=\"\">Canal Salud Coronavirus SARS-CoV-2<\/a><\/span><\/p><\/blockquote>\n","protected":false},"excerpt":{"rendered":"<p>A fecha 8\/04\/2021, despu\u00e9s de un nuevo informe de la Agencia Europea del Medicamento, el Ministerio de Sanidad recomienda delimitar la administraci\u00f3n de la vacuna Oxford\/AstraZeneca a personas de 60 a 65 a\u00f1os. Actualizaci\u00f3n 1: reanudaci\u00f3n de la administraci\u00f3n de la vacuna AstraZeneca M\u00e1s informaci\u00f3n: Siguiendo las recomendaciones del Ministerio de Sanidad , \/Salud \u00bfPor [&hellip;]<\/p>\n","protected":false},"author":1,"featured_media":95070,"comment_status":"closed","ping_status":"open","sticky":false,"template":"","format":"standard","meta":{"site-sidebar-layout":"default","site-content-layout":"default","ast-site-content-layout":"default","site-content-style":"default","site-sidebar-style":"default","ast-global-header-display":"","ast-banner-title-visibility":"","ast-main-header-display":"","ast-hfb-above-header-display":"","ast-hfb-below-header-display":"","ast-hfb-mobile-header-display":"","site-post-title":"","ast-breadcrumbs-content":"","ast-featured-img":"","footer-sml-layout":"","ast-disable-related-posts":"","theme-transparent-header-meta":"","adv-header-id-meta":"","stick-header-meta":"","header-above-stick-meta":"","header-main-stick-meta":"","header-below-stick-meta":"","astra-migrate-meta-layouts":"default","ast-page-background-enabled":"default","ast-page-background-meta":{"desktop":{"background-color":"","background-image":"","background-repeat":"repeat","background-position":"center center","background-size":"auto","background-attachment":"scroll","background-type":"","background-media":"","overlay-type":"","overlay-color":"","overlay-opacity":"","overlay-gradient":""},"tablet":{"background-color":"","background-image":"","background-repeat":"repeat","background-position":"center center","background-size":"auto","background-attachment":"scroll","background-type":"","background-media":"","overlay-type":"","overlay-color":"","overlay-opacity":"","overlay-gradient":""},"mobile":{"background-color":"","background-image":"","background-repeat":"repeat","background-position":"center center","background-size":"auto","background-attachment":"scroll","background-type":"","background-media":"","overlay-type":"","overlay-color":"","overlay-opacity":"","overlay-gradient":""}},"ast-content-background-meta":{"desktop":{"background-color":"var(--ast-global-color-5)","background-image":"","background-repeat":"repeat","background-position":"center center","background-size":"auto","background-attachment":"scroll","background-type":"","background-media":"","overlay-type":"","overlay-color":"","overlay-opacity":"","overlay-gradient":""},"tablet":{"background-color":"var(--ast-global-color-5)","background-image":"","background-repeat":"repeat","background-position":"center center","background-size":"auto","background-attachment":"scroll","background-type":"","background-media":"","overlay-type":"","overlay-color":"","overlay-opacity":"","overlay-gradient":""},"mobile":{"background-color":"var(--ast-global-color-5)","background-image":"","background-repeat":"repeat","background-position":"center center","background-size":"auto","background-attachment":"scroll","background-type":"","background-media":"","overlay-type":"","overlay-color":"","overlay-opacity":"","overlay-gradient":""}},"footnotes":""},"categories":[20,332],"tags":[327,334,366],"class_list":["post-96110","post","type-post","status-publish","format-standard","has-post-thumbnail","hentry","category-comunicacio","category-comunicacion-es","tag-catalan","tag-coronavirus-sars-cov-2","tag-vacunacion-es"],"yoast_head":"<!-- This site is optimized with the Yoast SEO plugin v27.5 - https:\/\/yoast.com\/product\/yoast-seo-wordpress\/ -->\n<title>Suspensi\u00f3n cautelar de la vacunaci\u00f3n con AstraZeneca - Atenci\u00f3 Prim\u00e0ria Vallcarca - Sant Gervasi<\/title>\n<meta name=\"robots\" content=\"index, follow, max-snippet:-1, max-image-preview:large, max-video-preview:-1\" \/>\n<link rel=\"canonical\" href=\"https:\/\/aprimariavsg.com\/es\/suspension-cautelar-de-la-vacunacion-con-astrazeneca\/\" \/>\n<meta property=\"og:locale\" content=\"es_ES\" \/>\n<meta property=\"og:type\" content=\"article\" \/>\n<meta property=\"og:title\" content=\"Suspensi\u00f3n cautelar de la vacunaci\u00f3n con AstraZeneca - Atenci\u00f3 Prim\u00e0ria Vallcarca - Sant Gervasi\" \/>\n<meta property=\"og:description\" content=\"A fecha 8\/04\/2021, despu\u00e9s de un nuevo informe de la Agencia Europea del Medicamento, el Ministerio de Sanidad recomienda delimitar la administraci\u00f3n de la vacuna Oxford\/AstraZeneca a personas de 60 a 65 a\u00f1os. Actualizaci\u00f3n 1: reanudaci\u00f3n de la administraci\u00f3n de la vacuna AstraZeneca M\u00e1s informaci\u00f3n: Siguiendo las recomendaciones del Ministerio de Sanidad , \/Salud \u00bfPor [&hellip;]\" \/>\n<meta property=\"og:url\" content=\"https:\/\/aprimariavsg.com\/es\/suspension-cautelar-de-la-vacunacion-con-astrazeneca\/\" \/>\n<meta property=\"og:site_name\" content=\"Atenci\u00f3 Prim\u00e0ria Vallcarca - Sant Gervasi\" \/>\n<meta property=\"article:publisher\" content=\"https:\/\/www.facebook.com\/aprimariavsg\/\" \/>\n<meta property=\"article:published_time\" content=\"2021-03-16T11:53:01+00:00\" \/>\n<meta property=\"article:modified_time\" content=\"2022-10-21T08:44:25+00:00\" \/>\n<meta property=\"og:image\" content=\"https:\/\/aprimariavsg.com\/wp-content\/uploads\/2021\/03\/represaAZ.gif\" \/>\n\t<meta property=\"og:image:width\" content=\"1507\" \/>\n\t<meta property=\"og:image:height\" content=\"853\" \/>\n\t<meta property=\"og:image:type\" content=\"image\/gif\" \/>\n<meta name=\"author\" content=\"Atenci\u00f3 Prim\u00e0ria Vallcarca - Sant Gervasi\" \/>\n<meta name=\"twitter:card\" content=\"summary_large_image\" \/>\n<meta name=\"twitter:creator\" content=\"@aprimariavsg\" \/>\n<meta name=\"twitter:site\" content=\"@aprimariavsg\" \/>\n<meta name=\"twitter:label1\" content=\"Escrito por\" \/>\n\t<meta name=\"twitter:data1\" content=\"Atenci\u00f3 Prim\u00e0ria Vallcarca - Sant Gervasi\" \/>\n\t<meta name=\"twitter:label2\" content=\"Tiempo de lectura\" \/>\n\t<meta name=\"twitter:data2\" content=\"1 minuto\" \/>\n<script type=\"application\/ld+json\" class=\"yoast-schema-graph\">{\"@context\":\"https:\\\/\\\/schema.org\",\"@graph\":[{\"@type\":\"Article\",\"@id\":\"https:\\\/\\\/aprimariavsg.com\\\/es\\\/suspension-cautelar-de-la-vacunacion-con-astrazeneca\\\/#article\",\"isPartOf\":{\"@id\":\"https:\\\/\\\/aprimariavsg.com\\\/es\\\/suspension-cautelar-de-la-vacunacion-con-astrazeneca\\\/\"},\"author\":{\"name\":\"Atenci\u00f3 Prim\u00e0ria Vallcarca - Sant Gervasi\",\"@id\":\"https:\\\/\\\/aprimariavsg.com\\\/es\\\/#\\\/schema\\\/person\\\/8520fba4177df181edc61ee0a8a4f3cd\"},\"headline\":\"Suspensi\u00f3n cautelar de la vacunaci\u00f3n con AstraZeneca\",\"datePublished\":\"2021-03-16T11:53:01+00:00\",\"dateModified\":\"2022-10-21T08:44:25+00:00\",\"mainEntityOfPage\":{\"@id\":\"https:\\\/\\\/aprimariavsg.com\\\/es\\\/suspension-cautelar-de-la-vacunacion-con-astrazeneca\\\/\"},\"wordCount\":131,\"publisher\":{\"@id\":\"https:\\\/\\\/aprimariavsg.com\\\/es\\\/#organization\"},\"image\":{\"@id\":\"https:\\\/\\\/aprimariavsg.com\\\/es\\\/suspension-cautelar-de-la-vacunacion-con-astrazeneca\\\/#primaryimage\"},\"thumbnailUrl\":\"https:\\\/\\\/aprimariavsg.com\\\/wp-content\\\/uploads\\\/2021\\\/03\\\/represaAZ.gif\",\"keywords\":[\"@catal\u00e1n\",\"Coronavirus-SARS-Cov-2\",\"Vacunaci\u00f3n\"],\"articleSection\":[\"Comunicaci\u00f3\",\"Comunicaci\u00f3n\"],\"inLanguage\":\"es\"},{\"@type\":\"WebPage\",\"@id\":\"https:\\\/\\\/aprimariavsg.com\\\/es\\\/suspension-cautelar-de-la-vacunacion-con-astrazeneca\\\/\",\"url\":\"https:\\\/\\\/aprimariavsg.com\\\/es\\\/suspension-cautelar-de-la-vacunacion-con-astrazeneca\\\/\",\"name\":\"Suspensi\u00f3n cautelar de la vacunaci\u00f3n con AstraZeneca - Atenci\u00f3 Prim\u00e0ria Vallcarca - Sant Gervasi\",\"isPartOf\":{\"@id\":\"https:\\\/\\\/aprimariavsg.com\\\/es\\\/#website\"},\"primaryImageOfPage\":{\"@id\":\"https:\\\/\\\/aprimariavsg.com\\\/es\\\/suspension-cautelar-de-la-vacunacion-con-astrazeneca\\\/#primaryimage\"},\"image\":{\"@id\":\"https:\\\/\\\/aprimariavsg.com\\\/es\\\/suspension-cautelar-de-la-vacunacion-con-astrazeneca\\\/#primaryimage\"},\"thumbnailUrl\":\"https:\\\/\\\/aprimariavsg.com\\\/wp-content\\\/uploads\\\/2021\\\/03\\\/represaAZ.gif\",\"datePublished\":\"2021-03-16T11:53:01+00:00\",\"dateModified\":\"2022-10-21T08:44:25+00:00\",\"breadcrumb\":{\"@id\":\"https:\\\/\\\/aprimariavsg.com\\\/es\\\/suspension-cautelar-de-la-vacunacion-con-astrazeneca\\\/#breadcrumb\"},\"inLanguage\":\"es\",\"potentialAction\":[{\"@type\":\"ReadAction\",\"target\":[\"https:\\\/\\\/aprimariavsg.com\\\/es\\\/suspension-cautelar-de-la-vacunacion-con-astrazeneca\\\/\"]}]},{\"@type\":\"ImageObject\",\"inLanguage\":\"es\",\"@id\":\"https:\\\/\\\/aprimariavsg.com\\\/es\\\/suspension-cautelar-de-la-vacunacion-con-astrazeneca\\\/#primaryimage\",\"url\":\"https:\\\/\\\/aprimariavsg.com\\\/wp-content\\\/uploads\\\/2021\\\/03\\\/represaAZ.gif\",\"contentUrl\":\"https:\\\/\\\/aprimariavsg.com\\\/wp-content\\\/uploads\\\/2021\\\/03\\\/represaAZ.gif\",\"width\":1507,\"height\":853},{\"@type\":\"BreadcrumbList\",\"@id\":\"https:\\\/\\\/aprimariavsg.com\\\/es\\\/suspension-cautelar-de-la-vacunacion-con-astrazeneca\\\/#breadcrumb\",\"itemListElement\":[{\"@type\":\"ListItem\",\"position\":1,\"name\":\"Inici\",\"item\":\"https:\\\/\\\/aprimariavsg.com\\\/es\\\/\"},{\"@type\":\"ListItem\",\"position\":2,\"name\":\"Suspensi\u00f3n cautelar de la vacunaci\u00f3n con AstraZeneca\"}]},{\"@type\":\"WebSite\",\"@id\":\"https:\\\/\\\/aprimariavsg.com\\\/es\\\/#website\",\"url\":\"https:\\\/\\\/aprimariavsg.com\\\/es\\\/\",\"name\":\"Atenci\u00f3 Prim\u00e0ria Vallcarca - Sant Gervasi\",\"description\":\"Cap Atenci\u00f3 Prim\u00e0ria\",\"publisher\":{\"@id\":\"https:\\\/\\\/aprimariavsg.com\\\/es\\\/#organization\"},\"potentialAction\":[{\"@type\":\"SearchAction\",\"target\":{\"@type\":\"EntryPoint\",\"urlTemplate\":\"https:\\\/\\\/aprimariavsg.com\\\/es\\\/?s={search_term_string}\"},\"query-input\":{\"@type\":\"PropertyValueSpecification\",\"valueRequired\":true,\"valueName\":\"search_term_string\"}}],\"inLanguage\":\"es\"},{\"@type\":\"Organization\",\"@id\":\"https:\\\/\\\/aprimariavsg.com\\\/es\\\/#organization\",\"name\":\"Atenci\u00f3 Prim\u00e0ria Vallcarca - Sant Gervasi\",\"url\":\"https:\\\/\\\/aprimariavsg.com\\\/es\\\/\",\"logo\":{\"@type\":\"ImageObject\",\"inLanguage\":\"es\",\"@id\":\"https:\\\/\\\/aprimariavsg.com\\\/es\\\/#\\\/schema\\\/logo\\\/image\\\/\",\"url\":\"https:\\\/\\\/aprimariavsg.com\\\/wp-content\\\/uploads\\\/2021\\\/05\\\/APVSG_logo-horitzontal.png\",\"contentUrl\":\"https:\\\/\\\/aprimariavsg.com\\\/wp-content\\\/uploads\\\/2021\\\/05\\\/APVSG_logo-horitzontal.png\",\"width\":816,\"height\":175,\"caption\":\"Atenci\u00f3 Prim\u00e0ria Vallcarca - Sant Gervasi\"},\"image\":{\"@id\":\"https:\\\/\\\/aprimariavsg.com\\\/es\\\/#\\\/schema\\\/logo\\\/image\\\/\"},\"sameAs\":[\"https:\\\/\\\/www.facebook.com\\\/aprimariavsg\\\/\",\"https:\\\/\\\/x.com\\\/aprimariavsg\",\"https:\\\/\\\/www.youtube.com\\\/user\\\/aprimariavsg\"]},{\"@type\":\"Person\",\"@id\":\"https:\\\/\\\/aprimariavsg.com\\\/es\\\/#\\\/schema\\\/person\\\/8520fba4177df181edc61ee0a8a4f3cd\",\"name\":\"Atenci\u00f3 Prim\u00e0ria Vallcarca - Sant Gervasi\",\"sameAs\":[\"https:\\\/\\\/aprimariavsg.com\"],\"url\":\"https:\\\/\\\/aprimariavsg.com\\\/es\\\/author\\\/narrowcasting\\\/\"}]}<\/script>\n<!-- \/ Yoast SEO plugin. -->","yoast_head_json":{"title":"Suspensi\u00f3n cautelar de la vacunaci\u00f3n con AstraZeneca - Atenci\u00f3 Prim\u00e0ria Vallcarca - Sant Gervasi","robots":{"index":"index","follow":"follow","max-snippet":"max-snippet:-1","max-image-preview":"max-image-preview:large","max-video-preview":"max-video-preview:-1"},"canonical":"https:\/\/aprimariavsg.com\/es\/suspension-cautelar-de-la-vacunacion-con-astrazeneca\/","og_locale":"es_ES","og_type":"article","og_title":"Suspensi\u00f3n cautelar de la vacunaci\u00f3n con AstraZeneca - Atenci\u00f3 Prim\u00e0ria Vallcarca - Sant Gervasi","og_description":"A fecha 8\/04\/2021, despu\u00e9s de un nuevo informe de la Agencia Europea del Medicamento, el Ministerio de Sanidad recomienda delimitar la administraci\u00f3n de la vacuna Oxford\/AstraZeneca a personas de 60 a 65 a\u00f1os. Actualizaci\u00f3n 1: reanudaci\u00f3n de la administraci\u00f3n de la vacuna AstraZeneca M\u00e1s informaci\u00f3n: Siguiendo las recomendaciones del Ministerio de Sanidad , \/Salud \u00bfPor [&hellip;]","og_url":"https:\/\/aprimariavsg.com\/es\/suspension-cautelar-de-la-vacunacion-con-astrazeneca\/","og_site_name":"Atenci\u00f3 Prim\u00e0ria Vallcarca - Sant Gervasi","article_publisher":"https:\/\/www.facebook.com\/aprimariavsg\/","article_published_time":"2021-03-16T11:53:01+00:00","article_modified_time":"2022-10-21T08:44:25+00:00","og_image":[{"width":1507,"height":853,"url":"https:\/\/aprimariavsg.com\/wp-content\/uploads\/2021\/03\/represaAZ.gif","type":"image\/gif"}],"author":"Atenci\u00f3 Prim\u00e0ria Vallcarca - Sant Gervasi","twitter_card":"summary_large_image","twitter_creator":"@aprimariavsg","twitter_site":"@aprimariavsg","twitter_misc":{"Escrito por":"Atenci\u00f3 Prim\u00e0ria Vallcarca - Sant Gervasi","Tiempo de lectura":"1 minuto"},"schema":{"@context":"https:\/\/schema.org","@graph":[{"@type":"Article","@id":"https:\/\/aprimariavsg.com\/es\/suspension-cautelar-de-la-vacunacion-con-astrazeneca\/#article","isPartOf":{"@id":"https:\/\/aprimariavsg.com\/es\/suspension-cautelar-de-la-vacunacion-con-astrazeneca\/"},"author":{"name":"Atenci\u00f3 Prim\u00e0ria Vallcarca - Sant Gervasi","@id":"https:\/\/aprimariavsg.com\/es\/#\/schema\/person\/8520fba4177df181edc61ee0a8a4f3cd"},"headline":"Suspensi\u00f3n cautelar de la vacunaci\u00f3n con AstraZeneca","datePublished":"2021-03-16T11:53:01+00:00","dateModified":"2022-10-21T08:44:25+00:00","mainEntityOfPage":{"@id":"https:\/\/aprimariavsg.com\/es\/suspension-cautelar-de-la-vacunacion-con-astrazeneca\/"},"wordCount":131,"publisher":{"@id":"https:\/\/aprimariavsg.com\/es\/#organization"},"image":{"@id":"https:\/\/aprimariavsg.com\/es\/suspension-cautelar-de-la-vacunacion-con-astrazeneca\/#primaryimage"},"thumbnailUrl":"https:\/\/aprimariavsg.com\/wp-content\/uploads\/2021\/03\/represaAZ.gif","keywords":["@catal\u00e1n","Coronavirus-SARS-Cov-2","Vacunaci\u00f3n"],"articleSection":["Comunicaci\u00f3","Comunicaci\u00f3n"],"inLanguage":"es"},{"@type":"WebPage","@id":"https:\/\/aprimariavsg.com\/es\/suspension-cautelar-de-la-vacunacion-con-astrazeneca\/","url":"https:\/\/aprimariavsg.com\/es\/suspension-cautelar-de-la-vacunacion-con-astrazeneca\/","name":"Suspensi\u00f3n cautelar de la vacunaci\u00f3n con AstraZeneca - Atenci\u00f3 Prim\u00e0ria Vallcarca - Sant Gervasi","isPartOf":{"@id":"https:\/\/aprimariavsg.com\/es\/#website"},"primaryImageOfPage":{"@id":"https:\/\/aprimariavsg.com\/es\/suspension-cautelar-de-la-vacunacion-con-astrazeneca\/#primaryimage"},"image":{"@id":"https:\/\/aprimariavsg.com\/es\/suspension-cautelar-de-la-vacunacion-con-astrazeneca\/#primaryimage"},"thumbnailUrl":"https:\/\/aprimariavsg.com\/wp-content\/uploads\/2021\/03\/represaAZ.gif","datePublished":"2021-03-16T11:53:01+00:00","dateModified":"2022-10-21T08:44:25+00:00","breadcrumb":{"@id":"https:\/\/aprimariavsg.com\/es\/suspension-cautelar-de-la-vacunacion-con-astrazeneca\/#breadcrumb"},"inLanguage":"es","potentialAction":[{"@type":"ReadAction","target":["https:\/\/aprimariavsg.com\/es\/suspension-cautelar-de-la-vacunacion-con-astrazeneca\/"]}]},{"@type":"ImageObject","inLanguage":"es","@id":"https:\/\/aprimariavsg.com\/es\/suspension-cautelar-de-la-vacunacion-con-astrazeneca\/#primaryimage","url":"https:\/\/aprimariavsg.com\/wp-content\/uploads\/2021\/03\/represaAZ.gif","contentUrl":"https:\/\/aprimariavsg.com\/wp-content\/uploads\/2021\/03\/represaAZ.gif","width":1507,"height":853},{"@type":"BreadcrumbList","@id":"https:\/\/aprimariavsg.com\/es\/suspension-cautelar-de-la-vacunacion-con-astrazeneca\/#breadcrumb","itemListElement":[{"@type":"ListItem","position":1,"name":"Inici","item":"https:\/\/aprimariavsg.com\/es\/"},{"@type":"ListItem","position":2,"name":"Suspensi\u00f3n cautelar de la vacunaci\u00f3n con AstraZeneca"}]},{"@type":"WebSite","@id":"https:\/\/aprimariavsg.com\/es\/#website","url":"https:\/\/aprimariavsg.com\/es\/","name":"Atenci\u00f3 Prim\u00e0ria Vallcarca - Sant Gervasi","description":"Cap Atenci\u00f3 Prim\u00e0ria","publisher":{"@id":"https:\/\/aprimariavsg.com\/es\/#organization"},"potentialAction":[{"@type":"SearchAction","target":{"@type":"EntryPoint","urlTemplate":"https:\/\/aprimariavsg.com\/es\/?s={search_term_string}"},"query-input":{"@type":"PropertyValueSpecification","valueRequired":true,"valueName":"search_term_string"}}],"inLanguage":"es"},{"@type":"Organization","@id":"https:\/\/aprimariavsg.com\/es\/#organization","name":"Atenci\u00f3 Prim\u00e0ria Vallcarca - Sant Gervasi","url":"https:\/\/aprimariavsg.com\/es\/","logo":{"@type":"ImageObject","inLanguage":"es","@id":"https:\/\/aprimariavsg.com\/es\/#\/schema\/logo\/image\/","url":"https:\/\/aprimariavsg.com\/wp-content\/uploads\/2021\/05\/APVSG_logo-horitzontal.png","contentUrl":"https:\/\/aprimariavsg.com\/wp-content\/uploads\/2021\/05\/APVSG_logo-horitzontal.png","width":816,"height":175,"caption":"Atenci\u00f3 Prim\u00e0ria Vallcarca - Sant Gervasi"},"image":{"@id":"https:\/\/aprimariavsg.com\/es\/#\/schema\/logo\/image\/"},"sameAs":["https:\/\/www.facebook.com\/aprimariavsg\/","https:\/\/x.com\/aprimariavsg","https:\/\/www.youtube.com\/user\/aprimariavsg"]},{"@type":"Person","@id":"https:\/\/aprimariavsg.com\/es\/#\/schema\/person\/8520fba4177df181edc61ee0a8a4f3cd","name":"Atenci\u00f3 Prim\u00e0ria Vallcarca - Sant Gervasi","sameAs":["https:\/\/aprimariavsg.com"],"url":"https:\/\/aprimariavsg.com\/es\/author\/narrowcasting\/"}]}},"_links":{"self":[{"href":"https:\/\/aprimariavsg.com\/es\/wp-json\/wp\/v2\/posts\/96110","targetHints":{"allow":["GET"]}}],"collection":[{"href":"https:\/\/aprimariavsg.com\/es\/wp-json\/wp\/v2\/posts"}],"about":[{"href":"https:\/\/aprimariavsg.com\/es\/wp-json\/wp\/v2\/types\/post"}],"author":[{"embeddable":true,"href":"https:\/\/aprimariavsg.com\/es\/wp-json\/wp\/v2\/users\/1"}],"replies":[{"embeddable":true,"href":"https:\/\/aprimariavsg.com\/es\/wp-json\/wp\/v2\/comments?post=96110"}],"version-history":[{"count":0,"href":"https:\/\/aprimariavsg.com\/es\/wp-json\/wp\/v2\/posts\/96110\/revisions"}],"wp:featuredmedia":[{"embeddable":true,"href":"https:\/\/aprimariavsg.com\/es\/wp-json\/wp\/v2\/media\/95070"}],"wp:attachment":[{"href":"https:\/\/aprimariavsg.com\/es\/wp-json\/wp\/v2\/media?parent=96110"}],"wp:term":[{"taxonomy":"category","embeddable":true,"href":"https:\/\/aprimariavsg.com\/es\/wp-json\/wp\/v2\/categories?post=96110"},{"taxonomy":"post_tag","embeddable":true,"href":"https:\/\/aprimariavsg.com\/es\/wp-json\/wp\/v2\/tags?post=96110"}],"curies":[{"name":"wp","href":"https:\/\/api.w.org\/{rel}","templated":true}]}}