{"id":96090,"date":"2021-04-08T07:21:36","date_gmt":"2021-04-08T07:21:36","guid":{"rendered":"https:\/\/aprimariavsg.com\/vacunacion-de-mayores-de-70-anos-en-el-cap\/"},"modified":"2022-10-17T11:41:00","modified_gmt":"2022-10-17T11:41:00","slug":"vacunacion-de-mayores-de-70-anos-en-el-cap","status":"publish","type":"post","link":"https:\/\/aprimariavsg.com\/es\/vacunacion-de-mayores-de-70-anos-en-el-cap\/","title":{"rendered":"Vacunaci\u00f3n de mayores de 70 a\u00f1os en el CAP"},"content":{"rendered":"<p><span style=\"\\\"color:\">Esta semana estamos terminando de vacunar a las personas <strong>mayores de 80 a\u00f1os<\/strong> asignadas a nuestro centro de atenci\u00f3n primaria. El <span style=\"\\\"text-decoration:\" underline=\"\"><a href=\"%5C%22https:\/\/canalsalut.gencat.cat\/ca\/salut-a-z\/v\/vacuna-covid-19\/convocatoria\/ciutadania\/%5C%22\" target=\"\\\"_blank\\\"\" rel=\"\\\"noopener\" noreferrer=\"\">Departamento de Salud<\/a><\/span> ha hecho extensiva la campa\u00f1a de vacunaci\u00f3n a otras franjas de edad.<\/span><\/p>\n<ul>\n<li><span style=\"\\\"color:\">Personas de <strong>70 a 79 a\u00f1os<\/strong> . Contactaremos desde el <strong>CAP<\/strong> para programar la cita de la primera y segunda dosis de la vacuna de Pfizer. El contacto se har\u00e1 de forma progresiva <strong>durante las pr\u00f3ximas semanas<\/strong> , a medida que sepamos de cu\u00e1ntos viales dispondremos, priorizando a las personas de mayor edad.<\/span><\/li>\n<li><span style=\"\\\"color:\">Personas de <strong>60 a 65 a\u00f1os<\/strong> . El Departamento de <strong>Salud<\/strong> est\u00e1 contactando directamente. Nuestro CAP <strong>no<\/strong> participa en la administraci\u00f3n de la vacuna en este grupo de edad. \/Salud ha habilitado una web espec\u00edfica para solicitar cita <strong><a href=\"%5C%22https:\/\/vacunacovid.catsalut.gencat.cat\/%5C%22\"><span style=\"\\\"text-decoration:\" underline=\"\">vacunacovid.catsalut.gencat.cat<\/span> .<\/a><\/strong><\/span><\/li>\n<\/ul>\n<p><span style=\\\"color: #000080;\\\">[Actualizaci\u00f3n 13\/04\/2021: <span style=\"\\\"text-decoration:\" underline=\"\"><a href=\"%5C%22https:\/\/canalsalut.gencat.cat\/ca\/salut-a-z\/v\/vacuna-covid-19\/convocatoria\/%5C%22\" target=\"\\\"_blank\\\"\" rel=\"\\\"noopener\" noreferrer=\"\">\/Salud<\/a><\/span><span style=\"\\\"color:\"> ha ampliado la convocatoria a las personas nacidas en 1952. Hay que pedir cita en<\/span> <a href=\"%5C%22http:\/\/vacunacovid.catsalut.gencat.cat%5C%22\" target=\"\\\"_blank\\\"\" rel=\"\\\"noopener\" noreferrer=\"\"><span style=\"\\\"text-decoration:\" underline=\"\">vacunacovid.catsalut.gencat.cat<\/span><\/a> ]<\/p>\n<p>&nbsp;<\/p>\n<blockquote><p><span style=\"\\\"color:\">M\u00e1s informaci\u00f3n sobre las convocatorias vigentes de vacunaci\u00f3n de la Covid-19 en<\/span> <span style=\"\\\"text-decoration:\" underline=\"\"><a href=\"%5C%22https:\/\/canalsalut.gencat.cat\/ca\/salut-a-z\/v\/vacuna-covid-19\/convocatoria\/ciutadania\/%5C%22\" target=\"\\\"_blank\\\"\" rel=\"\\\"noopener\" noreferrer=\"\">Canal Salud Coronavirus SARS-CoV-2.<\/a><\/span><\/p><\/blockquote>\n","protected":false},"excerpt":{"rendered":"<p>Personas de 70 a 79 a\u00f1os . Contactaremos desde el CAP para programar la cita de la primera y segunda dosis de la vacuna de Pfizer. El contacto se har\u00e1 de forma progresiva durante las pr\u00f3ximas semanas , a medida que sepamos de cu\u00e1ntos viales dispondremos, priorizando a las personas de mayor edad. vacunacovid.catsalut.gencat.cat . [&hellip;]<\/p>\n","protected":false},"author":1,"featured_media":95071,"comment_status":"closed","ping_status":"open","sticky":false,"template":"elementor_header_footer","format":"standard","meta":{"site-sidebar-layout":"default","site-content-layout":"","ast-site-content-layout":"default","site-content-style":"default","site-sidebar-style":"default","ast-global-header-display":"","ast-banner-title-visibility":"","ast-main-header-display":"","ast-hfb-above-header-display":"","ast-hfb-below-header-display":"","ast-hfb-mobile-header-display":"","site-post-title":"","ast-breadcrumbs-content":"","ast-featured-img":"","footer-sml-layout":"","ast-disable-related-posts":"","theme-transparent-header-meta":"","adv-header-id-meta":"","stick-header-meta":"","header-above-stick-meta":"","header-main-stick-meta":"","header-below-stick-meta":"","astra-migrate-meta-layouts":"default","ast-page-background-enabled":"default","ast-page-background-meta":{"desktop":{"background-color":"","background-image":"","background-repeat":"repeat","background-position":"center center","background-size":"auto","background-attachment":"scroll","background-type":"","background-media":"","overlay-type":"","overlay-color":"","overlay-opacity":"","overlay-gradient":""},"tablet":{"background-color":"","background-image":"","background-repeat":"repeat","background-position":"center center","background-size":"auto","background-attachment":"scroll","background-type":"","background-media":"","overlay-type":"","overlay-color":"","overlay-opacity":"","overlay-gradient":""},"mobile":{"background-color":"","background-image":"","background-repeat":"repeat","background-position":"center center","background-size":"auto","background-attachment":"scroll","background-type":"","background-media":"","overlay-type":"","overlay-color":"","overlay-opacity":"","overlay-gradient":""}},"ast-content-background-meta":{"desktop":{"background-color":"var(--ast-global-color-5)","background-image":"","background-repeat":"repeat","background-position":"center center","background-size":"auto","background-attachment":"scroll","background-type":"","background-media":"","overlay-type":"","overlay-color":"","overlay-opacity":"","overlay-gradient":""},"tablet":{"background-color":"var(--ast-global-color-5)","background-image":"","background-repeat":"repeat","background-position":"center center","background-size":"auto","background-attachment":"scroll","background-type":"","background-media":"","overlay-type":"","overlay-color":"","overlay-opacity":"","overlay-gradient":""},"mobile":{"background-color":"var(--ast-global-color-5)","background-image":"","background-repeat":"repeat","background-position":"center center","background-size":"auto","background-attachment":"scroll","background-type":"","background-media":"","overlay-type":"","overlay-color":"","overlay-opacity":"","overlay-gradient":""}},"footnotes":""},"categories":[332],"tags":[327,334,337,366],"class_list":["post-96090","post","type-post","status-publish","format-standard","has-post-thumbnail","hentry","category-comunicacion-es","tag-catalan","tag-coronavirus-sars-cov-2","tag-personas-mayores","tag-vacunacion-es"],"yoast_head":"<!-- This site is optimized with the Yoast SEO plugin v27.5 - https:\/\/yoast.com\/product\/yoast-seo-wordpress\/ -->\n<title>Vacunaci\u00f3n de mayores de 70 a\u00f1os en el CAP - Atenci\u00f3 Prim\u00e0ria Vallcarca - Sant Gervasi<\/title>\n<meta name=\"robots\" content=\"index, follow, max-snippet:-1, max-image-preview:large, max-video-preview:-1\" \/>\n<link rel=\"canonical\" href=\"https:\/\/aprimariavsg.com\/es\/vacunacion-de-mayores-de-70-anos-en-el-cap\/\" \/>\n<meta property=\"og:locale\" content=\"es_ES\" \/>\n<meta property=\"og:type\" content=\"article\" \/>\n<meta property=\"og:title\" content=\"Vacunaci\u00f3n de mayores de 70 a\u00f1os en el CAP - Atenci\u00f3 Prim\u00e0ria Vallcarca - Sant Gervasi\" \/>\n<meta property=\"og:description\" content=\"Personas de 70 a 79 a\u00f1os . Contactaremos desde el CAP para programar la cita de la primera y segunda dosis de la vacuna de Pfizer. El contacto se har\u00e1 de forma progresiva durante las pr\u00f3ximas semanas , a medida que sepamos de cu\u00e1ntos viales dispondremos, priorizando a las personas de mayor edad. vacunacovid.catsalut.gencat.cat . [&hellip;]\" \/>\n<meta property=\"og:url\" content=\"https:\/\/aprimariavsg.com\/es\/vacunacion-de-mayores-de-70-anos-en-el-cap\/\" \/>\n<meta property=\"og:site_name\" content=\"Atenci\u00f3 Prim\u00e0ria Vallcarca - Sant Gervasi\" \/>\n<meta property=\"article:publisher\" content=\"https:\/\/www.facebook.com\/aprimariavsg\/\" \/>\n<meta property=\"article:published_time\" content=\"2021-04-08T07:21:36+00:00\" \/>\n<meta property=\"article:modified_time\" content=\"2022-10-17T11:41:00+00:00\" \/>\n<meta property=\"og:image\" content=\"https:\/\/aprimariavsg.com\/wp-content\/uploads\/2021\/04\/web-vacunacio70.jpg\" \/>\n\t<meta property=\"og:image:width\" content=\"1060\" \/>\n\t<meta property=\"og:image:height\" content=\"600\" \/>\n\t<meta property=\"og:image:type\" content=\"image\/jpeg\" \/>\n<meta name=\"author\" content=\"Atenci\u00f3 Prim\u00e0ria Vallcarca - Sant Gervasi\" \/>\n<meta name=\"twitter:card\" content=\"summary_large_image\" \/>\n<meta name=\"twitter:creator\" content=\"@aprimariavsg\" \/>\n<meta name=\"twitter:site\" content=\"@aprimariavsg\" \/>\n<meta name=\"twitter:label1\" content=\"Escrito por\" \/>\n\t<meta name=\"twitter:data1\" content=\"Atenci\u00f3 Prim\u00e0ria Vallcarca - Sant Gervasi\" \/>\n<script type=\"application\/ld+json\" class=\"yoast-schema-graph\">{\"@context\":\"https:\\\/\\\/schema.org\",\"@graph\":[{\"@type\":\"Article\",\"@id\":\"https:\\\/\\\/aprimariavsg.com\\\/es\\\/vacunacion-de-mayores-de-70-anos-en-el-cap\\\/#article\",\"isPartOf\":{\"@id\":\"https:\\\/\\\/aprimariavsg.com\\\/es\\\/vacunacion-de-mayores-de-70-anos-en-el-cap\\\/\"},\"author\":{\"name\":\"Atenci\u00f3 Prim\u00e0ria Vallcarca - Sant Gervasi\",\"@id\":\"https:\\\/\\\/aprimariavsg.com\\\/es\\\/#\\\/schema\\\/person\\\/8520fba4177df181edc61ee0a8a4f3cd\"},\"headline\":\"Vacunaci\u00f3n de mayores de 70 a\u00f1os en el CAP\",\"datePublished\":\"2021-04-08T07:21:36+00:00\",\"dateModified\":\"2022-10-17T11:41:00+00:00\",\"mainEntityOfPage\":{\"@id\":\"https:\\\/\\\/aprimariavsg.com\\\/es\\\/vacunacion-de-mayores-de-70-anos-en-el-cap\\\/\"},\"wordCount\":88,\"publisher\":{\"@id\":\"https:\\\/\\\/aprimariavsg.com\\\/es\\\/#organization\"},\"image\":{\"@id\":\"https:\\\/\\\/aprimariavsg.com\\\/es\\\/vacunacion-de-mayores-de-70-anos-en-el-cap\\\/#primaryimage\"},\"thumbnailUrl\":\"https:\\\/\\\/aprimariavsg.com\\\/wp-content\\\/uploads\\\/2021\\\/04\\\/web-vacunacio70.jpg\",\"keywords\":[\"@catal\u00e1n\",\"Coronavirus-SARS-Cov-2\",\"Personas Mayores\",\"Vacunaci\u00f3n\"],\"articleSection\":[\"Comunicaci\u00f3n\"],\"inLanguage\":\"es\"},{\"@type\":\"WebPage\",\"@id\":\"https:\\\/\\\/aprimariavsg.com\\\/es\\\/vacunacion-de-mayores-de-70-anos-en-el-cap\\\/\",\"url\":\"https:\\\/\\\/aprimariavsg.com\\\/es\\\/vacunacion-de-mayores-de-70-anos-en-el-cap\\\/\",\"name\":\"Vacunaci\u00f3n de mayores de 70 a\u00f1os en el CAP - Atenci\u00f3 Prim\u00e0ria Vallcarca - Sant Gervasi\",\"isPartOf\":{\"@id\":\"https:\\\/\\\/aprimariavsg.com\\\/es\\\/#website\"},\"primaryImageOfPage\":{\"@id\":\"https:\\\/\\\/aprimariavsg.com\\\/es\\\/vacunacion-de-mayores-de-70-anos-en-el-cap\\\/#primaryimage\"},\"image\":{\"@id\":\"https:\\\/\\\/aprimariavsg.com\\\/es\\\/vacunacion-de-mayores-de-70-anos-en-el-cap\\\/#primaryimage\"},\"thumbnailUrl\":\"https:\\\/\\\/aprimariavsg.com\\\/wp-content\\\/uploads\\\/2021\\\/04\\\/web-vacunacio70.jpg\",\"datePublished\":\"2021-04-08T07:21:36+00:00\",\"dateModified\":\"2022-10-17T11:41:00+00:00\",\"breadcrumb\":{\"@id\":\"https:\\\/\\\/aprimariavsg.com\\\/es\\\/vacunacion-de-mayores-de-70-anos-en-el-cap\\\/#breadcrumb\"},\"inLanguage\":\"es\",\"potentialAction\":[{\"@type\":\"ReadAction\",\"target\":[\"https:\\\/\\\/aprimariavsg.com\\\/es\\\/vacunacion-de-mayores-de-70-anos-en-el-cap\\\/\"]}]},{\"@type\":\"ImageObject\",\"inLanguage\":\"es\",\"@id\":\"https:\\\/\\\/aprimariavsg.com\\\/es\\\/vacunacion-de-mayores-de-70-anos-en-el-cap\\\/#primaryimage\",\"url\":\"https:\\\/\\\/aprimariavsg.com\\\/wp-content\\\/uploads\\\/2021\\\/04\\\/web-vacunacio70.jpg\",\"contentUrl\":\"https:\\\/\\\/aprimariavsg.com\\\/wp-content\\\/uploads\\\/2021\\\/04\\\/web-vacunacio70.jpg\",\"width\":1060,\"height\":600},{\"@type\":\"BreadcrumbList\",\"@id\":\"https:\\\/\\\/aprimariavsg.com\\\/es\\\/vacunacion-de-mayores-de-70-anos-en-el-cap\\\/#breadcrumb\",\"itemListElement\":[{\"@type\":\"ListItem\",\"position\":1,\"name\":\"Inici\",\"item\":\"https:\\\/\\\/aprimariavsg.com\\\/es\\\/\"},{\"@type\":\"ListItem\",\"position\":2,\"name\":\"Vacunaci\u00f3n de mayores de 70 a\u00f1os en el CAP\"}]},{\"@type\":\"WebSite\",\"@id\":\"https:\\\/\\\/aprimariavsg.com\\\/es\\\/#website\",\"url\":\"https:\\\/\\\/aprimariavsg.com\\\/es\\\/\",\"name\":\"Atenci\u00f3 Prim\u00e0ria Vallcarca - Sant Gervasi\",\"description\":\"Cap Atenci\u00f3 Prim\u00e0ria\",\"publisher\":{\"@id\":\"https:\\\/\\\/aprimariavsg.com\\\/es\\\/#organization\"},\"potentialAction\":[{\"@type\":\"SearchAction\",\"target\":{\"@type\":\"EntryPoint\",\"urlTemplate\":\"https:\\\/\\\/aprimariavsg.com\\\/es\\\/?s={search_term_string}\"},\"query-input\":{\"@type\":\"PropertyValueSpecification\",\"valueRequired\":true,\"valueName\":\"search_term_string\"}}],\"inLanguage\":\"es\"},{\"@type\":\"Organization\",\"@id\":\"https:\\\/\\\/aprimariavsg.com\\\/es\\\/#organization\",\"name\":\"Atenci\u00f3 Prim\u00e0ria Vallcarca - Sant Gervasi\",\"url\":\"https:\\\/\\\/aprimariavsg.com\\\/es\\\/\",\"logo\":{\"@type\":\"ImageObject\",\"inLanguage\":\"es\",\"@id\":\"https:\\\/\\\/aprimariavsg.com\\\/es\\\/#\\\/schema\\\/logo\\\/image\\\/\",\"url\":\"https:\\\/\\\/aprimariavsg.com\\\/wp-content\\\/uploads\\\/2021\\\/05\\\/APVSG_logo-horitzontal.png\",\"contentUrl\":\"https:\\\/\\\/aprimariavsg.com\\\/wp-content\\\/uploads\\\/2021\\\/05\\\/APVSG_logo-horitzontal.png\",\"width\":816,\"height\":175,\"caption\":\"Atenci\u00f3 Prim\u00e0ria Vallcarca - Sant Gervasi\"},\"image\":{\"@id\":\"https:\\\/\\\/aprimariavsg.com\\\/es\\\/#\\\/schema\\\/logo\\\/image\\\/\"},\"sameAs\":[\"https:\\\/\\\/www.facebook.com\\\/aprimariavsg\\\/\",\"https:\\\/\\\/x.com\\\/aprimariavsg\",\"https:\\\/\\\/www.youtube.com\\\/user\\\/aprimariavsg\"]},{\"@type\":\"Person\",\"@id\":\"https:\\\/\\\/aprimariavsg.com\\\/es\\\/#\\\/schema\\\/person\\\/8520fba4177df181edc61ee0a8a4f3cd\",\"name\":\"Atenci\u00f3 Prim\u00e0ria Vallcarca - Sant Gervasi\",\"sameAs\":[\"https:\\\/\\\/aprimariavsg.com\"],\"url\":\"https:\\\/\\\/aprimariavsg.com\\\/es\\\/author\\\/narrowcasting\\\/\"}]}<\/script>\n<!-- \/ Yoast SEO plugin. -->","yoast_head_json":{"title":"Vacunaci\u00f3n de mayores de 70 a\u00f1os en el CAP - Atenci\u00f3 Prim\u00e0ria Vallcarca - Sant Gervasi","robots":{"index":"index","follow":"follow","max-snippet":"max-snippet:-1","max-image-preview":"max-image-preview:large","max-video-preview":"max-video-preview:-1"},"canonical":"https:\/\/aprimariavsg.com\/es\/vacunacion-de-mayores-de-70-anos-en-el-cap\/","og_locale":"es_ES","og_type":"article","og_title":"Vacunaci\u00f3n de mayores de 70 a\u00f1os en el CAP - Atenci\u00f3 Prim\u00e0ria Vallcarca - Sant Gervasi","og_description":"Personas de 70 a 79 a\u00f1os . Contactaremos desde el CAP para programar la cita de la primera y segunda dosis de la vacuna de Pfizer. El contacto se har\u00e1 de forma progresiva durante las pr\u00f3ximas semanas , a medida que sepamos de cu\u00e1ntos viales dispondremos, priorizando a las personas de mayor edad. vacunacovid.catsalut.gencat.cat . [&hellip;]","og_url":"https:\/\/aprimariavsg.com\/es\/vacunacion-de-mayores-de-70-anos-en-el-cap\/","og_site_name":"Atenci\u00f3 Prim\u00e0ria Vallcarca - Sant Gervasi","article_publisher":"https:\/\/www.facebook.com\/aprimariavsg\/","article_published_time":"2021-04-08T07:21:36+00:00","article_modified_time":"2022-10-17T11:41:00+00:00","og_image":[{"width":1060,"height":600,"url":"https:\/\/aprimariavsg.com\/wp-content\/uploads\/2021\/04\/web-vacunacio70.jpg","type":"image\/jpeg"}],"author":"Atenci\u00f3 Prim\u00e0ria Vallcarca - Sant Gervasi","twitter_card":"summary_large_image","twitter_creator":"@aprimariavsg","twitter_site":"@aprimariavsg","twitter_misc":{"Escrito por":"Atenci\u00f3 Prim\u00e0ria Vallcarca - Sant Gervasi"},"schema":{"@context":"https:\/\/schema.org","@graph":[{"@type":"Article","@id":"https:\/\/aprimariavsg.com\/es\/vacunacion-de-mayores-de-70-anos-en-el-cap\/#article","isPartOf":{"@id":"https:\/\/aprimariavsg.com\/es\/vacunacion-de-mayores-de-70-anos-en-el-cap\/"},"author":{"name":"Atenci\u00f3 Prim\u00e0ria Vallcarca - Sant Gervasi","@id":"https:\/\/aprimariavsg.com\/es\/#\/schema\/person\/8520fba4177df181edc61ee0a8a4f3cd"},"headline":"Vacunaci\u00f3n de mayores de 70 a\u00f1os en el CAP","datePublished":"2021-04-08T07:21:36+00:00","dateModified":"2022-10-17T11:41:00+00:00","mainEntityOfPage":{"@id":"https:\/\/aprimariavsg.com\/es\/vacunacion-de-mayores-de-70-anos-en-el-cap\/"},"wordCount":88,"publisher":{"@id":"https:\/\/aprimariavsg.com\/es\/#organization"},"image":{"@id":"https:\/\/aprimariavsg.com\/es\/vacunacion-de-mayores-de-70-anos-en-el-cap\/#primaryimage"},"thumbnailUrl":"https:\/\/aprimariavsg.com\/wp-content\/uploads\/2021\/04\/web-vacunacio70.jpg","keywords":["@catal\u00e1n","Coronavirus-SARS-Cov-2","Personas Mayores","Vacunaci\u00f3n"],"articleSection":["Comunicaci\u00f3n"],"inLanguage":"es"},{"@type":"WebPage","@id":"https:\/\/aprimariavsg.com\/es\/vacunacion-de-mayores-de-70-anos-en-el-cap\/","url":"https:\/\/aprimariavsg.com\/es\/vacunacion-de-mayores-de-70-anos-en-el-cap\/","name":"Vacunaci\u00f3n de mayores de 70 a\u00f1os en el CAP - Atenci\u00f3 Prim\u00e0ria Vallcarca - Sant Gervasi","isPartOf":{"@id":"https:\/\/aprimariavsg.com\/es\/#website"},"primaryImageOfPage":{"@id":"https:\/\/aprimariavsg.com\/es\/vacunacion-de-mayores-de-70-anos-en-el-cap\/#primaryimage"},"image":{"@id":"https:\/\/aprimariavsg.com\/es\/vacunacion-de-mayores-de-70-anos-en-el-cap\/#primaryimage"},"thumbnailUrl":"https:\/\/aprimariavsg.com\/wp-content\/uploads\/2021\/04\/web-vacunacio70.jpg","datePublished":"2021-04-08T07:21:36+00:00","dateModified":"2022-10-17T11:41:00+00:00","breadcrumb":{"@id":"https:\/\/aprimariavsg.com\/es\/vacunacion-de-mayores-de-70-anos-en-el-cap\/#breadcrumb"},"inLanguage":"es","potentialAction":[{"@type":"ReadAction","target":["https:\/\/aprimariavsg.com\/es\/vacunacion-de-mayores-de-70-anos-en-el-cap\/"]}]},{"@type":"ImageObject","inLanguage":"es","@id":"https:\/\/aprimariavsg.com\/es\/vacunacion-de-mayores-de-70-anos-en-el-cap\/#primaryimage","url":"https:\/\/aprimariavsg.com\/wp-content\/uploads\/2021\/04\/web-vacunacio70.jpg","contentUrl":"https:\/\/aprimariavsg.com\/wp-content\/uploads\/2021\/04\/web-vacunacio70.jpg","width":1060,"height":600},{"@type":"BreadcrumbList","@id":"https:\/\/aprimariavsg.com\/es\/vacunacion-de-mayores-de-70-anos-en-el-cap\/#breadcrumb","itemListElement":[{"@type":"ListItem","position":1,"name":"Inici","item":"https:\/\/aprimariavsg.com\/es\/"},{"@type":"ListItem","position":2,"name":"Vacunaci\u00f3n de mayores de 70 a\u00f1os en el CAP"}]},{"@type":"WebSite","@id":"https:\/\/aprimariavsg.com\/es\/#website","url":"https:\/\/aprimariavsg.com\/es\/","name":"Atenci\u00f3 Prim\u00e0ria Vallcarca - Sant Gervasi","description":"Cap Atenci\u00f3 Prim\u00e0ria","publisher":{"@id":"https:\/\/aprimariavsg.com\/es\/#organization"},"potentialAction":[{"@type":"SearchAction","target":{"@type":"EntryPoint","urlTemplate":"https:\/\/aprimariavsg.com\/es\/?s={search_term_string}"},"query-input":{"@type":"PropertyValueSpecification","valueRequired":true,"valueName":"search_term_string"}}],"inLanguage":"es"},{"@type":"Organization","@id":"https:\/\/aprimariavsg.com\/es\/#organization","name":"Atenci\u00f3 Prim\u00e0ria Vallcarca - Sant Gervasi","url":"https:\/\/aprimariavsg.com\/es\/","logo":{"@type":"ImageObject","inLanguage":"es","@id":"https:\/\/aprimariavsg.com\/es\/#\/schema\/logo\/image\/","url":"https:\/\/aprimariavsg.com\/wp-content\/uploads\/2021\/05\/APVSG_logo-horitzontal.png","contentUrl":"https:\/\/aprimariavsg.com\/wp-content\/uploads\/2021\/05\/APVSG_logo-horitzontal.png","width":816,"height":175,"caption":"Atenci\u00f3 Prim\u00e0ria Vallcarca - Sant Gervasi"},"image":{"@id":"https:\/\/aprimariavsg.com\/es\/#\/schema\/logo\/image\/"},"sameAs":["https:\/\/www.facebook.com\/aprimariavsg\/","https:\/\/x.com\/aprimariavsg","https:\/\/www.youtube.com\/user\/aprimariavsg"]},{"@type":"Person","@id":"https:\/\/aprimariavsg.com\/es\/#\/schema\/person\/8520fba4177df181edc61ee0a8a4f3cd","name":"Atenci\u00f3 Prim\u00e0ria Vallcarca - Sant Gervasi","sameAs":["https:\/\/aprimariavsg.com"],"url":"https:\/\/aprimariavsg.com\/es\/author\/narrowcasting\/"}]}},"_links":{"self":[{"href":"https:\/\/aprimariavsg.com\/es\/wp-json\/wp\/v2\/posts\/96090","targetHints":{"allow":["GET"]}}],"collection":[{"href":"https:\/\/aprimariavsg.com\/es\/wp-json\/wp\/v2\/posts"}],"about":[{"href":"https:\/\/aprimariavsg.com\/es\/wp-json\/wp\/v2\/types\/post"}],"author":[{"embeddable":true,"href":"https:\/\/aprimariavsg.com\/es\/wp-json\/wp\/v2\/users\/1"}],"replies":[{"embeddable":true,"href":"https:\/\/aprimariavsg.com\/es\/wp-json\/wp\/v2\/comments?post=96090"}],"version-history":[{"count":0,"href":"https:\/\/aprimariavsg.com\/es\/wp-json\/wp\/v2\/posts\/96090\/revisions"}],"wp:featuredmedia":[{"embeddable":true,"href":"https:\/\/aprimariavsg.com\/es\/wp-json\/wp\/v2\/media\/95071"}],"wp:attachment":[{"href":"https:\/\/aprimariavsg.com\/es\/wp-json\/wp\/v2\/media?parent=96090"}],"wp:term":[{"taxonomy":"category","embeddable":true,"href":"https:\/\/aprimariavsg.com\/es\/wp-json\/wp\/v2\/categories?post=96090"},{"taxonomy":"post_tag","embeddable":true,"href":"https:\/\/aprimariavsg.com\/es\/wp-json\/wp\/v2\/tags?post=96090"}],"curies":[{"name":"wp","href":"https:\/\/api.w.org\/{rel}","templated":true}]}}