{"id":96087,"date":"2021-02-22T15:15:58","date_gmt":"2021-02-22T15:15:58","guid":{"rendered":"https:\/\/aprimariavsg.com\/inicio-de-la-vacunacion-de-la-covid-19-en-el-cap\/"},"modified":"2022-10-21T08:44:22","modified_gmt":"2022-10-21T08:44:22","slug":"inicio-de-la-vacunacion-de-la-covid-19-en-el-cap","status":"publish","type":"post","link":"https:\/\/aprimariavsg.com\/es\/inicio-de-la-vacunacion-de-la-covid-19-en-el-cap\/","title":{"rendered":"Inicio de la vacunaci\u00f3n de la Covid-19 en el CAP"},"content":{"rendered":"<p>          <span style=\"\\\"color:\">A partir de esta semana, desde la atenci\u00f3n primaria de salud empezamos la vacunaci\u00f3n de los siguientes grupos:<\/span><\/p>\n<ul>\n<li><span style=\"\\\"color:\">Personas mayores de 80 a\u00f1os (se priorizar\u00e1 en funci\u00f3n de la edad).<br \/>\n<\/span><\/li>\n<li><span style=\"\\\"color:\">Personas en atenci\u00f3n domiciliaria (programa ATDOM).<br \/>\n<\/span><\/li>\n<li><span style=\"\\\"color:\">Personas con dependencia reconocida por el Departamento de Trabajo, Asuntos Sociales y Familias.<\/span><\/li>\n<li><span style=\"\\\"color:\">Personas cuidadoras de los pacientes dependientes o ATDOM incluidos en esta fase (s\u00f3lo persona cuidadora para cada paciente).<br \/>\n<\/span><\/li>\n<\/ul>\n<p>          <span style=\"\\\"color:\">El <span style=\"\\\"text-decoration:\" underline=\"\"><a href=\"%5C%22https:\/\/salutweb.gencat.cat\/ca\/inici%5C%22\" target=\"\\\"_blank\\\"\" rel=\"\\\"noopener\" noreferrer=\"\">Departament de Salut<\/a><\/span> nos ha facilitado los listados con las personas a vacunar. Desde el CAP <strong>contactaremos v\u00eda telef\u00f3nica durante las pr\u00f3ximas semanas<\/strong> , para programar la vacuna, <\/span><br \/>\n          <span style=\"\\\"color:\"><strong>en funci\u00f3n de las dosis que vayan llegando<\/strong> . Deberemos vacunar con dos dosis a casi 4.000 personas de estos grupos de riesgo, por lo que se har\u00e1 <strong>de forma progresiva<\/strong> . La vacuna llegar\u00e1 a todo el <strong>mundo<\/strong> .<\/span><\/p>\n<p>          <span style=\"\\\"color:\">Es una <strong>vacuna de dif\u00edcil manejo a domicilio<\/strong> , por lo que siempre intentaremos que el paciente se desplace al CAP para la vacunaci\u00f3n.<br \/>\n<\/span><\/p>\n<p>          <span style=\"\\\"color:\">En el momento de la llamada le indicaremos la hora y la ubicaci\u00f3n de la cita de la primera y la segunda dosis de la vacuna.<\/span><\/p>\n<p>          <span style=\"\\\"color:\"> <\/span><\/p>\n<p>          <span style=\"\\\"color:\"><strong>IMPORTANTE<\/strong> : para no saturar las l\u00edneas telef\u00f3nicas, le rogamos que no llame para solicitar la vacunaci\u00f3n. A medida que sepamos cu\u00e1l es la disponibilidad de las vacunas (n\u00famero de dosis y fechas), iremos contactando telef\u00f3nicamente con los pacientes de los listados.<\/span><\/p>\n<p>          <span style=\"\\\"color:\">Les recordamos que la vacuna de la Covid-19 est\u00e1 gestionada por el Departamento de Salud y es <strong>gratuita<\/strong> en todos los casos.<\/span><\/p>\n<p>          <span style=\"\\\"color:\">Para m\u00e1s informaci\u00f3n sobre la campa\u00f1a de vacunaci\u00f3n y los colectivos priorizados en cada fase, le recomendamos <span style=\"\\\"text-decoration:\" underline=\"\"><a href=\"%5C%22https:\/\/canalsalut.gencat.cat\/ca\/salut-a-z\/v\/vacuna-covid-19\/ciutadania\/preguntes\/colectius-prioritzats\/%5C%22\" target=\"\\\"_blank\\\"\" rel=\"\\\"noopener\" noreferrer=\"\">la web oficial <strong>Canal Salut<\/strong><\/a><\/span> .<\/span><\/p>\n<p>          <span style=\"\\\"color:\"> <\/span><\/p>\n","protected":false},"excerpt":{"rendered":"<p>Personas mayores de 80 a\u00f1os (se priorizar\u00e1 en funci\u00f3n de la edad). Personas con dependencia reconocida por el Departamento de Trabajo, Asuntos Sociales y Familias. El Departament de Salut nos ha facilitado los listados con las personas a vacunar. Desde el CAP contactaremos v\u00eda telef\u00f3nica durante las pr\u00f3ximas semanas , para programar la vacuna, Es [&hellip;]<\/p>\n","protected":false},"author":1,"featured_media":95068,"comment_status":"closed","ping_status":"open","sticky":false,"template":"","format":"standard","meta":{"site-sidebar-layout":"default","site-content-layout":"default","ast-site-content-layout":"default","site-content-style":"default","site-sidebar-style":"default","ast-global-header-display":"","ast-banner-title-visibility":"","ast-main-header-display":"","ast-hfb-above-header-display":"","ast-hfb-below-header-display":"","ast-hfb-mobile-header-display":"","site-post-title":"","ast-breadcrumbs-content":"","ast-featured-img":"","footer-sml-layout":"","ast-disable-related-posts":"","theme-transparent-header-meta":"","adv-header-id-meta":"","stick-header-meta":"","header-above-stick-meta":"","header-main-stick-meta":"","header-below-stick-meta":"","astra-migrate-meta-layouts":"default","ast-page-background-enabled":"default","ast-page-background-meta":{"desktop":{"background-color":"","background-image":"","background-repeat":"repeat","background-position":"center center","background-size":"auto","background-attachment":"scroll","background-type":"","background-media":"","overlay-type":"","overlay-color":"","overlay-opacity":"","overlay-gradient":""},"tablet":{"background-color":"","background-image":"","background-repeat":"repeat","background-position":"center center","background-size":"auto","background-attachment":"scroll","background-type":"","background-media":"","overlay-type":"","overlay-color":"","overlay-opacity":"","overlay-gradient":""},"mobile":{"background-color":"","background-image":"","background-repeat":"repeat","background-position":"center center","background-size":"auto","background-attachment":"scroll","background-type":"","background-media":"","overlay-type":"","overlay-color":"","overlay-opacity":"","overlay-gradient":""}},"ast-content-background-meta":{"desktop":{"background-color":"var(--ast-global-color-5)","background-image":"","background-repeat":"repeat","background-position":"center center","background-size":"auto","background-attachment":"scroll","background-type":"","background-media":"","overlay-type":"","overlay-color":"","overlay-opacity":"","overlay-gradient":""},"tablet":{"background-color":"var(--ast-global-color-5)","background-image":"","background-repeat":"repeat","background-position":"center center","background-size":"auto","background-attachment":"scroll","background-type":"","background-media":"","overlay-type":"","overlay-color":"","overlay-opacity":"","overlay-gradient":""},"mobile":{"background-color":"var(--ast-global-color-5)","background-image":"","background-repeat":"repeat","background-position":"center center","background-size":"auto","background-attachment":"scroll","background-type":"","background-media":"","overlay-type":"","overlay-color":"","overlay-opacity":"","overlay-gradient":""}},"footnotes":""},"categories":[332,370],"tags":[327,334,337,353,354,366],"class_list":["post-96087","post","type-post","status-publish","format-standard","has-post-thumbnail","hentry","category-comunicacion-es","category-enfermeria","tag-catalan","tag-coronavirus-sars-cov-2","tag-personas-mayores","tag-atencion-primaria","tag-enfermeria","tag-vacunacion-es"],"yoast_head":"<!-- This site is optimized with the Yoast SEO plugin v27.5 - https:\/\/yoast.com\/product\/yoast-seo-wordpress\/ -->\n<title>Inicio de la vacunaci\u00f3n de la Covid-19 en el CAP - Atenci\u00f3 Prim\u00e0ria Vallcarca - Sant Gervasi<\/title>\n<meta name=\"robots\" content=\"index, follow, max-snippet:-1, max-image-preview:large, max-video-preview:-1\" \/>\n<link rel=\"canonical\" href=\"https:\/\/aprimariavsg.com\/es\/inicio-de-la-vacunacion-de-la-covid-19-en-el-cap\/\" \/>\n<meta property=\"og:locale\" content=\"es_ES\" \/>\n<meta property=\"og:type\" content=\"article\" \/>\n<meta property=\"og:title\" content=\"Inicio de la vacunaci\u00f3n de la Covid-19 en el CAP - Atenci\u00f3 Prim\u00e0ria Vallcarca - Sant Gervasi\" \/>\n<meta property=\"og:description\" content=\"Personas mayores de 80 a\u00f1os (se priorizar\u00e1 en funci\u00f3n de la edad). Personas con dependencia reconocida por el Departamento de Trabajo, Asuntos Sociales y Familias. El Departament de Salut nos ha facilitado los listados con las personas a vacunar. Desde el CAP contactaremos v\u00eda telef\u00f3nica durante las pr\u00f3ximas semanas , para programar la vacuna, Es [&hellip;]\" \/>\n<meta property=\"og:url\" content=\"https:\/\/aprimariavsg.com\/es\/inicio-de-la-vacunacion-de-la-covid-19-en-el-cap\/\" \/>\n<meta property=\"og:site_name\" content=\"Atenci\u00f3 Prim\u00e0ria Vallcarca - Sant Gervasi\" \/>\n<meta property=\"article:publisher\" content=\"https:\/\/www.facebook.com\/aprimariavsg\/\" \/>\n<meta property=\"article:published_time\" content=\"2021-02-22T15:15:58+00:00\" \/>\n<meta property=\"article:modified_time\" content=\"2022-10-21T08:44:22+00:00\" \/>\n<meta property=\"og:image\" content=\"https:\/\/aprimariavsg.com\/wp-content\/uploads\/2021\/02\/Vacunacio_dependenciav3.jpg\" \/>\n\t<meta property=\"og:image:width\" content=\"1272\" \/>\n\t<meta property=\"og:image:height\" content=\"720\" \/>\n\t<meta property=\"og:image:type\" content=\"image\/jpeg\" \/>\n<meta name=\"author\" content=\"Atenci\u00f3 Prim\u00e0ria Vallcarca - Sant Gervasi\" \/>\n<meta name=\"twitter:card\" content=\"summary_large_image\" \/>\n<meta name=\"twitter:creator\" content=\"@aprimariavsg\" \/>\n<meta name=\"twitter:site\" content=\"@aprimariavsg\" \/>\n<meta name=\"twitter:label1\" content=\"Escrito por\" \/>\n\t<meta name=\"twitter:data1\" content=\"Atenci\u00f3 Prim\u00e0ria Vallcarca - Sant Gervasi\" \/>\n\t<meta name=\"twitter:label2\" content=\"Tiempo de lectura\" \/>\n\t<meta name=\"twitter:data2\" content=\"1 minuto\" \/>\n<script type=\"application\/ld+json\" class=\"yoast-schema-graph\">{\"@context\":\"https:\\\/\\\/schema.org\",\"@graph\":[{\"@type\":\"Article\",\"@id\":\"https:\\\/\\\/aprimariavsg.com\\\/es\\\/inicio-de-la-vacunacion-de-la-covid-19-en-el-cap\\\/#article\",\"isPartOf\":{\"@id\":\"https:\\\/\\\/aprimariavsg.com\\\/es\\\/inicio-de-la-vacunacion-de-la-covid-19-en-el-cap\\\/\"},\"author\":{\"name\":\"Atenci\u00f3 Prim\u00e0ria Vallcarca - Sant Gervasi\",\"@id\":\"https:\\\/\\\/aprimariavsg.com\\\/es\\\/#\\\/schema\\\/person\\\/8520fba4177df181edc61ee0a8a4f3cd\"},\"headline\":\"Inicio de la vacunaci\u00f3n de la Covid-19 en el CAP\",\"datePublished\":\"2021-02-22T15:15:58+00:00\",\"dateModified\":\"2022-10-21T08:44:22+00:00\",\"mainEntityOfPage\":{\"@id\":\"https:\\\/\\\/aprimariavsg.com\\\/es\\\/inicio-de-la-vacunacion-de-la-covid-19-en-el-cap\\\/\"},\"wordCount\":115,\"publisher\":{\"@id\":\"https:\\\/\\\/aprimariavsg.com\\\/es\\\/#organization\"},\"image\":{\"@id\":\"https:\\\/\\\/aprimariavsg.com\\\/es\\\/inicio-de-la-vacunacion-de-la-covid-19-en-el-cap\\\/#primaryimage\"},\"thumbnailUrl\":\"https:\\\/\\\/aprimariavsg.com\\\/wp-content\\\/uploads\\\/2021\\\/02\\\/Vacunacio_dependenciav3.jpg\",\"keywords\":[\"@catal\u00e1n\",\"Coronavirus-SARS-Cov-2\",\"Personas Mayores\",\"atenci\u00f3n primaria\",\"Enfermer\u00eda\",\"Vacunaci\u00f3n\"],\"articleSection\":[\"Comunicaci\u00f3n\",\"Enfermer\u00eda\"],\"inLanguage\":\"es\"},{\"@type\":\"WebPage\",\"@id\":\"https:\\\/\\\/aprimariavsg.com\\\/es\\\/inicio-de-la-vacunacion-de-la-covid-19-en-el-cap\\\/\",\"url\":\"https:\\\/\\\/aprimariavsg.com\\\/es\\\/inicio-de-la-vacunacion-de-la-covid-19-en-el-cap\\\/\",\"name\":\"Inicio de la vacunaci\u00f3n de la Covid-19 en el CAP - Atenci\u00f3 Prim\u00e0ria Vallcarca - Sant Gervasi\",\"isPartOf\":{\"@id\":\"https:\\\/\\\/aprimariavsg.com\\\/es\\\/#website\"},\"primaryImageOfPage\":{\"@id\":\"https:\\\/\\\/aprimariavsg.com\\\/es\\\/inicio-de-la-vacunacion-de-la-covid-19-en-el-cap\\\/#primaryimage\"},\"image\":{\"@id\":\"https:\\\/\\\/aprimariavsg.com\\\/es\\\/inicio-de-la-vacunacion-de-la-covid-19-en-el-cap\\\/#primaryimage\"},\"thumbnailUrl\":\"https:\\\/\\\/aprimariavsg.com\\\/wp-content\\\/uploads\\\/2021\\\/02\\\/Vacunacio_dependenciav3.jpg\",\"datePublished\":\"2021-02-22T15:15:58+00:00\",\"dateModified\":\"2022-10-21T08:44:22+00:00\",\"breadcrumb\":{\"@id\":\"https:\\\/\\\/aprimariavsg.com\\\/es\\\/inicio-de-la-vacunacion-de-la-covid-19-en-el-cap\\\/#breadcrumb\"},\"inLanguage\":\"es\",\"potentialAction\":[{\"@type\":\"ReadAction\",\"target\":[\"https:\\\/\\\/aprimariavsg.com\\\/es\\\/inicio-de-la-vacunacion-de-la-covid-19-en-el-cap\\\/\"]}]},{\"@type\":\"ImageObject\",\"inLanguage\":\"es\",\"@id\":\"https:\\\/\\\/aprimariavsg.com\\\/es\\\/inicio-de-la-vacunacion-de-la-covid-19-en-el-cap\\\/#primaryimage\",\"url\":\"https:\\\/\\\/aprimariavsg.com\\\/wp-content\\\/uploads\\\/2021\\\/02\\\/Vacunacio_dependenciav3.jpg\",\"contentUrl\":\"https:\\\/\\\/aprimariavsg.com\\\/wp-content\\\/uploads\\\/2021\\\/02\\\/Vacunacio_dependenciav3.jpg\",\"width\":1272,\"height\":720},{\"@type\":\"BreadcrumbList\",\"@id\":\"https:\\\/\\\/aprimariavsg.com\\\/es\\\/inicio-de-la-vacunacion-de-la-covid-19-en-el-cap\\\/#breadcrumb\",\"itemListElement\":[{\"@type\":\"ListItem\",\"position\":1,\"name\":\"Inici\",\"item\":\"https:\\\/\\\/aprimariavsg.com\\\/es\\\/\"},{\"@type\":\"ListItem\",\"position\":2,\"name\":\"Inicio de la vacunaci\u00f3n de la Covid-19 en el CAP\"}]},{\"@type\":\"WebSite\",\"@id\":\"https:\\\/\\\/aprimariavsg.com\\\/es\\\/#website\",\"url\":\"https:\\\/\\\/aprimariavsg.com\\\/es\\\/\",\"name\":\"Atenci\u00f3 Prim\u00e0ria Vallcarca - Sant Gervasi\",\"description\":\"Cap Atenci\u00f3 Prim\u00e0ria\",\"publisher\":{\"@id\":\"https:\\\/\\\/aprimariavsg.com\\\/es\\\/#organization\"},\"potentialAction\":[{\"@type\":\"SearchAction\",\"target\":{\"@type\":\"EntryPoint\",\"urlTemplate\":\"https:\\\/\\\/aprimariavsg.com\\\/es\\\/?s={search_term_string}\"},\"query-input\":{\"@type\":\"PropertyValueSpecification\",\"valueRequired\":true,\"valueName\":\"search_term_string\"}}],\"inLanguage\":\"es\"},{\"@type\":\"Organization\",\"@id\":\"https:\\\/\\\/aprimariavsg.com\\\/es\\\/#organization\",\"name\":\"Atenci\u00f3 Prim\u00e0ria Vallcarca - Sant Gervasi\",\"url\":\"https:\\\/\\\/aprimariavsg.com\\\/es\\\/\",\"logo\":{\"@type\":\"ImageObject\",\"inLanguage\":\"es\",\"@id\":\"https:\\\/\\\/aprimariavsg.com\\\/es\\\/#\\\/schema\\\/logo\\\/image\\\/\",\"url\":\"https:\\\/\\\/aprimariavsg.com\\\/wp-content\\\/uploads\\\/2021\\\/05\\\/APVSG_logo-horitzontal.png\",\"contentUrl\":\"https:\\\/\\\/aprimariavsg.com\\\/wp-content\\\/uploads\\\/2021\\\/05\\\/APVSG_logo-horitzontal.png\",\"width\":816,\"height\":175,\"caption\":\"Atenci\u00f3 Prim\u00e0ria Vallcarca - Sant Gervasi\"},\"image\":{\"@id\":\"https:\\\/\\\/aprimariavsg.com\\\/es\\\/#\\\/schema\\\/logo\\\/image\\\/\"},\"sameAs\":[\"https:\\\/\\\/www.facebook.com\\\/aprimariavsg\\\/\",\"https:\\\/\\\/x.com\\\/aprimariavsg\",\"https:\\\/\\\/www.youtube.com\\\/user\\\/aprimariavsg\"]},{\"@type\":\"Person\",\"@id\":\"https:\\\/\\\/aprimariavsg.com\\\/es\\\/#\\\/schema\\\/person\\\/8520fba4177df181edc61ee0a8a4f3cd\",\"name\":\"Atenci\u00f3 Prim\u00e0ria Vallcarca - Sant Gervasi\",\"sameAs\":[\"https:\\\/\\\/aprimariavsg.com\"],\"url\":\"https:\\\/\\\/aprimariavsg.com\\\/es\\\/author\\\/narrowcasting\\\/\"}]}<\/script>\n<!-- \/ Yoast SEO plugin. -->","yoast_head_json":{"title":"Inicio de la vacunaci\u00f3n de la Covid-19 en el CAP - Atenci\u00f3 Prim\u00e0ria Vallcarca - Sant Gervasi","robots":{"index":"index","follow":"follow","max-snippet":"max-snippet:-1","max-image-preview":"max-image-preview:large","max-video-preview":"max-video-preview:-1"},"canonical":"https:\/\/aprimariavsg.com\/es\/inicio-de-la-vacunacion-de-la-covid-19-en-el-cap\/","og_locale":"es_ES","og_type":"article","og_title":"Inicio de la vacunaci\u00f3n de la Covid-19 en el CAP - Atenci\u00f3 Prim\u00e0ria Vallcarca - Sant Gervasi","og_description":"Personas mayores de 80 a\u00f1os (se priorizar\u00e1 en funci\u00f3n de la edad). Personas con dependencia reconocida por el Departamento de Trabajo, Asuntos Sociales y Familias. El Departament de Salut nos ha facilitado los listados con las personas a vacunar. Desde el CAP contactaremos v\u00eda telef\u00f3nica durante las pr\u00f3ximas semanas , para programar la vacuna, Es [&hellip;]","og_url":"https:\/\/aprimariavsg.com\/es\/inicio-de-la-vacunacion-de-la-covid-19-en-el-cap\/","og_site_name":"Atenci\u00f3 Prim\u00e0ria Vallcarca - Sant Gervasi","article_publisher":"https:\/\/www.facebook.com\/aprimariavsg\/","article_published_time":"2021-02-22T15:15:58+00:00","article_modified_time":"2022-10-21T08:44:22+00:00","og_image":[{"width":1272,"height":720,"url":"https:\/\/aprimariavsg.com\/wp-content\/uploads\/2021\/02\/Vacunacio_dependenciav3.jpg","type":"image\/jpeg"}],"author":"Atenci\u00f3 Prim\u00e0ria Vallcarca - Sant Gervasi","twitter_card":"summary_large_image","twitter_creator":"@aprimariavsg","twitter_site":"@aprimariavsg","twitter_misc":{"Escrito por":"Atenci\u00f3 Prim\u00e0ria Vallcarca - Sant Gervasi","Tiempo de lectura":"1 minuto"},"schema":{"@context":"https:\/\/schema.org","@graph":[{"@type":"Article","@id":"https:\/\/aprimariavsg.com\/es\/inicio-de-la-vacunacion-de-la-covid-19-en-el-cap\/#article","isPartOf":{"@id":"https:\/\/aprimariavsg.com\/es\/inicio-de-la-vacunacion-de-la-covid-19-en-el-cap\/"},"author":{"name":"Atenci\u00f3 Prim\u00e0ria Vallcarca - Sant Gervasi","@id":"https:\/\/aprimariavsg.com\/es\/#\/schema\/person\/8520fba4177df181edc61ee0a8a4f3cd"},"headline":"Inicio de la vacunaci\u00f3n de la Covid-19 en el CAP","datePublished":"2021-02-22T15:15:58+00:00","dateModified":"2022-10-21T08:44:22+00:00","mainEntityOfPage":{"@id":"https:\/\/aprimariavsg.com\/es\/inicio-de-la-vacunacion-de-la-covid-19-en-el-cap\/"},"wordCount":115,"publisher":{"@id":"https:\/\/aprimariavsg.com\/es\/#organization"},"image":{"@id":"https:\/\/aprimariavsg.com\/es\/inicio-de-la-vacunacion-de-la-covid-19-en-el-cap\/#primaryimage"},"thumbnailUrl":"https:\/\/aprimariavsg.com\/wp-content\/uploads\/2021\/02\/Vacunacio_dependenciav3.jpg","keywords":["@catal\u00e1n","Coronavirus-SARS-Cov-2","Personas Mayores","atenci\u00f3n primaria","Enfermer\u00eda","Vacunaci\u00f3n"],"articleSection":["Comunicaci\u00f3n","Enfermer\u00eda"],"inLanguage":"es"},{"@type":"WebPage","@id":"https:\/\/aprimariavsg.com\/es\/inicio-de-la-vacunacion-de-la-covid-19-en-el-cap\/","url":"https:\/\/aprimariavsg.com\/es\/inicio-de-la-vacunacion-de-la-covid-19-en-el-cap\/","name":"Inicio de la vacunaci\u00f3n de la Covid-19 en el CAP - Atenci\u00f3 Prim\u00e0ria Vallcarca - Sant Gervasi","isPartOf":{"@id":"https:\/\/aprimariavsg.com\/es\/#website"},"primaryImageOfPage":{"@id":"https:\/\/aprimariavsg.com\/es\/inicio-de-la-vacunacion-de-la-covid-19-en-el-cap\/#primaryimage"},"image":{"@id":"https:\/\/aprimariavsg.com\/es\/inicio-de-la-vacunacion-de-la-covid-19-en-el-cap\/#primaryimage"},"thumbnailUrl":"https:\/\/aprimariavsg.com\/wp-content\/uploads\/2021\/02\/Vacunacio_dependenciav3.jpg","datePublished":"2021-02-22T15:15:58+00:00","dateModified":"2022-10-21T08:44:22+00:00","breadcrumb":{"@id":"https:\/\/aprimariavsg.com\/es\/inicio-de-la-vacunacion-de-la-covid-19-en-el-cap\/#breadcrumb"},"inLanguage":"es","potentialAction":[{"@type":"ReadAction","target":["https:\/\/aprimariavsg.com\/es\/inicio-de-la-vacunacion-de-la-covid-19-en-el-cap\/"]}]},{"@type":"ImageObject","inLanguage":"es","@id":"https:\/\/aprimariavsg.com\/es\/inicio-de-la-vacunacion-de-la-covid-19-en-el-cap\/#primaryimage","url":"https:\/\/aprimariavsg.com\/wp-content\/uploads\/2021\/02\/Vacunacio_dependenciav3.jpg","contentUrl":"https:\/\/aprimariavsg.com\/wp-content\/uploads\/2021\/02\/Vacunacio_dependenciav3.jpg","width":1272,"height":720},{"@type":"BreadcrumbList","@id":"https:\/\/aprimariavsg.com\/es\/inicio-de-la-vacunacion-de-la-covid-19-en-el-cap\/#breadcrumb","itemListElement":[{"@type":"ListItem","position":1,"name":"Inici","item":"https:\/\/aprimariavsg.com\/es\/"},{"@type":"ListItem","position":2,"name":"Inicio de la vacunaci\u00f3n de la Covid-19 en el CAP"}]},{"@type":"WebSite","@id":"https:\/\/aprimariavsg.com\/es\/#website","url":"https:\/\/aprimariavsg.com\/es\/","name":"Atenci\u00f3 Prim\u00e0ria Vallcarca - Sant Gervasi","description":"Cap Atenci\u00f3 Prim\u00e0ria","publisher":{"@id":"https:\/\/aprimariavsg.com\/es\/#organization"},"potentialAction":[{"@type":"SearchAction","target":{"@type":"EntryPoint","urlTemplate":"https:\/\/aprimariavsg.com\/es\/?s={search_term_string}"},"query-input":{"@type":"PropertyValueSpecification","valueRequired":true,"valueName":"search_term_string"}}],"inLanguage":"es"},{"@type":"Organization","@id":"https:\/\/aprimariavsg.com\/es\/#organization","name":"Atenci\u00f3 Prim\u00e0ria Vallcarca - Sant Gervasi","url":"https:\/\/aprimariavsg.com\/es\/","logo":{"@type":"ImageObject","inLanguage":"es","@id":"https:\/\/aprimariavsg.com\/es\/#\/schema\/logo\/image\/","url":"https:\/\/aprimariavsg.com\/wp-content\/uploads\/2021\/05\/APVSG_logo-horitzontal.png","contentUrl":"https:\/\/aprimariavsg.com\/wp-content\/uploads\/2021\/05\/APVSG_logo-horitzontal.png","width":816,"height":175,"caption":"Atenci\u00f3 Prim\u00e0ria Vallcarca - Sant Gervasi"},"image":{"@id":"https:\/\/aprimariavsg.com\/es\/#\/schema\/logo\/image\/"},"sameAs":["https:\/\/www.facebook.com\/aprimariavsg\/","https:\/\/x.com\/aprimariavsg","https:\/\/www.youtube.com\/user\/aprimariavsg"]},{"@type":"Person","@id":"https:\/\/aprimariavsg.com\/es\/#\/schema\/person\/8520fba4177df181edc61ee0a8a4f3cd","name":"Atenci\u00f3 Prim\u00e0ria Vallcarca - Sant Gervasi","sameAs":["https:\/\/aprimariavsg.com"],"url":"https:\/\/aprimariavsg.com\/es\/author\/narrowcasting\/"}]}},"_links":{"self":[{"href":"https:\/\/aprimariavsg.com\/es\/wp-json\/wp\/v2\/posts\/96087","targetHints":{"allow":["GET"]}}],"collection":[{"href":"https:\/\/aprimariavsg.com\/es\/wp-json\/wp\/v2\/posts"}],"about":[{"href":"https:\/\/aprimariavsg.com\/es\/wp-json\/wp\/v2\/types\/post"}],"author":[{"embeddable":true,"href":"https:\/\/aprimariavsg.com\/es\/wp-json\/wp\/v2\/users\/1"}],"replies":[{"embeddable":true,"href":"https:\/\/aprimariavsg.com\/es\/wp-json\/wp\/v2\/comments?post=96087"}],"version-history":[{"count":0,"href":"https:\/\/aprimariavsg.com\/es\/wp-json\/wp\/v2\/posts\/96087\/revisions"}],"wp:featuredmedia":[{"embeddable":true,"href":"https:\/\/aprimariavsg.com\/es\/wp-json\/wp\/v2\/media\/95068"}],"wp:attachment":[{"href":"https:\/\/aprimariavsg.com\/es\/wp-json\/wp\/v2\/media?parent=96087"}],"wp:term":[{"taxonomy":"category","embeddable":true,"href":"https:\/\/aprimariavsg.com\/es\/wp-json\/wp\/v2\/categories?post=96087"},{"taxonomy":"post_tag","embeddable":true,"href":"https:\/\/aprimariavsg.com\/es\/wp-json\/wp\/v2\/tags?post=96087"}],"curies":[{"name":"wp","href":"https:\/\/api.w.org\/{rel}","templated":true}]}}