{"id":96085,"date":"2021-02-09T14:49:43","date_gmt":"2021-02-09T14:49:43","guid":{"rendered":"https:\/\/aprimariavsg.com\/tar-para-los-miembros-de-las-mesa-electorales\/"},"modified":"2022-10-21T08:44:16","modified_gmt":"2022-10-21T08:44:16","slug":"tar-para-los-miembros-de-las-mesa-electorales","status":"publish","type":"post","link":"https:\/\/aprimariavsg.com\/es\/tar-para-los-miembros-de-las-mesa-electorales\/","title":{"rendered":"TAR para los miembros de las mesa electorales"},"content":{"rendered":"<p><span style=\"\\\"color:\">Las personas asignadas a una <strong>mesa electoral<\/strong> en las elecciones del 14F que sean usuarias del CAP Vallcarca-Sant Gervasi pueden contactar con nosotros para hacerse un <strong>test r\u00e1pido de ant\u00edgenos<\/strong> (TAR).<\/span><\/p>\n<p><span style=\"\\\"color:\">Asimismo, hemos enviado un SMS informativo a aquellas personas usuarias de nuestro CAP que <span style=\"\\\"text-decoration:\" underline=\"\"><a href=\"%5C%22https:\/\/catsalut.gencat.cat\/ca\/inici\/%5C%22\" target=\"\\\"_blank\\\"\" rel=\"\\\"noopener\" noreferrer=\"\">Salut<\/a><\/span> nos ha indicado que forman parte de las mesa electorales. Siguiendo la normativa de protecci\u00f3n de datos vigente, este SMS s\u00f3lo ha sido enviado a las personas que previamente nos hab\u00edan dado su autorizaci\u00f3n para ser contactadas por esa v\u00eda.<\/span><\/p>\n<p><span style=\"\\\"color:\">Para solicitar la <strong>programaci\u00f3n de una cita para realizar el TAR<\/strong> , las personas que forman parte de una mesa electoral pueden llamar<\/span> <span style=\"\\\"color:\">al 93 259 44 22 o bien al 93 259 44 11.<\/span><\/p>\n<p><span style=\"\\\"color:\">M\u00e1s informaci\u00f3n sobre las elecciones del 14 de febrero en la web oficial <span style=\"\\\"text-decoration:\" underline=\"\"><a href=\"%5C%22https:\/\/www.parlament2021.cat\/es\/inici\/index.html%5C%22\" target=\"\\\"_blank\\\"\" rel=\"\\\"noopener\" noreferrer=\"\">parlament2021.cat<\/a><\/span><\/span><\/p>\n","protected":false},"excerpt":{"rendered":"<p>Asimismo, hemos enviado un SMS informativo a aquellas personas usuarias de nuestro CAP que Salut nos ha indicado que forman parte de las mesa electorales. Siguiendo la normativa de protecci\u00f3n de datos vigente, este SMS s\u00f3lo ha sido enviado a las personas que previamente nos hab\u00edan dado su autorizaci\u00f3n para ser contactadas por esa v\u00eda. [&hellip;]<\/p>\n","protected":false},"author":1,"featured_media":95063,"comment_status":"closed","ping_status":"open","sticky":false,"template":"","format":"standard","meta":{"site-sidebar-layout":"default","site-content-layout":"default","ast-site-content-layout":"default","site-content-style":"default","site-sidebar-style":"default","ast-global-header-display":"","ast-banner-title-visibility":"","ast-main-header-display":"","ast-hfb-above-header-display":"","ast-hfb-below-header-display":"","ast-hfb-mobile-header-display":"","site-post-title":"","ast-breadcrumbs-content":"","ast-featured-img":"","footer-sml-layout":"","ast-disable-related-posts":"","theme-transparent-header-meta":"","adv-header-id-meta":"","stick-header-meta":"","header-above-stick-meta":"","header-main-stick-meta":"","header-below-stick-meta":"","astra-migrate-meta-layouts":"default","ast-page-background-enabled":"default","ast-page-background-meta":{"desktop":{"background-color":"","background-image":"","background-repeat":"repeat","background-position":"center center","background-size":"auto","background-attachment":"scroll","background-type":"","background-media":"","overlay-type":"","overlay-color":"","overlay-opacity":"","overlay-gradient":""},"tablet":{"background-color":"","background-image":"","background-repeat":"repeat","background-position":"center center","background-size":"auto","background-attachment":"scroll","background-type":"","background-media":"","overlay-type":"","overlay-color":"","overlay-opacity":"","overlay-gradient":""},"mobile":{"background-color":"","background-image":"","background-repeat":"repeat","background-position":"center center","background-size":"auto","background-attachment":"scroll","background-type":"","background-media":"","overlay-type":"","overlay-color":"","overlay-opacity":"","overlay-gradient":""}},"ast-content-background-meta":{"desktop":{"background-color":"var(--ast-global-color-5)","background-image":"","background-repeat":"repeat","background-position":"center center","background-size":"auto","background-attachment":"scroll","background-type":"","background-media":"","overlay-type":"","overlay-color":"","overlay-opacity":"","overlay-gradient":""},"tablet":{"background-color":"var(--ast-global-color-5)","background-image":"","background-repeat":"repeat","background-position":"center center","background-size":"auto","background-attachment":"scroll","background-type":"","background-media":"","overlay-type":"","overlay-color":"","overlay-opacity":"","overlay-gradient":""},"mobile":{"background-color":"var(--ast-global-color-5)","background-image":"","background-repeat":"repeat","background-position":"center center","background-size":"auto","background-attachment":"scroll","background-type":"","background-media":"","overlay-type":"","overlay-color":"","overlay-opacity":"","overlay-gradient":""}},"footnotes":""},"categories":[328],"tags":[331,334,338,339],"class_list":["post-96085","post","type-post","status-publish","format-standard","has-post-thumbnail","hentry","category-comunicacion","tag-espanol-es","tag-coronavirus-sars-cov-2","tag-san-gervasio","tag-vallcarca-es-2"],"yoast_head":"<!-- This site is optimized with the Yoast SEO plugin v27.5 - https:\/\/yoast.com\/product\/yoast-seo-wordpress\/ -->\n<title>TAR para los miembros de las mesa electorales - Atenci\u00f3 Prim\u00e0ria Vallcarca - Sant Gervasi<\/title>\n<meta name=\"robots\" content=\"index, follow, max-snippet:-1, max-image-preview:large, max-video-preview:-1\" \/>\n<link rel=\"canonical\" href=\"https:\/\/aprimariavsg.com\/es\/tar-para-los-miembros-de-las-mesa-electorales\/\" \/>\n<meta property=\"og:locale\" content=\"es_ES\" \/>\n<meta property=\"og:type\" content=\"article\" \/>\n<meta property=\"og:title\" content=\"TAR para los miembros de las mesa electorales - Atenci\u00f3 Prim\u00e0ria Vallcarca - Sant Gervasi\" \/>\n<meta property=\"og:description\" content=\"Asimismo, hemos enviado un SMS informativo a aquellas personas usuarias de nuestro CAP que Salut nos ha indicado que forman parte de las mesa electorales. Siguiendo la normativa de protecci\u00f3n de datos vigente, este SMS s\u00f3lo ha sido enviado a las personas que previamente nos hab\u00edan dado su autorizaci\u00f3n para ser contactadas por esa v\u00eda. [&hellip;]\" \/>\n<meta property=\"og:url\" content=\"https:\/\/aprimariavsg.com\/es\/tar-para-los-miembros-de-las-mesa-electorales\/\" \/>\n<meta property=\"og:site_name\" content=\"Atenci\u00f3 Prim\u00e0ria Vallcarca - Sant Gervasi\" \/>\n<meta property=\"article:publisher\" content=\"https:\/\/www.facebook.com\/aprimariavsg\/\" \/>\n<meta property=\"article:published_time\" content=\"2021-02-09T14:49:43+00:00\" \/>\n<meta property=\"article:modified_time\" content=\"2022-10-21T08:44:16+00:00\" \/>\n<meta property=\"og:image\" content=\"https:\/\/aprimariavsg.com\/wp-content\/uploads\/2021\/02\/mesa-electoral_2.jpg\" \/>\n\t<meta property=\"og:image:width\" content=\"1060\" \/>\n\t<meta property=\"og:image:height\" content=\"600\" \/>\n\t<meta property=\"og:image:type\" content=\"image\/jpeg\" \/>\n<meta name=\"author\" content=\"Atenci\u00f3 Prim\u00e0ria Vallcarca - Sant Gervasi\" \/>\n<meta name=\"twitter:card\" content=\"summary_large_image\" \/>\n<meta name=\"twitter:creator\" content=\"@aprimariavsg\" \/>\n<meta name=\"twitter:site\" content=\"@aprimariavsg\" \/>\n<meta name=\"twitter:label1\" content=\"Escrito por\" \/>\n\t<meta name=\"twitter:data1\" content=\"Atenci\u00f3 Prim\u00e0ria Vallcarca - Sant Gervasi\" \/>\n<script type=\"application\/ld+json\" class=\"yoast-schema-graph\">{\"@context\":\"https:\\\/\\\/schema.org\",\"@graph\":[{\"@type\":\"Article\",\"@id\":\"https:\\\/\\\/aprimariavsg.com\\\/es\\\/tar-para-los-miembros-de-las-mesa-electorales\\\/#article\",\"isPartOf\":{\"@id\":\"https:\\\/\\\/aprimariavsg.com\\\/es\\\/tar-para-los-miembros-de-las-mesa-electorales\\\/\"},\"author\":{\"name\":\"Atenci\u00f3 Prim\u00e0ria Vallcarca - Sant Gervasi\",\"@id\":\"https:\\\/\\\/aprimariavsg.com\\\/es\\\/#\\\/schema\\\/person\\\/8520fba4177df181edc61ee0a8a4f3cd\"},\"headline\":\"TAR para los miembros de las mesa electorales\",\"datePublished\":\"2021-02-09T14:49:43+00:00\",\"dateModified\":\"2022-10-21T08:44:16+00:00\",\"mainEntityOfPage\":{\"@id\":\"https:\\\/\\\/aprimariavsg.com\\\/es\\\/tar-para-los-miembros-de-las-mesa-electorales\\\/\"},\"wordCount\":72,\"publisher\":{\"@id\":\"https:\\\/\\\/aprimariavsg.com\\\/es\\\/#organization\"},\"image\":{\"@id\":\"https:\\\/\\\/aprimariavsg.com\\\/es\\\/tar-para-los-miembros-de-las-mesa-electorales\\\/#primaryimage\"},\"thumbnailUrl\":\"https:\\\/\\\/aprimariavsg.com\\\/wp-content\\\/uploads\\\/2021\\\/02\\\/mesa-electoral_2.jpg\",\"keywords\":[\"@espa\u00f1ol\",\"Coronavirus-SARS-Cov-2\",\"San Gervasio\",\"Vallcarca\"],\"articleSection\":[\"Comunicaci\u00f3n\"],\"inLanguage\":\"es\"},{\"@type\":\"WebPage\",\"@id\":\"https:\\\/\\\/aprimariavsg.com\\\/es\\\/tar-para-los-miembros-de-las-mesa-electorales\\\/\",\"url\":\"https:\\\/\\\/aprimariavsg.com\\\/es\\\/tar-para-los-miembros-de-las-mesa-electorales\\\/\",\"name\":\"TAR para los miembros de las mesa electorales - Atenci\u00f3 Prim\u00e0ria Vallcarca - Sant Gervasi\",\"isPartOf\":{\"@id\":\"https:\\\/\\\/aprimariavsg.com\\\/es\\\/#website\"},\"primaryImageOfPage\":{\"@id\":\"https:\\\/\\\/aprimariavsg.com\\\/es\\\/tar-para-los-miembros-de-las-mesa-electorales\\\/#primaryimage\"},\"image\":{\"@id\":\"https:\\\/\\\/aprimariavsg.com\\\/es\\\/tar-para-los-miembros-de-las-mesa-electorales\\\/#primaryimage\"},\"thumbnailUrl\":\"https:\\\/\\\/aprimariavsg.com\\\/wp-content\\\/uploads\\\/2021\\\/02\\\/mesa-electoral_2.jpg\",\"datePublished\":\"2021-02-09T14:49:43+00:00\",\"dateModified\":\"2022-10-21T08:44:16+00:00\",\"breadcrumb\":{\"@id\":\"https:\\\/\\\/aprimariavsg.com\\\/es\\\/tar-para-los-miembros-de-las-mesa-electorales\\\/#breadcrumb\"},\"inLanguage\":\"es\",\"potentialAction\":[{\"@type\":\"ReadAction\",\"target\":[\"https:\\\/\\\/aprimariavsg.com\\\/es\\\/tar-para-los-miembros-de-las-mesa-electorales\\\/\"]}]},{\"@type\":\"ImageObject\",\"inLanguage\":\"es\",\"@id\":\"https:\\\/\\\/aprimariavsg.com\\\/es\\\/tar-para-los-miembros-de-las-mesa-electorales\\\/#primaryimage\",\"url\":\"https:\\\/\\\/aprimariavsg.com\\\/wp-content\\\/uploads\\\/2021\\\/02\\\/mesa-electoral_2.jpg\",\"contentUrl\":\"https:\\\/\\\/aprimariavsg.com\\\/wp-content\\\/uploads\\\/2021\\\/02\\\/mesa-electoral_2.jpg\",\"width\":1060,\"height\":600},{\"@type\":\"BreadcrumbList\",\"@id\":\"https:\\\/\\\/aprimariavsg.com\\\/es\\\/tar-para-los-miembros-de-las-mesa-electorales\\\/#breadcrumb\",\"itemListElement\":[{\"@type\":\"ListItem\",\"position\":1,\"name\":\"Inici\",\"item\":\"https:\\\/\\\/aprimariavsg.com\\\/es\\\/\"},{\"@type\":\"ListItem\",\"position\":2,\"name\":\"TAR para los miembros de las mesa electorales\"}]},{\"@type\":\"WebSite\",\"@id\":\"https:\\\/\\\/aprimariavsg.com\\\/es\\\/#website\",\"url\":\"https:\\\/\\\/aprimariavsg.com\\\/es\\\/\",\"name\":\"Atenci\u00f3 Prim\u00e0ria Vallcarca - Sant Gervasi\",\"description\":\"Cap Atenci\u00f3 Prim\u00e0ria\",\"publisher\":{\"@id\":\"https:\\\/\\\/aprimariavsg.com\\\/es\\\/#organization\"},\"potentialAction\":[{\"@type\":\"SearchAction\",\"target\":{\"@type\":\"EntryPoint\",\"urlTemplate\":\"https:\\\/\\\/aprimariavsg.com\\\/es\\\/?s={search_term_string}\"},\"query-input\":{\"@type\":\"PropertyValueSpecification\",\"valueRequired\":true,\"valueName\":\"search_term_string\"}}],\"inLanguage\":\"es\"},{\"@type\":\"Organization\",\"@id\":\"https:\\\/\\\/aprimariavsg.com\\\/es\\\/#organization\",\"name\":\"Atenci\u00f3 Prim\u00e0ria Vallcarca - Sant Gervasi\",\"url\":\"https:\\\/\\\/aprimariavsg.com\\\/es\\\/\",\"logo\":{\"@type\":\"ImageObject\",\"inLanguage\":\"es\",\"@id\":\"https:\\\/\\\/aprimariavsg.com\\\/es\\\/#\\\/schema\\\/logo\\\/image\\\/\",\"url\":\"https:\\\/\\\/aprimariavsg.com\\\/wp-content\\\/uploads\\\/2021\\\/05\\\/APVSG_logo-horitzontal.png\",\"contentUrl\":\"https:\\\/\\\/aprimariavsg.com\\\/wp-content\\\/uploads\\\/2021\\\/05\\\/APVSG_logo-horitzontal.png\",\"width\":816,\"height\":175,\"caption\":\"Atenci\u00f3 Prim\u00e0ria Vallcarca - Sant Gervasi\"},\"image\":{\"@id\":\"https:\\\/\\\/aprimariavsg.com\\\/es\\\/#\\\/schema\\\/logo\\\/image\\\/\"},\"sameAs\":[\"https:\\\/\\\/www.facebook.com\\\/aprimariavsg\\\/\",\"https:\\\/\\\/x.com\\\/aprimariavsg\",\"https:\\\/\\\/www.youtube.com\\\/user\\\/aprimariavsg\"]},{\"@type\":\"Person\",\"@id\":\"https:\\\/\\\/aprimariavsg.com\\\/es\\\/#\\\/schema\\\/person\\\/8520fba4177df181edc61ee0a8a4f3cd\",\"name\":\"Atenci\u00f3 Prim\u00e0ria Vallcarca - Sant Gervasi\",\"sameAs\":[\"https:\\\/\\\/aprimariavsg.com\"],\"url\":\"https:\\\/\\\/aprimariavsg.com\\\/es\\\/author\\\/narrowcasting\\\/\"}]}<\/script>\n<!-- \/ Yoast SEO plugin. -->","yoast_head_json":{"title":"TAR para los miembros de las mesa electorales - Atenci\u00f3 Prim\u00e0ria Vallcarca - Sant Gervasi","robots":{"index":"index","follow":"follow","max-snippet":"max-snippet:-1","max-image-preview":"max-image-preview:large","max-video-preview":"max-video-preview:-1"},"canonical":"https:\/\/aprimariavsg.com\/es\/tar-para-los-miembros-de-las-mesa-electorales\/","og_locale":"es_ES","og_type":"article","og_title":"TAR para los miembros de las mesa electorales - Atenci\u00f3 Prim\u00e0ria Vallcarca - Sant Gervasi","og_description":"Asimismo, hemos enviado un SMS informativo a aquellas personas usuarias de nuestro CAP que Salut nos ha indicado que forman parte de las mesa electorales. Siguiendo la normativa de protecci\u00f3n de datos vigente, este SMS s\u00f3lo ha sido enviado a las personas que previamente nos hab\u00edan dado su autorizaci\u00f3n para ser contactadas por esa v\u00eda. [&hellip;]","og_url":"https:\/\/aprimariavsg.com\/es\/tar-para-los-miembros-de-las-mesa-electorales\/","og_site_name":"Atenci\u00f3 Prim\u00e0ria Vallcarca - Sant Gervasi","article_publisher":"https:\/\/www.facebook.com\/aprimariavsg\/","article_published_time":"2021-02-09T14:49:43+00:00","article_modified_time":"2022-10-21T08:44:16+00:00","og_image":[{"width":1060,"height":600,"url":"https:\/\/aprimariavsg.com\/wp-content\/uploads\/2021\/02\/mesa-electoral_2.jpg","type":"image\/jpeg"}],"author":"Atenci\u00f3 Prim\u00e0ria Vallcarca - Sant Gervasi","twitter_card":"summary_large_image","twitter_creator":"@aprimariavsg","twitter_site":"@aprimariavsg","twitter_misc":{"Escrito por":"Atenci\u00f3 Prim\u00e0ria Vallcarca - Sant Gervasi"},"schema":{"@context":"https:\/\/schema.org","@graph":[{"@type":"Article","@id":"https:\/\/aprimariavsg.com\/es\/tar-para-los-miembros-de-las-mesa-electorales\/#article","isPartOf":{"@id":"https:\/\/aprimariavsg.com\/es\/tar-para-los-miembros-de-las-mesa-electorales\/"},"author":{"name":"Atenci\u00f3 Prim\u00e0ria Vallcarca - Sant Gervasi","@id":"https:\/\/aprimariavsg.com\/es\/#\/schema\/person\/8520fba4177df181edc61ee0a8a4f3cd"},"headline":"TAR para los miembros de las mesa electorales","datePublished":"2021-02-09T14:49:43+00:00","dateModified":"2022-10-21T08:44:16+00:00","mainEntityOfPage":{"@id":"https:\/\/aprimariavsg.com\/es\/tar-para-los-miembros-de-las-mesa-electorales\/"},"wordCount":72,"publisher":{"@id":"https:\/\/aprimariavsg.com\/es\/#organization"},"image":{"@id":"https:\/\/aprimariavsg.com\/es\/tar-para-los-miembros-de-las-mesa-electorales\/#primaryimage"},"thumbnailUrl":"https:\/\/aprimariavsg.com\/wp-content\/uploads\/2021\/02\/mesa-electoral_2.jpg","keywords":["@espa\u00f1ol","Coronavirus-SARS-Cov-2","San Gervasio","Vallcarca"],"articleSection":["Comunicaci\u00f3n"],"inLanguage":"es"},{"@type":"WebPage","@id":"https:\/\/aprimariavsg.com\/es\/tar-para-los-miembros-de-las-mesa-electorales\/","url":"https:\/\/aprimariavsg.com\/es\/tar-para-los-miembros-de-las-mesa-electorales\/","name":"TAR para los miembros de las mesa electorales - Atenci\u00f3 Prim\u00e0ria Vallcarca - Sant Gervasi","isPartOf":{"@id":"https:\/\/aprimariavsg.com\/es\/#website"},"primaryImageOfPage":{"@id":"https:\/\/aprimariavsg.com\/es\/tar-para-los-miembros-de-las-mesa-electorales\/#primaryimage"},"image":{"@id":"https:\/\/aprimariavsg.com\/es\/tar-para-los-miembros-de-las-mesa-electorales\/#primaryimage"},"thumbnailUrl":"https:\/\/aprimariavsg.com\/wp-content\/uploads\/2021\/02\/mesa-electoral_2.jpg","datePublished":"2021-02-09T14:49:43+00:00","dateModified":"2022-10-21T08:44:16+00:00","breadcrumb":{"@id":"https:\/\/aprimariavsg.com\/es\/tar-para-los-miembros-de-las-mesa-electorales\/#breadcrumb"},"inLanguage":"es","potentialAction":[{"@type":"ReadAction","target":["https:\/\/aprimariavsg.com\/es\/tar-para-los-miembros-de-las-mesa-electorales\/"]}]},{"@type":"ImageObject","inLanguage":"es","@id":"https:\/\/aprimariavsg.com\/es\/tar-para-los-miembros-de-las-mesa-electorales\/#primaryimage","url":"https:\/\/aprimariavsg.com\/wp-content\/uploads\/2021\/02\/mesa-electoral_2.jpg","contentUrl":"https:\/\/aprimariavsg.com\/wp-content\/uploads\/2021\/02\/mesa-electoral_2.jpg","width":1060,"height":600},{"@type":"BreadcrumbList","@id":"https:\/\/aprimariavsg.com\/es\/tar-para-los-miembros-de-las-mesa-electorales\/#breadcrumb","itemListElement":[{"@type":"ListItem","position":1,"name":"Inici","item":"https:\/\/aprimariavsg.com\/es\/"},{"@type":"ListItem","position":2,"name":"TAR para los miembros de las mesa electorales"}]},{"@type":"WebSite","@id":"https:\/\/aprimariavsg.com\/es\/#website","url":"https:\/\/aprimariavsg.com\/es\/","name":"Atenci\u00f3 Prim\u00e0ria Vallcarca - Sant Gervasi","description":"Cap Atenci\u00f3 Prim\u00e0ria","publisher":{"@id":"https:\/\/aprimariavsg.com\/es\/#organization"},"potentialAction":[{"@type":"SearchAction","target":{"@type":"EntryPoint","urlTemplate":"https:\/\/aprimariavsg.com\/es\/?s={search_term_string}"},"query-input":{"@type":"PropertyValueSpecification","valueRequired":true,"valueName":"search_term_string"}}],"inLanguage":"es"},{"@type":"Organization","@id":"https:\/\/aprimariavsg.com\/es\/#organization","name":"Atenci\u00f3 Prim\u00e0ria Vallcarca - Sant Gervasi","url":"https:\/\/aprimariavsg.com\/es\/","logo":{"@type":"ImageObject","inLanguage":"es","@id":"https:\/\/aprimariavsg.com\/es\/#\/schema\/logo\/image\/","url":"https:\/\/aprimariavsg.com\/wp-content\/uploads\/2021\/05\/APVSG_logo-horitzontal.png","contentUrl":"https:\/\/aprimariavsg.com\/wp-content\/uploads\/2021\/05\/APVSG_logo-horitzontal.png","width":816,"height":175,"caption":"Atenci\u00f3 Prim\u00e0ria Vallcarca - Sant Gervasi"},"image":{"@id":"https:\/\/aprimariavsg.com\/es\/#\/schema\/logo\/image\/"},"sameAs":["https:\/\/www.facebook.com\/aprimariavsg\/","https:\/\/x.com\/aprimariavsg","https:\/\/www.youtube.com\/user\/aprimariavsg"]},{"@type":"Person","@id":"https:\/\/aprimariavsg.com\/es\/#\/schema\/person\/8520fba4177df181edc61ee0a8a4f3cd","name":"Atenci\u00f3 Prim\u00e0ria Vallcarca - Sant Gervasi","sameAs":["https:\/\/aprimariavsg.com"],"url":"https:\/\/aprimariavsg.com\/es\/author\/narrowcasting\/"}]}},"_links":{"self":[{"href":"https:\/\/aprimariavsg.com\/es\/wp-json\/wp\/v2\/posts\/96085","targetHints":{"allow":["GET"]}}],"collection":[{"href":"https:\/\/aprimariavsg.com\/es\/wp-json\/wp\/v2\/posts"}],"about":[{"href":"https:\/\/aprimariavsg.com\/es\/wp-json\/wp\/v2\/types\/post"}],"author":[{"embeddable":true,"href":"https:\/\/aprimariavsg.com\/es\/wp-json\/wp\/v2\/users\/1"}],"replies":[{"embeddable":true,"href":"https:\/\/aprimariavsg.com\/es\/wp-json\/wp\/v2\/comments?post=96085"}],"version-history":[{"count":0,"href":"https:\/\/aprimariavsg.com\/es\/wp-json\/wp\/v2\/posts\/96085\/revisions"}],"wp:featuredmedia":[{"embeddable":true,"href":"https:\/\/aprimariavsg.com\/es\/wp-json\/wp\/v2\/media\/95063"}],"wp:attachment":[{"href":"https:\/\/aprimariavsg.com\/es\/wp-json\/wp\/v2\/media?parent=96085"}],"wp:term":[{"taxonomy":"category","embeddable":true,"href":"https:\/\/aprimariavsg.com\/es\/wp-json\/wp\/v2\/categories?post=96085"},{"taxonomy":"post_tag","embeddable":true,"href":"https:\/\/aprimariavsg.com\/es\/wp-json\/wp\/v2\/tags?post=96085"}],"curies":[{"name":"wp","href":"https:\/\/api.w.org\/{rel}","templated":true}]}}