{"id":96027,"date":"2022-04-04T17:12:23","date_gmt":"2022-04-04T17:12:23","guid":{"rendered":"https:\/\/aprimariavsg.com\/la-familia-la-mejor-escuela-2\/"},"modified":"2022-10-17T11:40:49","modified_gmt":"2022-10-17T11:40:49","slug":"la-familia-la-mejor-escuela-2","status":"publish","type":"post","link":"https:\/\/aprimariavsg.com\/es\/la-familia-la-mejor-escuela-2\/","title":{"rendered":"La familia, la mejor escuela"},"content":{"rendered":"<p><span style=\"\\\"color:\"><strong>Descripci\u00f3n\/ objetivo:<\/strong> Espacio de encuentro de 9 sesiones para compartir la crianza de nuestros hijos e hijas, mejorar nuestras habilidades educativas y generar din\u00e1micas familiares positivas.<\/span><\/p>\n<p><span style=\"\\\"color:\"><strong>A qui\u00e9n va dirigido:<\/strong> Madres y padres con hijos\/as de 2 a 5 a\u00f1os.<\/span><\/p>\n<p><span style=\"\\\"color:\"><strong>Quien lo imparte:<\/strong> <span style=\"\\\"text-decoration:\" underline=\"\"><a href=\"%5C%22http:\/\/localhost:8888\/aprimaria\/es\/team\/alicia-portella-serra\/%5C%22\" target=\"\\\"_blank\\\"\" rel=\"\\\"noopener\" noreferrer=\"\">Al\u00edcia Portella<\/a><\/span> , enfermera de Atenci\u00f3n Primaria Vallcarca-Sant Gervasi y N\u00faria L\u00f3pez, enfermera de la <span style=\"\\\"text-decoration:\" underline=\"\"><a href=\"%5C%22https:\/\/www.aspb.cat\/%5C%22\" target=\"\\\"_blank\\\"\" rel=\"\\\"noopener\" noreferrer=\"\">Agencia de Salud P\u00fablica de Barcelona<\/a><\/span> .<br \/>\n<\/span><\/p>\n<p><span style=\"\\\"color:\"><strong>Duraci\u00f3n:<\/strong> Del 21 de abril al 16 de junio de 2022 en la Biblioteca Joan Maragall.<br \/>\n<\/span><\/p>\n<p><span style=\"\\\"color:\"><strong>Inscripci\u00f3n<\/strong> : Consultad con Bienestar Emocional llamando al 932594430 o contactando con el correo ljolis@ebavallcarca.cat <\/span><\/p>\n<p><em>*Programa de la Agencia de Salud P\u00fablica de Barcelona.<\/em><\/p>\n","protected":false},"excerpt":{"rendered":"<p>A qui\u00e9n va dirigido: Madres y padres con hijos\/as de 2 a 5 a\u00f1os. Duraci\u00f3n: Del 21 de abril al 16 de junio de 2022 en la Biblioteca Joan Maragall.<\/p>\n","protected":false},"author":1,"featured_media":94773,"comment_status":"closed","ping_status":"closed","sticky":false,"template":"","format":"standard","meta":{"site-sidebar-layout":"default","site-content-layout":"","ast-site-content-layout":"default","site-content-style":"default","site-sidebar-style":"default","ast-global-header-display":"","ast-banner-title-visibility":"","ast-main-header-display":"","ast-hfb-above-header-display":"","ast-hfb-below-header-display":"","ast-hfb-mobile-header-display":"","site-post-title":"","ast-breadcrumbs-content":"","ast-featured-img":"","footer-sml-layout":"","ast-disable-related-posts":"","theme-transparent-header-meta":"","adv-header-id-meta":"","stick-header-meta":"","header-above-stick-meta":"","header-main-stick-meta":"","header-below-stick-meta":"","astra-migrate-meta-layouts":"default","ast-page-background-enabled":"default","ast-page-background-meta":{"desktop":{"background-color":"","background-image":"","background-repeat":"repeat","background-position":"center center","background-size":"auto","background-attachment":"scroll","background-type":"","background-media":"","overlay-type":"","overlay-color":"","overlay-opacity":"","overlay-gradient":""},"tablet":{"background-color":"","background-image":"","background-repeat":"repeat","background-position":"center center","background-size":"auto","background-attachment":"scroll","background-type":"","background-media":"","overlay-type":"","overlay-color":"","overlay-opacity":"","overlay-gradient":""},"mobile":{"background-color":"","background-image":"","background-repeat":"repeat","background-position":"center center","background-size":"auto","background-attachment":"scroll","background-type":"","background-media":"","overlay-type":"","overlay-color":"","overlay-opacity":"","overlay-gradient":""}},"ast-content-background-meta":{"desktop":{"background-color":"var(--ast-global-color-5)","background-image":"","background-repeat":"repeat","background-position":"center center","background-size":"auto","background-attachment":"scroll","background-type":"","background-media":"","overlay-type":"","overlay-color":"","overlay-opacity":"","overlay-gradient":""},"tablet":{"background-color":"var(--ast-global-color-5)","background-image":"","background-repeat":"repeat","background-position":"center center","background-size":"auto","background-attachment":"scroll","background-type":"","background-media":"","overlay-type":"","overlay-color":"","overlay-opacity":"","overlay-gradient":""},"mobile":{"background-color":"var(--ast-global-color-5)","background-image":"","background-repeat":"repeat","background-position":"center center","background-size":"auto","background-attachment":"scroll","background-type":"","background-media":"","overlay-type":"","overlay-color":"","overlay-opacity":"","overlay-gradient":""}},"footnotes":""},"categories":[323],"tags":[42],"class_list":["post-96027","post","type-post","status-publish","format-standard","has-post-thumbnail","hentry","category-talleres-es","tag-pediatria"],"yoast_head":"<!-- This site is optimized with the Yoast SEO plugin v27.5 - https:\/\/yoast.com\/product\/yoast-seo-wordpress\/ -->\n<title>La familia, la mejor escuela - Atenci\u00f3 Prim\u00e0ria Vallcarca - Sant Gervasi<\/title>\n<meta name=\"robots\" content=\"index, follow, max-snippet:-1, max-image-preview:large, max-video-preview:-1\" \/>\n<link rel=\"canonical\" href=\"https:\/\/aprimariavsg.com\/es\/la-familia-la-mejor-escuela-2\/\" \/>\n<meta property=\"og:locale\" content=\"es_ES\" \/>\n<meta property=\"og:type\" content=\"article\" \/>\n<meta property=\"og:title\" content=\"La familia, la mejor escuela - Atenci\u00f3 Prim\u00e0ria Vallcarca - Sant Gervasi\" \/>\n<meta property=\"og:description\" content=\"A qui\u00e9n va dirigido: Madres y padres con hijos\/as de 2 a 5 a\u00f1os. Duraci\u00f3n: Del 21 de abril al 16 de junio de 2022 en la Biblioteca Joan Maragall.\" \/>\n<meta property=\"og:url\" content=\"https:\/\/aprimariavsg.com\/es\/la-familia-la-mejor-escuela-2\/\" \/>\n<meta property=\"og:site_name\" content=\"Atenci\u00f3 Prim\u00e0ria Vallcarca - Sant Gervasi\" \/>\n<meta property=\"article:publisher\" content=\"https:\/\/www.facebook.com\/aprimariavsg\/\" \/>\n<meta property=\"article:published_time\" content=\"2022-04-04T17:12:23+00:00\" \/>\n<meta property=\"article:modified_time\" content=\"2022-10-17T11:40:49+00:00\" \/>\n<meta property=\"og:image\" content=\"https:\/\/aprimariavsg.com\/wp-content\/uploads\/2016\/10\/Parentalitat-postiva-Atencio-Primaria-Vallcarca-Sant-Gervasi.jpg\" \/>\n\t<meta property=\"og:image:width\" content=\"1838\" \/>\n\t<meta property=\"og:image:height\" content=\"1235\" \/>\n\t<meta property=\"og:image:type\" content=\"image\/jpeg\" \/>\n<meta name=\"author\" content=\"Atenci\u00f3 Prim\u00e0ria Vallcarca - Sant Gervasi\" \/>\n<meta name=\"twitter:card\" content=\"summary_large_image\" \/>\n<meta name=\"twitter:creator\" content=\"@aprimariavsg\" \/>\n<meta name=\"twitter:site\" content=\"@aprimariavsg\" \/>\n<meta name=\"twitter:label1\" content=\"Escrito por\" \/>\n\t<meta name=\"twitter:data1\" content=\"Atenci\u00f3 Prim\u00e0ria Vallcarca - Sant Gervasi\" \/>\n<script type=\"application\/ld+json\" class=\"yoast-schema-graph\">{\"@context\":\"https:\\\/\\\/schema.org\",\"@graph\":[{\"@type\":\"Article\",\"@id\":\"https:\\\/\\\/aprimariavsg.com\\\/es\\\/la-familia-la-mejor-escuela-2\\\/#article\",\"isPartOf\":{\"@id\":\"https:\\\/\\\/aprimariavsg.com\\\/es\\\/la-familia-la-mejor-escuela-2\\\/\"},\"author\":{\"name\":\"Atenci\u00f3 Prim\u00e0ria Vallcarca - Sant Gervasi\",\"@id\":\"https:\\\/\\\/aprimariavsg.com\\\/es\\\/#\\\/schema\\\/person\\\/8520fba4177df181edc61ee0a8a4f3cd\"},\"headline\":\"La familia, la mejor escuela\",\"datePublished\":\"2022-04-04T17:12:23+00:00\",\"dateModified\":\"2022-10-17T11:40:49+00:00\",\"mainEntityOfPage\":{\"@id\":\"https:\\\/\\\/aprimariavsg.com\\\/es\\\/la-familia-la-mejor-escuela-2\\\/\"},\"wordCount\":34,\"publisher\":{\"@id\":\"https:\\\/\\\/aprimariavsg.com\\\/es\\\/#organization\"},\"image\":{\"@id\":\"https:\\\/\\\/aprimariavsg.com\\\/es\\\/la-familia-la-mejor-escuela-2\\\/#primaryimage\"},\"thumbnailUrl\":\"https:\\\/\\\/aprimariavsg.com\\\/wp-content\\\/uploads\\\/2016\\\/10\\\/Parentalitat-postiva-Atencio-Primaria-Vallcarca-Sant-Gervasi.jpg\",\"keywords\":[\"Pediatria\"],\"articleSection\":[\"Talleres\"],\"inLanguage\":\"es\"},{\"@type\":\"WebPage\",\"@id\":\"https:\\\/\\\/aprimariavsg.com\\\/es\\\/la-familia-la-mejor-escuela-2\\\/\",\"url\":\"https:\\\/\\\/aprimariavsg.com\\\/es\\\/la-familia-la-mejor-escuela-2\\\/\",\"name\":\"La familia, la mejor escuela - Atenci\u00f3 Prim\u00e0ria Vallcarca - Sant Gervasi\",\"isPartOf\":{\"@id\":\"https:\\\/\\\/aprimariavsg.com\\\/es\\\/#website\"},\"primaryImageOfPage\":{\"@id\":\"https:\\\/\\\/aprimariavsg.com\\\/es\\\/la-familia-la-mejor-escuela-2\\\/#primaryimage\"},\"image\":{\"@id\":\"https:\\\/\\\/aprimariavsg.com\\\/es\\\/la-familia-la-mejor-escuela-2\\\/#primaryimage\"},\"thumbnailUrl\":\"https:\\\/\\\/aprimariavsg.com\\\/wp-content\\\/uploads\\\/2016\\\/10\\\/Parentalitat-postiva-Atencio-Primaria-Vallcarca-Sant-Gervasi.jpg\",\"datePublished\":\"2022-04-04T17:12:23+00:00\",\"dateModified\":\"2022-10-17T11:40:49+00:00\",\"breadcrumb\":{\"@id\":\"https:\\\/\\\/aprimariavsg.com\\\/es\\\/la-familia-la-mejor-escuela-2\\\/#breadcrumb\"},\"inLanguage\":\"es\",\"potentialAction\":[{\"@type\":\"ReadAction\",\"target\":[\"https:\\\/\\\/aprimariavsg.com\\\/es\\\/la-familia-la-mejor-escuela-2\\\/\"]}]},{\"@type\":\"ImageObject\",\"inLanguage\":\"es\",\"@id\":\"https:\\\/\\\/aprimariavsg.com\\\/es\\\/la-familia-la-mejor-escuela-2\\\/#primaryimage\",\"url\":\"https:\\\/\\\/aprimariavsg.com\\\/wp-content\\\/uploads\\\/2016\\\/10\\\/Parentalitat-postiva-Atencio-Primaria-Vallcarca-Sant-Gervasi.jpg\",\"contentUrl\":\"https:\\\/\\\/aprimariavsg.com\\\/wp-content\\\/uploads\\\/2016\\\/10\\\/Parentalitat-postiva-Atencio-Primaria-Vallcarca-Sant-Gervasi.jpg\",\"width\":1838,\"height\":1235},{\"@type\":\"BreadcrumbList\",\"@id\":\"https:\\\/\\\/aprimariavsg.com\\\/es\\\/la-familia-la-mejor-escuela-2\\\/#breadcrumb\",\"itemListElement\":[{\"@type\":\"ListItem\",\"position\":1,\"name\":\"Inici\",\"item\":\"https:\\\/\\\/aprimariavsg.com\\\/es\\\/\"},{\"@type\":\"ListItem\",\"position\":2,\"name\":\"La familia, la mejor escuela\"}]},{\"@type\":\"WebSite\",\"@id\":\"https:\\\/\\\/aprimariavsg.com\\\/es\\\/#website\",\"url\":\"https:\\\/\\\/aprimariavsg.com\\\/es\\\/\",\"name\":\"Atenci\u00f3 Prim\u00e0ria Vallcarca - Sant Gervasi\",\"description\":\"Cap Atenci\u00f3 Prim\u00e0ria\",\"publisher\":{\"@id\":\"https:\\\/\\\/aprimariavsg.com\\\/es\\\/#organization\"},\"potentialAction\":[{\"@type\":\"SearchAction\",\"target\":{\"@type\":\"EntryPoint\",\"urlTemplate\":\"https:\\\/\\\/aprimariavsg.com\\\/es\\\/?s={search_term_string}\"},\"query-input\":{\"@type\":\"PropertyValueSpecification\",\"valueRequired\":true,\"valueName\":\"search_term_string\"}}],\"inLanguage\":\"es\"},{\"@type\":\"Organization\",\"@id\":\"https:\\\/\\\/aprimariavsg.com\\\/es\\\/#organization\",\"name\":\"Atenci\u00f3 Prim\u00e0ria Vallcarca - Sant Gervasi\",\"url\":\"https:\\\/\\\/aprimariavsg.com\\\/es\\\/\",\"logo\":{\"@type\":\"ImageObject\",\"inLanguage\":\"es\",\"@id\":\"https:\\\/\\\/aprimariavsg.com\\\/es\\\/#\\\/schema\\\/logo\\\/image\\\/\",\"url\":\"https:\\\/\\\/aprimariavsg.com\\\/wp-content\\\/uploads\\\/2021\\\/05\\\/APVSG_logo-horitzontal.png\",\"contentUrl\":\"https:\\\/\\\/aprimariavsg.com\\\/wp-content\\\/uploads\\\/2021\\\/05\\\/APVSG_logo-horitzontal.png\",\"width\":816,\"height\":175,\"caption\":\"Atenci\u00f3 Prim\u00e0ria Vallcarca - Sant Gervasi\"},\"image\":{\"@id\":\"https:\\\/\\\/aprimariavsg.com\\\/es\\\/#\\\/schema\\\/logo\\\/image\\\/\"},\"sameAs\":[\"https:\\\/\\\/www.facebook.com\\\/aprimariavsg\\\/\",\"https:\\\/\\\/x.com\\\/aprimariavsg\",\"https:\\\/\\\/www.youtube.com\\\/user\\\/aprimariavsg\"]},{\"@type\":\"Person\",\"@id\":\"https:\\\/\\\/aprimariavsg.com\\\/es\\\/#\\\/schema\\\/person\\\/8520fba4177df181edc61ee0a8a4f3cd\",\"name\":\"Atenci\u00f3 Prim\u00e0ria Vallcarca - Sant Gervasi\",\"sameAs\":[\"https:\\\/\\\/aprimariavsg.com\"],\"url\":\"https:\\\/\\\/aprimariavsg.com\\\/es\\\/author\\\/narrowcasting\\\/\"}]}<\/script>\n<!-- \/ Yoast SEO plugin. -->","yoast_head_json":{"title":"La familia, la mejor escuela - Atenci\u00f3 Prim\u00e0ria Vallcarca - Sant Gervasi","robots":{"index":"index","follow":"follow","max-snippet":"max-snippet:-1","max-image-preview":"max-image-preview:large","max-video-preview":"max-video-preview:-1"},"canonical":"https:\/\/aprimariavsg.com\/es\/la-familia-la-mejor-escuela-2\/","og_locale":"es_ES","og_type":"article","og_title":"La familia, la mejor escuela - Atenci\u00f3 Prim\u00e0ria Vallcarca - Sant Gervasi","og_description":"A qui\u00e9n va dirigido: Madres y padres con hijos\/as de 2 a 5 a\u00f1os. Duraci\u00f3n: Del 21 de abril al 16 de junio de 2022 en la Biblioteca Joan Maragall.","og_url":"https:\/\/aprimariavsg.com\/es\/la-familia-la-mejor-escuela-2\/","og_site_name":"Atenci\u00f3 Prim\u00e0ria Vallcarca - Sant Gervasi","article_publisher":"https:\/\/www.facebook.com\/aprimariavsg\/","article_published_time":"2022-04-04T17:12:23+00:00","article_modified_time":"2022-10-17T11:40:49+00:00","og_image":[{"width":1838,"height":1235,"url":"https:\/\/aprimariavsg.com\/wp-content\/uploads\/2016\/10\/Parentalitat-postiva-Atencio-Primaria-Vallcarca-Sant-Gervasi.jpg","type":"image\/jpeg"}],"author":"Atenci\u00f3 Prim\u00e0ria Vallcarca - Sant Gervasi","twitter_card":"summary_large_image","twitter_creator":"@aprimariavsg","twitter_site":"@aprimariavsg","twitter_misc":{"Escrito por":"Atenci\u00f3 Prim\u00e0ria Vallcarca - Sant Gervasi"},"schema":{"@context":"https:\/\/schema.org","@graph":[{"@type":"Article","@id":"https:\/\/aprimariavsg.com\/es\/la-familia-la-mejor-escuela-2\/#article","isPartOf":{"@id":"https:\/\/aprimariavsg.com\/es\/la-familia-la-mejor-escuela-2\/"},"author":{"name":"Atenci\u00f3 Prim\u00e0ria Vallcarca - Sant Gervasi","@id":"https:\/\/aprimariavsg.com\/es\/#\/schema\/person\/8520fba4177df181edc61ee0a8a4f3cd"},"headline":"La familia, la mejor escuela","datePublished":"2022-04-04T17:12:23+00:00","dateModified":"2022-10-17T11:40:49+00:00","mainEntityOfPage":{"@id":"https:\/\/aprimariavsg.com\/es\/la-familia-la-mejor-escuela-2\/"},"wordCount":34,"publisher":{"@id":"https:\/\/aprimariavsg.com\/es\/#organization"},"image":{"@id":"https:\/\/aprimariavsg.com\/es\/la-familia-la-mejor-escuela-2\/#primaryimage"},"thumbnailUrl":"https:\/\/aprimariavsg.com\/wp-content\/uploads\/2016\/10\/Parentalitat-postiva-Atencio-Primaria-Vallcarca-Sant-Gervasi.jpg","keywords":["Pediatria"],"articleSection":["Talleres"],"inLanguage":"es"},{"@type":"WebPage","@id":"https:\/\/aprimariavsg.com\/es\/la-familia-la-mejor-escuela-2\/","url":"https:\/\/aprimariavsg.com\/es\/la-familia-la-mejor-escuela-2\/","name":"La familia, la mejor escuela - Atenci\u00f3 Prim\u00e0ria Vallcarca - Sant Gervasi","isPartOf":{"@id":"https:\/\/aprimariavsg.com\/es\/#website"},"primaryImageOfPage":{"@id":"https:\/\/aprimariavsg.com\/es\/la-familia-la-mejor-escuela-2\/#primaryimage"},"image":{"@id":"https:\/\/aprimariavsg.com\/es\/la-familia-la-mejor-escuela-2\/#primaryimage"},"thumbnailUrl":"https:\/\/aprimariavsg.com\/wp-content\/uploads\/2016\/10\/Parentalitat-postiva-Atencio-Primaria-Vallcarca-Sant-Gervasi.jpg","datePublished":"2022-04-04T17:12:23+00:00","dateModified":"2022-10-17T11:40:49+00:00","breadcrumb":{"@id":"https:\/\/aprimariavsg.com\/es\/la-familia-la-mejor-escuela-2\/#breadcrumb"},"inLanguage":"es","potentialAction":[{"@type":"ReadAction","target":["https:\/\/aprimariavsg.com\/es\/la-familia-la-mejor-escuela-2\/"]}]},{"@type":"ImageObject","inLanguage":"es","@id":"https:\/\/aprimariavsg.com\/es\/la-familia-la-mejor-escuela-2\/#primaryimage","url":"https:\/\/aprimariavsg.com\/wp-content\/uploads\/2016\/10\/Parentalitat-postiva-Atencio-Primaria-Vallcarca-Sant-Gervasi.jpg","contentUrl":"https:\/\/aprimariavsg.com\/wp-content\/uploads\/2016\/10\/Parentalitat-postiva-Atencio-Primaria-Vallcarca-Sant-Gervasi.jpg","width":1838,"height":1235},{"@type":"BreadcrumbList","@id":"https:\/\/aprimariavsg.com\/es\/la-familia-la-mejor-escuela-2\/#breadcrumb","itemListElement":[{"@type":"ListItem","position":1,"name":"Inici","item":"https:\/\/aprimariavsg.com\/es\/"},{"@type":"ListItem","position":2,"name":"La familia, la mejor escuela"}]},{"@type":"WebSite","@id":"https:\/\/aprimariavsg.com\/es\/#website","url":"https:\/\/aprimariavsg.com\/es\/","name":"Atenci\u00f3 Prim\u00e0ria Vallcarca - Sant Gervasi","description":"Cap Atenci\u00f3 Prim\u00e0ria","publisher":{"@id":"https:\/\/aprimariavsg.com\/es\/#organization"},"potentialAction":[{"@type":"SearchAction","target":{"@type":"EntryPoint","urlTemplate":"https:\/\/aprimariavsg.com\/es\/?s={search_term_string}"},"query-input":{"@type":"PropertyValueSpecification","valueRequired":true,"valueName":"search_term_string"}}],"inLanguage":"es"},{"@type":"Organization","@id":"https:\/\/aprimariavsg.com\/es\/#organization","name":"Atenci\u00f3 Prim\u00e0ria Vallcarca - Sant Gervasi","url":"https:\/\/aprimariavsg.com\/es\/","logo":{"@type":"ImageObject","inLanguage":"es","@id":"https:\/\/aprimariavsg.com\/es\/#\/schema\/logo\/image\/","url":"https:\/\/aprimariavsg.com\/wp-content\/uploads\/2021\/05\/APVSG_logo-horitzontal.png","contentUrl":"https:\/\/aprimariavsg.com\/wp-content\/uploads\/2021\/05\/APVSG_logo-horitzontal.png","width":816,"height":175,"caption":"Atenci\u00f3 Prim\u00e0ria Vallcarca - Sant Gervasi"},"image":{"@id":"https:\/\/aprimariavsg.com\/es\/#\/schema\/logo\/image\/"},"sameAs":["https:\/\/www.facebook.com\/aprimariavsg\/","https:\/\/x.com\/aprimariavsg","https:\/\/www.youtube.com\/user\/aprimariavsg"]},{"@type":"Person","@id":"https:\/\/aprimariavsg.com\/es\/#\/schema\/person\/8520fba4177df181edc61ee0a8a4f3cd","name":"Atenci\u00f3 Prim\u00e0ria Vallcarca - Sant Gervasi","sameAs":["https:\/\/aprimariavsg.com"],"url":"https:\/\/aprimariavsg.com\/es\/author\/narrowcasting\/"}]}},"_links":{"self":[{"href":"https:\/\/aprimariavsg.com\/es\/wp-json\/wp\/v2\/posts\/96027","targetHints":{"allow":["GET"]}}],"collection":[{"href":"https:\/\/aprimariavsg.com\/es\/wp-json\/wp\/v2\/posts"}],"about":[{"href":"https:\/\/aprimariavsg.com\/es\/wp-json\/wp\/v2\/types\/post"}],"author":[{"embeddable":true,"href":"https:\/\/aprimariavsg.com\/es\/wp-json\/wp\/v2\/users\/1"}],"replies":[{"embeddable":true,"href":"https:\/\/aprimariavsg.com\/es\/wp-json\/wp\/v2\/comments?post=96027"}],"version-history":[{"count":0,"href":"https:\/\/aprimariavsg.com\/es\/wp-json\/wp\/v2\/posts\/96027\/revisions"}],"wp:featuredmedia":[{"embeddable":true,"href":"https:\/\/aprimariavsg.com\/es\/wp-json\/wp\/v2\/media\/94773"}],"wp:attachment":[{"href":"https:\/\/aprimariavsg.com\/es\/wp-json\/wp\/v2\/media?parent=96027"}],"wp:term":[{"taxonomy":"category","embeddable":true,"href":"https:\/\/aprimariavsg.com\/es\/wp-json\/wp\/v2\/categories?post=96027"},{"taxonomy":"post_tag","embeddable":true,"href":"https:\/\/aprimariavsg.com\/es\/wp-json\/wp\/v2\/tags?post=96027"}],"curies":[{"name":"wp","href":"https:\/\/api.w.org\/{rel}","templated":true}]}}