{"id":95979,"date":"2022-04-08T14:10:05","date_gmt":"2022-04-08T14:10:05","guid":{"rendered":"https:\/\/aprimariavsg.com\/masaje-infantil\/"},"modified":"2022-10-17T11:40:45","modified_gmt":"2022-10-17T11:40:45","slug":"masaje-infantil","status":"publish","type":"post","link":"https:\/\/aprimariavsg.com\/es\/masaje-infantil\/","title":{"rendered":"Masaje infantil"},"content":{"rendered":"<p><span style=\"\\\"color:\"><strong>Descripci\u00f3n\/ objetivo:<\/strong> Facilitar mediante el tacto y la voz la creaci\u00f3n y fortalecimiento de los v\u00ednculos afectivos entre beb\u00e9s y madres, padres y\/o cuidadores. El masaje infantil es una v\u00eda de comunicaci\u00f3n con el beb\u00e9 mediante el tacto.<\/span><\/p>\n<p><span style=\"\\\"color:\">Crear ni\u00f1os e individuos m\u00e1s seguros, comunicativos, receptivos y m\u00e1s sanos tanto a nivel f\u00edsico como psicol\u00f3gico y emocional.<\/span><\/p>\n<p><span style=\"\\\"color:\"><strong>A qui\u00e9n va dirigido:<\/strong> Madres\/padres con beb\u00e9s <span style=\"\\\"text-decoration:\" underline=\"\">menores de 6 meses<\/span> .<\/span><\/p>\n<p><span style=\"\\\"color:\"><strong>Qui\u00e9n lo imparte:<\/strong> Profesionales de enfermer\u00eda y\/o auxiliares de enfermer\u00eda de nuestro CAP.<\/span><\/p>\n<p><span style=\"\\\"color:\"><strong>Inicio<\/strong> : Del 21 de Abril de 2022. <\/span><\/p>\n<p><span style=\"\\\"color:\"><strong>Duraci\u00f3n<\/strong> : 3 sesiones de 90 minutos.<\/span><\/p>\n<p><span style=\"\\\"color:\"><strong>Horario:<\/strong> Jueves de 12:30 a 13:30 h.<\/span><\/p>\n<p><span style=\"\\\"color:\"><strong>Ubicaci\u00f3n:<\/strong> 4 \u00aa planta del edificio Pedraforca.<\/span><\/p>\n<p><span style=\"\\\"color:\"><strong>Inscripci\u00f3n:<\/strong> Llamando al 93 259 44 60 o dirigi\u00e9ndose al mostrador de Pediatr\u00eda.<br \/>\n<\/span><\/p>\n<p>&nbsp;<\/p>\n","protected":false},"excerpt":{"rendered":"<p>Crear ni\u00f1os e individuos m\u00e1s seguros, comunicativos, receptivos y m\u00e1s sanos tanto a nivel f\u00edsico como psicol\u00f3gico y emocional. menores de 6 meses . Inicio : Del 21 de Abril de 2022. Horario: Jueves de 12:30 a 13:30 h. Inscripci\u00f3n: Llamando al 93 259 44 60 o dirigi\u00e9ndose al mostrador de Pediatr\u00eda. &nbsp;<\/p>\n","protected":false},"author":1,"featured_media":95130,"comment_status":"open","ping_status":"open","sticky":false,"template":"","format":"standard","meta":{"site-sidebar-layout":"default","site-content-layout":"","ast-site-content-layout":"default","site-content-style":"default","site-sidebar-style":"default","ast-global-header-display":"","ast-banner-title-visibility":"","ast-main-header-display":"","ast-hfb-above-header-display":"","ast-hfb-below-header-display":"","ast-hfb-mobile-header-display":"","site-post-title":"","ast-breadcrumbs-content":"","ast-featured-img":"","footer-sml-layout":"","ast-disable-related-posts":"","theme-transparent-header-meta":"","adv-header-id-meta":"","stick-header-meta":"","header-above-stick-meta":"","header-main-stick-meta":"","header-below-stick-meta":"","astra-migrate-meta-layouts":"default","ast-page-background-enabled":"default","ast-page-background-meta":{"desktop":{"background-color":"","background-image":"","background-repeat":"repeat","background-position":"center center","background-size":"auto","background-attachment":"scroll","background-type":"","background-media":"","overlay-type":"","overlay-color":"","overlay-opacity":"","overlay-gradient":""},"tablet":{"background-color":"","background-image":"","background-repeat":"repeat","background-position":"center center","background-size":"auto","background-attachment":"scroll","background-type":"","background-media":"","overlay-type":"","overlay-color":"","overlay-opacity":"","overlay-gradient":""},"mobile":{"background-color":"","background-image":"","background-repeat":"repeat","background-position":"center center","background-size":"auto","background-attachment":"scroll","background-type":"","background-media":"","overlay-type":"","overlay-color":"","overlay-opacity":"","overlay-gradient":""}},"ast-content-background-meta":{"desktop":{"background-color":"var(--ast-global-color-5)","background-image":"","background-repeat":"repeat","background-position":"center center","background-size":"auto","background-attachment":"scroll","background-type":"","background-media":"","overlay-type":"","overlay-color":"","overlay-opacity":"","overlay-gradient":""},"tablet":{"background-color":"var(--ast-global-color-5)","background-image":"","background-repeat":"repeat","background-position":"center center","background-size":"auto","background-attachment":"scroll","background-type":"","background-media":"","overlay-type":"","overlay-color":"","overlay-opacity":"","overlay-gradient":""},"mobile":{"background-color":"var(--ast-global-color-5)","background-image":"","background-repeat":"repeat","background-position":"center center","background-size":"auto","background-attachment":"scroll","background-type":"","background-media":"","overlay-type":"","overlay-color":"","overlay-opacity":"","overlay-gradient":""}},"footnotes":""},"categories":[323],"tags":[325],"class_list":["post-95979","post","type-post","status-publish","format-standard","has-post-thumbnail","hentry","category-talleres-es","tag-embarazo-y-postparto-es"],"yoast_head":"<!-- This site is optimized with the Yoast SEO plugin v27.5 - https:\/\/yoast.com\/product\/yoast-seo-wordpress\/ -->\n<title>Masaje infantil - Atenci\u00f3 Prim\u00e0ria Vallcarca - Sant Gervasi<\/title>\n<meta name=\"robots\" content=\"index, follow, max-snippet:-1, max-image-preview:large, max-video-preview:-1\" \/>\n<link rel=\"canonical\" href=\"https:\/\/aprimariavsg.com\/es\/masaje-infantil\/\" \/>\n<meta property=\"og:locale\" content=\"es_ES\" \/>\n<meta property=\"og:type\" content=\"article\" \/>\n<meta property=\"og:title\" content=\"Masaje infantil - Atenci\u00f3 Prim\u00e0ria Vallcarca - Sant Gervasi\" \/>\n<meta property=\"og:description\" content=\"Crear ni\u00f1os e individuos m\u00e1s seguros, comunicativos, receptivos y m\u00e1s sanos tanto a nivel f\u00edsico como psicol\u00f3gico y emocional. menores de 6 meses . Inicio : Del 21 de Abril de 2022. Horario: Jueves de 12:30 a 13:30 h. Inscripci\u00f3n: Llamando al 93 259 44 60 o dirigi\u00e9ndose al mostrador de Pediatr\u00eda. &nbsp;\" \/>\n<meta property=\"og:url\" content=\"https:\/\/aprimariavsg.com\/es\/masaje-infantil\/\" \/>\n<meta property=\"og:site_name\" content=\"Atenci\u00f3 Prim\u00e0ria Vallcarca - Sant Gervasi\" \/>\n<meta property=\"article:publisher\" content=\"https:\/\/www.facebook.com\/aprimariavsg\/\" \/>\n<meta property=\"article:published_time\" content=\"2022-04-08T14:10:05+00:00\" \/>\n<meta property=\"article:modified_time\" content=\"2022-10-17T11:40:45+00:00\" \/>\n<meta property=\"og:image\" content=\"https:\/\/aprimariavsg.com\/wp-content\/uploads\/2014\/08\/Fotolia_38431708_Subscription_XXL-1.jpg\" \/>\n\t<meta property=\"og:image:width\" content=\"1069\" \/>\n\t<meta property=\"og:image:height\" content=\"838\" \/>\n\t<meta property=\"og:image:type\" content=\"image\/jpeg\" \/>\n<meta name=\"author\" content=\"Atenci\u00f3 Prim\u00e0ria Vallcarca - Sant Gervasi\" \/>\n<meta name=\"twitter:card\" content=\"summary_large_image\" \/>\n<meta name=\"twitter:creator\" content=\"@aprimariavsg\" \/>\n<meta name=\"twitter:site\" content=\"@aprimariavsg\" \/>\n<meta name=\"twitter:label1\" content=\"Escrito por\" \/>\n\t<meta name=\"twitter:data1\" content=\"Atenci\u00f3 Prim\u00e0ria Vallcarca - Sant Gervasi\" \/>\n<script type=\"application\/ld+json\" class=\"yoast-schema-graph\">{\"@context\":\"https:\\\/\\\/schema.org\",\"@graph\":[{\"@type\":\"Article\",\"@id\":\"https:\\\/\\\/aprimariavsg.com\\\/es\\\/masaje-infantil\\\/#article\",\"isPartOf\":{\"@id\":\"https:\\\/\\\/aprimariavsg.com\\\/es\\\/masaje-infantil\\\/\"},\"author\":{\"name\":\"Atenci\u00f3 Prim\u00e0ria Vallcarca - Sant Gervasi\",\"@id\":\"https:\\\/\\\/aprimariavsg.com\\\/es\\\/#\\\/schema\\\/person\\\/8520fba4177df181edc61ee0a8a4f3cd\"},\"headline\":\"Masaje infantil\",\"datePublished\":\"2022-04-08T14:10:05+00:00\",\"dateModified\":\"2022-10-17T11:40:45+00:00\",\"mainEntityOfPage\":{\"@id\":\"https:\\\/\\\/aprimariavsg.com\\\/es\\\/masaje-infantil\\\/\"},\"wordCount\":52,\"commentCount\":0,\"publisher\":{\"@id\":\"https:\\\/\\\/aprimariavsg.com\\\/es\\\/#organization\"},\"image\":{\"@id\":\"https:\\\/\\\/aprimariavsg.com\\\/es\\\/masaje-infantil\\\/#primaryimage\"},\"thumbnailUrl\":\"https:\\\/\\\/aprimariavsg.com\\\/wp-content\\\/uploads\\\/2014\\\/08\\\/Fotolia_38431708_Subscription_XXL-1.jpg\",\"keywords\":[\"Embarazo y postparto\"],\"articleSection\":[\"Talleres\"],\"inLanguage\":\"es\",\"potentialAction\":[{\"@type\":\"CommentAction\",\"name\":\"Comment\",\"target\":[\"https:\\\/\\\/aprimariavsg.com\\\/es\\\/masaje-infantil\\\/#respond\"]}]},{\"@type\":\"WebPage\",\"@id\":\"https:\\\/\\\/aprimariavsg.com\\\/es\\\/masaje-infantil\\\/\",\"url\":\"https:\\\/\\\/aprimariavsg.com\\\/es\\\/masaje-infantil\\\/\",\"name\":\"Masaje infantil - Atenci\u00f3 Prim\u00e0ria Vallcarca - Sant Gervasi\",\"isPartOf\":{\"@id\":\"https:\\\/\\\/aprimariavsg.com\\\/es\\\/#website\"},\"primaryImageOfPage\":{\"@id\":\"https:\\\/\\\/aprimariavsg.com\\\/es\\\/masaje-infantil\\\/#primaryimage\"},\"image\":{\"@id\":\"https:\\\/\\\/aprimariavsg.com\\\/es\\\/masaje-infantil\\\/#primaryimage\"},\"thumbnailUrl\":\"https:\\\/\\\/aprimariavsg.com\\\/wp-content\\\/uploads\\\/2014\\\/08\\\/Fotolia_38431708_Subscription_XXL-1.jpg\",\"datePublished\":\"2022-04-08T14:10:05+00:00\",\"dateModified\":\"2022-10-17T11:40:45+00:00\",\"breadcrumb\":{\"@id\":\"https:\\\/\\\/aprimariavsg.com\\\/es\\\/masaje-infantil\\\/#breadcrumb\"},\"inLanguage\":\"es\",\"potentialAction\":[{\"@type\":\"ReadAction\",\"target\":[\"https:\\\/\\\/aprimariavsg.com\\\/es\\\/masaje-infantil\\\/\"]}]},{\"@type\":\"ImageObject\",\"inLanguage\":\"es\",\"@id\":\"https:\\\/\\\/aprimariavsg.com\\\/es\\\/masaje-infantil\\\/#primaryimage\",\"url\":\"https:\\\/\\\/aprimariavsg.com\\\/wp-content\\\/uploads\\\/2014\\\/08\\\/Fotolia_38431708_Subscription_XXL-1.jpg\",\"contentUrl\":\"https:\\\/\\\/aprimariavsg.com\\\/wp-content\\\/uploads\\\/2014\\\/08\\\/Fotolia_38431708_Subscription_XXL-1.jpg\",\"width\":1069,\"height\":838},{\"@type\":\"BreadcrumbList\",\"@id\":\"https:\\\/\\\/aprimariavsg.com\\\/es\\\/masaje-infantil\\\/#breadcrumb\",\"itemListElement\":[{\"@type\":\"ListItem\",\"position\":1,\"name\":\"Inici\",\"item\":\"https:\\\/\\\/aprimariavsg.com\\\/es\\\/\"},{\"@type\":\"ListItem\",\"position\":2,\"name\":\"Masaje infantil\"}]},{\"@type\":\"WebSite\",\"@id\":\"https:\\\/\\\/aprimariavsg.com\\\/es\\\/#website\",\"url\":\"https:\\\/\\\/aprimariavsg.com\\\/es\\\/\",\"name\":\"Atenci\u00f3 Prim\u00e0ria Vallcarca - Sant Gervasi\",\"description\":\"Cap Atenci\u00f3 Prim\u00e0ria\",\"publisher\":{\"@id\":\"https:\\\/\\\/aprimariavsg.com\\\/es\\\/#organization\"},\"potentialAction\":[{\"@type\":\"SearchAction\",\"target\":{\"@type\":\"EntryPoint\",\"urlTemplate\":\"https:\\\/\\\/aprimariavsg.com\\\/es\\\/?s={search_term_string}\"},\"query-input\":{\"@type\":\"PropertyValueSpecification\",\"valueRequired\":true,\"valueName\":\"search_term_string\"}}],\"inLanguage\":\"es\"},{\"@type\":\"Organization\",\"@id\":\"https:\\\/\\\/aprimariavsg.com\\\/es\\\/#organization\",\"name\":\"Atenci\u00f3 Prim\u00e0ria Vallcarca - Sant Gervasi\",\"url\":\"https:\\\/\\\/aprimariavsg.com\\\/es\\\/\",\"logo\":{\"@type\":\"ImageObject\",\"inLanguage\":\"es\",\"@id\":\"https:\\\/\\\/aprimariavsg.com\\\/es\\\/#\\\/schema\\\/logo\\\/image\\\/\",\"url\":\"https:\\\/\\\/aprimariavsg.com\\\/wp-content\\\/uploads\\\/2021\\\/05\\\/APVSG_logo-horitzontal.png\",\"contentUrl\":\"https:\\\/\\\/aprimariavsg.com\\\/wp-content\\\/uploads\\\/2021\\\/05\\\/APVSG_logo-horitzontal.png\",\"width\":816,\"height\":175,\"caption\":\"Atenci\u00f3 Prim\u00e0ria Vallcarca - Sant Gervasi\"},\"image\":{\"@id\":\"https:\\\/\\\/aprimariavsg.com\\\/es\\\/#\\\/schema\\\/logo\\\/image\\\/\"},\"sameAs\":[\"https:\\\/\\\/www.facebook.com\\\/aprimariavsg\\\/\",\"https:\\\/\\\/x.com\\\/aprimariavsg\",\"https:\\\/\\\/www.youtube.com\\\/user\\\/aprimariavsg\"]},{\"@type\":\"Person\",\"@id\":\"https:\\\/\\\/aprimariavsg.com\\\/es\\\/#\\\/schema\\\/person\\\/8520fba4177df181edc61ee0a8a4f3cd\",\"name\":\"Atenci\u00f3 Prim\u00e0ria Vallcarca - Sant Gervasi\",\"sameAs\":[\"https:\\\/\\\/aprimariavsg.com\"],\"url\":\"https:\\\/\\\/aprimariavsg.com\\\/es\\\/author\\\/narrowcasting\\\/\"}]}<\/script>\n<!-- \/ Yoast SEO plugin. -->","yoast_head_json":{"title":"Masaje infantil - Atenci\u00f3 Prim\u00e0ria Vallcarca - Sant Gervasi","robots":{"index":"index","follow":"follow","max-snippet":"max-snippet:-1","max-image-preview":"max-image-preview:large","max-video-preview":"max-video-preview:-1"},"canonical":"https:\/\/aprimariavsg.com\/es\/masaje-infantil\/","og_locale":"es_ES","og_type":"article","og_title":"Masaje infantil - Atenci\u00f3 Prim\u00e0ria Vallcarca - Sant Gervasi","og_description":"Crear ni\u00f1os e individuos m\u00e1s seguros, comunicativos, receptivos y m\u00e1s sanos tanto a nivel f\u00edsico como psicol\u00f3gico y emocional. menores de 6 meses . Inicio : Del 21 de Abril de 2022. Horario: Jueves de 12:30 a 13:30 h. Inscripci\u00f3n: Llamando al 93 259 44 60 o dirigi\u00e9ndose al mostrador de Pediatr\u00eda. &nbsp;","og_url":"https:\/\/aprimariavsg.com\/es\/masaje-infantil\/","og_site_name":"Atenci\u00f3 Prim\u00e0ria Vallcarca - Sant Gervasi","article_publisher":"https:\/\/www.facebook.com\/aprimariavsg\/","article_published_time":"2022-04-08T14:10:05+00:00","article_modified_time":"2022-10-17T11:40:45+00:00","og_image":[{"width":1069,"height":838,"url":"https:\/\/aprimariavsg.com\/wp-content\/uploads\/2014\/08\/Fotolia_38431708_Subscription_XXL-1.jpg","type":"image\/jpeg"}],"author":"Atenci\u00f3 Prim\u00e0ria Vallcarca - Sant Gervasi","twitter_card":"summary_large_image","twitter_creator":"@aprimariavsg","twitter_site":"@aprimariavsg","twitter_misc":{"Escrito por":"Atenci\u00f3 Prim\u00e0ria Vallcarca - Sant Gervasi"},"schema":{"@context":"https:\/\/schema.org","@graph":[{"@type":"Article","@id":"https:\/\/aprimariavsg.com\/es\/masaje-infantil\/#article","isPartOf":{"@id":"https:\/\/aprimariavsg.com\/es\/masaje-infantil\/"},"author":{"name":"Atenci\u00f3 Prim\u00e0ria Vallcarca - Sant Gervasi","@id":"https:\/\/aprimariavsg.com\/es\/#\/schema\/person\/8520fba4177df181edc61ee0a8a4f3cd"},"headline":"Masaje infantil","datePublished":"2022-04-08T14:10:05+00:00","dateModified":"2022-10-17T11:40:45+00:00","mainEntityOfPage":{"@id":"https:\/\/aprimariavsg.com\/es\/masaje-infantil\/"},"wordCount":52,"commentCount":0,"publisher":{"@id":"https:\/\/aprimariavsg.com\/es\/#organization"},"image":{"@id":"https:\/\/aprimariavsg.com\/es\/masaje-infantil\/#primaryimage"},"thumbnailUrl":"https:\/\/aprimariavsg.com\/wp-content\/uploads\/2014\/08\/Fotolia_38431708_Subscription_XXL-1.jpg","keywords":["Embarazo y postparto"],"articleSection":["Talleres"],"inLanguage":"es","potentialAction":[{"@type":"CommentAction","name":"Comment","target":["https:\/\/aprimariavsg.com\/es\/masaje-infantil\/#respond"]}]},{"@type":"WebPage","@id":"https:\/\/aprimariavsg.com\/es\/masaje-infantil\/","url":"https:\/\/aprimariavsg.com\/es\/masaje-infantil\/","name":"Masaje infantil - Atenci\u00f3 Prim\u00e0ria Vallcarca - Sant Gervasi","isPartOf":{"@id":"https:\/\/aprimariavsg.com\/es\/#website"},"primaryImageOfPage":{"@id":"https:\/\/aprimariavsg.com\/es\/masaje-infantil\/#primaryimage"},"image":{"@id":"https:\/\/aprimariavsg.com\/es\/masaje-infantil\/#primaryimage"},"thumbnailUrl":"https:\/\/aprimariavsg.com\/wp-content\/uploads\/2014\/08\/Fotolia_38431708_Subscription_XXL-1.jpg","datePublished":"2022-04-08T14:10:05+00:00","dateModified":"2022-10-17T11:40:45+00:00","breadcrumb":{"@id":"https:\/\/aprimariavsg.com\/es\/masaje-infantil\/#breadcrumb"},"inLanguage":"es","potentialAction":[{"@type":"ReadAction","target":["https:\/\/aprimariavsg.com\/es\/masaje-infantil\/"]}]},{"@type":"ImageObject","inLanguage":"es","@id":"https:\/\/aprimariavsg.com\/es\/masaje-infantil\/#primaryimage","url":"https:\/\/aprimariavsg.com\/wp-content\/uploads\/2014\/08\/Fotolia_38431708_Subscription_XXL-1.jpg","contentUrl":"https:\/\/aprimariavsg.com\/wp-content\/uploads\/2014\/08\/Fotolia_38431708_Subscription_XXL-1.jpg","width":1069,"height":838},{"@type":"BreadcrumbList","@id":"https:\/\/aprimariavsg.com\/es\/masaje-infantil\/#breadcrumb","itemListElement":[{"@type":"ListItem","position":1,"name":"Inici","item":"https:\/\/aprimariavsg.com\/es\/"},{"@type":"ListItem","position":2,"name":"Masaje infantil"}]},{"@type":"WebSite","@id":"https:\/\/aprimariavsg.com\/es\/#website","url":"https:\/\/aprimariavsg.com\/es\/","name":"Atenci\u00f3 Prim\u00e0ria Vallcarca - Sant Gervasi","description":"Cap Atenci\u00f3 Prim\u00e0ria","publisher":{"@id":"https:\/\/aprimariavsg.com\/es\/#organization"},"potentialAction":[{"@type":"SearchAction","target":{"@type":"EntryPoint","urlTemplate":"https:\/\/aprimariavsg.com\/es\/?s={search_term_string}"},"query-input":{"@type":"PropertyValueSpecification","valueRequired":true,"valueName":"search_term_string"}}],"inLanguage":"es"},{"@type":"Organization","@id":"https:\/\/aprimariavsg.com\/es\/#organization","name":"Atenci\u00f3 Prim\u00e0ria Vallcarca - Sant Gervasi","url":"https:\/\/aprimariavsg.com\/es\/","logo":{"@type":"ImageObject","inLanguage":"es","@id":"https:\/\/aprimariavsg.com\/es\/#\/schema\/logo\/image\/","url":"https:\/\/aprimariavsg.com\/wp-content\/uploads\/2021\/05\/APVSG_logo-horitzontal.png","contentUrl":"https:\/\/aprimariavsg.com\/wp-content\/uploads\/2021\/05\/APVSG_logo-horitzontal.png","width":816,"height":175,"caption":"Atenci\u00f3 Prim\u00e0ria Vallcarca - Sant Gervasi"},"image":{"@id":"https:\/\/aprimariavsg.com\/es\/#\/schema\/logo\/image\/"},"sameAs":["https:\/\/www.facebook.com\/aprimariavsg\/","https:\/\/x.com\/aprimariavsg","https:\/\/www.youtube.com\/user\/aprimariavsg"]},{"@type":"Person","@id":"https:\/\/aprimariavsg.com\/es\/#\/schema\/person\/8520fba4177df181edc61ee0a8a4f3cd","name":"Atenci\u00f3 Prim\u00e0ria Vallcarca - Sant Gervasi","sameAs":["https:\/\/aprimariavsg.com"],"url":"https:\/\/aprimariavsg.com\/es\/author\/narrowcasting\/"}]}},"_links":{"self":[{"href":"https:\/\/aprimariavsg.com\/es\/wp-json\/wp\/v2\/posts\/95979","targetHints":{"allow":["GET"]}}],"collection":[{"href":"https:\/\/aprimariavsg.com\/es\/wp-json\/wp\/v2\/posts"}],"about":[{"href":"https:\/\/aprimariavsg.com\/es\/wp-json\/wp\/v2\/types\/post"}],"author":[{"embeddable":true,"href":"https:\/\/aprimariavsg.com\/es\/wp-json\/wp\/v2\/users\/1"}],"replies":[{"embeddable":true,"href":"https:\/\/aprimariavsg.com\/es\/wp-json\/wp\/v2\/comments?post=95979"}],"version-history":[{"count":0,"href":"https:\/\/aprimariavsg.com\/es\/wp-json\/wp\/v2\/posts\/95979\/revisions"}],"wp:featuredmedia":[{"embeddable":true,"href":"https:\/\/aprimariavsg.com\/es\/wp-json\/wp\/v2\/media\/95130"}],"wp:attachment":[{"href":"https:\/\/aprimariavsg.com\/es\/wp-json\/wp\/v2\/media?parent=95979"}],"wp:term":[{"taxonomy":"category","embeddable":true,"href":"https:\/\/aprimariavsg.com\/es\/wp-json\/wp\/v2\/categories?post=95979"},{"taxonomy":"post_tag","embeddable":true,"href":"https:\/\/aprimariavsg.com\/es\/wp-json\/wp\/v2\/tags?post=95979"}],"curies":[{"name":"wp","href":"https:\/\/api.w.org\/{rel}","templated":true}]}}