{"id":104810,"date":"2026-03-16T09:07:00","date_gmt":"2026-03-16T09:07:00","guid":{"rendered":"https:\/\/aprimariavsg.com\/el-cap-celebra-23-anos\/"},"modified":"2026-04-28T09:14:10","modified_gmt":"2026-04-28T09:14:10","slug":"el-cap-celebra-23-anos","status":"publish","type":"post","link":"https:\/\/aprimariavsg.com\/es\/el-cap-celebra-23-anos\/","title":{"rendered":"\u00a1El CAP celebra 23 a\u00f1os!"},"content":{"rendered":"\t\t<div data-elementor-type=\"wp-post\" data-elementor-id=\"104810\" class=\"elementor elementor-104810 elementor-104805\" data-elementor-post-type=\"post\">\n\t\t\t\t\t\t<section class=\"elementor-section elementor-top-section elementor-element elementor-element-de620f8 elementor-section-boxed elementor-section-height-default elementor-section-height-default\" data-id=\"de620f8\" data-element_type=\"section\" data-e-type=\"section\">\n\t\t\t\t\t\t<div class=\"elementor-container elementor-column-gap-default\">\n\t\t\t\t\t<div class=\"elementor-column elementor-col-100 elementor-top-column elementor-element elementor-element-13942b3\" data-id=\"13942b3\" data-element_type=\"column\" data-e-type=\"column\">\n\t\t\t<div class=\"elementor-widget-wrap elementor-element-populated\">\n\t\t\t\t\t\t<div class=\"elementor-element elementor-element-ccf1342 elementor-widget elementor-widget-text-editor\" data-id=\"ccf1342\" data-element_type=\"widget\" data-e-type=\"widget\" data-widget_type=\"text-editor.default\">\n\t\t\t\t<div class=\"elementor-widget-container\">\n\t\t\t\t\t\t\t\t\t<p>Este a\u00f1o celebramos nuestros 23 a\u00f1os al servicio de Vallcarca y Sant Gervasi. El CAP abri\u00f3 sus puertas por primera vez el 3 de marzo de 2003, d\u00eda de Sant Medir. <\/p><p>A lo largo de este tiempo hemos trabajado para ofrecer una atenci\u00f3n cercana, humana y de calidad, adapt\u00e1ndonos a las necesidades de nuestro entorno. Hemos crecido, ampliado el equipo que cuenta ya con m\u00e1s de 120 miembros, e incorporado servicios adaptados a las necesidades de la poblaci\u00f3n y los recursos disponibles.   <\/p><p>Adem\u00e1s de un centro de salud nos complace en habernos convertido en parte del barrio y de la vida de las personas que viven all\u00ed.<\/p><p>Gracias por la confianza que nos ha dado durante todos estos a\u00f1os.<\/p>\t\t\t\t\t\t\t\t<\/div>\n\t\t\t\t<\/div>\n\t\t\t\t\t<\/div>\n\t\t<\/div>\n\t\t\t\t\t<\/div>\n\t\t<\/section>\n\t\t\t\t<\/div>\n\t\t","protected":false},"excerpt":{"rendered":"<p>Este a\u00f1o celebramos nuestros 23 a\u00f1os al servicio de Vallcarca y Sant Gervasi. El CAP abri\u00f3 sus puertas por primera vez el 3 de marzo de 2003, d\u00eda de Sant Medir. A lo largo de este tiempo hemos trabajado para ofrecer una atenci\u00f3n cercana, humana y de calidad, adapt\u00e1ndonos a las necesidades de nuestro entorno. [&hellip;]<\/p>\n","protected":false},"author":2,"featured_media":104783,"comment_status":"closed","ping_status":"closed","sticky":false,"template":"","format":"standard","meta":{"site-sidebar-layout":"default","site-content-layout":"","ast-site-content-layout":"default","site-content-style":"default","site-sidebar-style":"default","ast-global-header-display":"","ast-banner-title-visibility":"","ast-main-header-display":"","ast-hfb-above-header-display":"","ast-hfb-below-header-display":"","ast-hfb-mobile-header-display":"","site-post-title":"","ast-breadcrumbs-content":"","ast-featured-img":"","footer-sml-layout":"","ast-disable-related-posts":"","theme-transparent-header-meta":"","adv-header-id-meta":"","stick-header-meta":"","header-above-stick-meta":"","header-main-stick-meta":"","header-below-stick-meta":"","astra-migrate-meta-layouts":"default","ast-page-background-enabled":"default","ast-page-background-meta":{"desktop":{"background-color":"","background-image":"","background-repeat":"repeat","background-position":"center center","background-size":"auto","background-attachment":"scroll","background-type":"","background-media":"","overlay-type":"","overlay-color":"","overlay-opacity":"","overlay-gradient":""},"tablet":{"background-color":"","background-image":"","background-repeat":"repeat","background-position":"center center","background-size":"auto","background-attachment":"scroll","background-type":"","background-media":"","overlay-type":"","overlay-color":"","overlay-opacity":"","overlay-gradient":""},"mobile":{"background-color":"","background-image":"","background-repeat":"repeat","background-position":"center center","background-size":"auto","background-attachment":"scroll","background-type":"","background-media":"","overlay-type":"","overlay-color":"","overlay-opacity":"","overlay-gradient":""}},"ast-content-background-meta":{"desktop":{"background-color":"var(--ast-global-color-5)","background-image":"","background-repeat":"repeat","background-position":"center center","background-size":"auto","background-attachment":"scroll","background-type":"","background-media":"","overlay-type":"","overlay-color":"","overlay-opacity":"","overlay-gradient":""},"tablet":{"background-color":"var(--ast-global-color-5)","background-image":"","background-repeat":"repeat","background-position":"center center","background-size":"auto","background-attachment":"scroll","background-type":"","background-media":"","overlay-type":"","overlay-color":"","overlay-opacity":"","overlay-gradient":""},"mobile":{"background-color":"var(--ast-global-color-5)","background-image":"","background-repeat":"repeat","background-position":"center center","background-size":"auto","background-attachment":"scroll","background-type":"","background-media":"","overlay-type":"","overlay-color":"","overlay-opacity":"","overlay-gradient":""}},"footnotes":""},"categories":[332,457],"tags":[339,340,441,455],"class_list":["post-104810","post","type-post","status-publish","format-standard","has-post-thumbnail","hentry","category-comunicacion-es","category-noticias-2","tag-vallcarca-es-2","tag-salud-comunitaria","tag-catala-es","tag-novetat"],"yoast_head":"<!-- This site is optimized with the Yoast SEO plugin v27.5 - https:\/\/yoast.com\/product\/yoast-seo-wordpress\/ -->\n<title>\u00a1El CAP celebra 23 a\u00f1os! - Atenci\u00f3 Prim\u00e0ria Vallcarca - Sant Gervasi<\/title>\n<meta name=\"robots\" content=\"index, follow, max-snippet:-1, max-image-preview:large, max-video-preview:-1\" \/>\n<link rel=\"canonical\" href=\"https:\/\/aprimariavsg.com\/es\/el-cap-celebra-23-anos\/\" \/>\n<meta property=\"og:locale\" content=\"es_ES\" \/>\n<meta property=\"og:type\" content=\"article\" \/>\n<meta property=\"og:title\" content=\"\u00a1El CAP celebra 23 a\u00f1os! - Atenci\u00f3 Prim\u00e0ria Vallcarca - Sant Gervasi\" \/>\n<meta property=\"og:description\" content=\"Este a\u00f1o celebramos nuestros 23 a\u00f1os al servicio de Vallcarca y Sant Gervasi. El CAP abri\u00f3 sus puertas por primera vez el 3 de marzo de 2003, d\u00eda de Sant Medir. A lo largo de este tiempo hemos trabajado para ofrecer una atenci\u00f3n cercana, humana y de calidad, adapt\u00e1ndonos a las necesidades de nuestro entorno. [&hellip;]\" \/>\n<meta property=\"og:url\" content=\"https:\/\/aprimariavsg.com\/es\/el-cap-celebra-23-anos\/\" \/>\n<meta property=\"og:site_name\" content=\"Atenci\u00f3 Prim\u00e0ria Vallcarca - Sant Gervasi\" \/>\n<meta property=\"article:publisher\" content=\"https:\/\/www.facebook.com\/aprimariavsg\/\" \/>\n<meta property=\"article:published_time\" content=\"2026-03-16T09:07:00+00:00\" \/>\n<meta property=\"article:modified_time\" content=\"2026-04-28T09:14:10+00:00\" \/>\n<meta property=\"og:image\" content=\"https:\/\/aprimariavsg.com\/wp-content\/uploads\/2026\/04\/Equip-CAP-Vallcarca-23-anys.png\" \/>\n\t<meta property=\"og:image:width\" content=\"600\" \/>\n\t<meta property=\"og:image:height\" content=\"321\" \/>\n\t<meta property=\"og:image:type\" content=\"image\/png\" \/>\n<meta name=\"author\" content=\"Atenci\u00f3 Prim\u00e0ria Vallcarca - Sant Gervasi\" \/>\n<meta name=\"twitter:card\" content=\"summary_large_image\" \/>\n<meta name=\"twitter:creator\" content=\"@aprimariavsg\" \/>\n<meta name=\"twitter:site\" content=\"@aprimariavsg\" \/>\n<meta name=\"twitter:label1\" content=\"Escrito por\" \/>\n\t<meta name=\"twitter:data1\" content=\"Atenci\u00f3 Prim\u00e0ria Vallcarca - Sant Gervasi\" \/>\n\t<meta name=\"twitter:label2\" content=\"Tiempo de lectura\" \/>\n\t<meta name=\"twitter:data2\" content=\"1 minuto\" \/>\n<script type=\"application\/ld+json\" class=\"yoast-schema-graph\">{\"@context\":\"https:\\\/\\\/schema.org\",\"@graph\":[{\"@type\":\"Article\",\"@id\":\"https:\\\/\\\/aprimariavsg.com\\\/es\\\/el-cap-celebra-23-anos\\\/#article\",\"isPartOf\":{\"@id\":\"https:\\\/\\\/aprimariavsg.com\\\/es\\\/el-cap-celebra-23-anos\\\/\"},\"author\":{\"name\":\"Atenci\u00f3 Prim\u00e0ria Vallcarca - Sant Gervasi\",\"@id\":\"https:\\\/\\\/aprimariavsg.com\\\/es\\\/#\\\/schema\\\/person\\\/a7949c182b80dff4ab2b5b627a76e8c7\"},\"headline\":\"\u00a1El CAP celebra 23 a\u00f1os!\",\"datePublished\":\"2026-03-16T09:07:00+00:00\",\"dateModified\":\"2026-04-28T09:14:10+00:00\",\"mainEntityOfPage\":{\"@id\":\"https:\\\/\\\/aprimariavsg.com\\\/es\\\/el-cap-celebra-23-anos\\\/\"},\"wordCount\":129,\"publisher\":{\"@id\":\"https:\\\/\\\/aprimariavsg.com\\\/es\\\/#organization\"},\"image\":{\"@id\":\"https:\\\/\\\/aprimariavsg.com\\\/es\\\/el-cap-celebra-23-anos\\\/#primaryimage\"},\"thumbnailUrl\":\"https:\\\/\\\/aprimariavsg.com\\\/wp-content\\\/uploads\\\/2026\\\/04\\\/Equip-CAP-Vallcarca-23-anys.png\",\"keywords\":[\"Vallcarca\",\"Salud comunitaria\",\"@catal\u00e0\",\"Novetat\"],\"articleSection\":[\"Comunicaci\u00f3n\",\"noticias\"],\"inLanguage\":\"es\"},{\"@type\":\"WebPage\",\"@id\":\"https:\\\/\\\/aprimariavsg.com\\\/es\\\/el-cap-celebra-23-anos\\\/\",\"url\":\"https:\\\/\\\/aprimariavsg.com\\\/es\\\/el-cap-celebra-23-anos\\\/\",\"name\":\"\u00a1El CAP celebra 23 a\u00f1os! - Atenci\u00f3 Prim\u00e0ria Vallcarca - Sant Gervasi\",\"isPartOf\":{\"@id\":\"https:\\\/\\\/aprimariavsg.com\\\/es\\\/#website\"},\"primaryImageOfPage\":{\"@id\":\"https:\\\/\\\/aprimariavsg.com\\\/es\\\/el-cap-celebra-23-anos\\\/#primaryimage\"},\"image\":{\"@id\":\"https:\\\/\\\/aprimariavsg.com\\\/es\\\/el-cap-celebra-23-anos\\\/#primaryimage\"},\"thumbnailUrl\":\"https:\\\/\\\/aprimariavsg.com\\\/wp-content\\\/uploads\\\/2026\\\/04\\\/Equip-CAP-Vallcarca-23-anys.png\",\"datePublished\":\"2026-03-16T09:07:00+00:00\",\"dateModified\":\"2026-04-28T09:14:10+00:00\",\"breadcrumb\":{\"@id\":\"https:\\\/\\\/aprimariavsg.com\\\/es\\\/el-cap-celebra-23-anos\\\/#breadcrumb\"},\"inLanguage\":\"es\",\"potentialAction\":[{\"@type\":\"ReadAction\",\"target\":[\"https:\\\/\\\/aprimariavsg.com\\\/es\\\/el-cap-celebra-23-anos\\\/\"]}]},{\"@type\":\"ImageObject\",\"inLanguage\":\"es\",\"@id\":\"https:\\\/\\\/aprimariavsg.com\\\/es\\\/el-cap-celebra-23-anos\\\/#primaryimage\",\"url\":\"https:\\\/\\\/aprimariavsg.com\\\/wp-content\\\/uploads\\\/2026\\\/04\\\/Equip-CAP-Vallcarca-23-anys.png\",\"contentUrl\":\"https:\\\/\\\/aprimariavsg.com\\\/wp-content\\\/uploads\\\/2026\\\/04\\\/Equip-CAP-Vallcarca-23-anys.png\",\"width\":600,\"height\":321},{\"@type\":\"BreadcrumbList\",\"@id\":\"https:\\\/\\\/aprimariavsg.com\\\/es\\\/el-cap-celebra-23-anos\\\/#breadcrumb\",\"itemListElement\":[{\"@type\":\"ListItem\",\"position\":1,\"name\":\"Inici\",\"item\":\"https:\\\/\\\/aprimariavsg.com\\\/es\\\/\"},{\"@type\":\"ListItem\",\"position\":2,\"name\":\"\u00a1El CAP celebra 23 a\u00f1os!\"}]},{\"@type\":\"WebSite\",\"@id\":\"https:\\\/\\\/aprimariavsg.com\\\/es\\\/#website\",\"url\":\"https:\\\/\\\/aprimariavsg.com\\\/es\\\/\",\"name\":\"Atenci\u00f3 Prim\u00e0ria Vallcarca - Sant Gervasi\",\"description\":\"Cap Atenci\u00f3 Prim\u00e0ria\",\"publisher\":{\"@id\":\"https:\\\/\\\/aprimariavsg.com\\\/es\\\/#organization\"},\"potentialAction\":[{\"@type\":\"SearchAction\",\"target\":{\"@type\":\"EntryPoint\",\"urlTemplate\":\"https:\\\/\\\/aprimariavsg.com\\\/es\\\/?s={search_term_string}\"},\"query-input\":{\"@type\":\"PropertyValueSpecification\",\"valueRequired\":true,\"valueName\":\"search_term_string\"}}],\"inLanguage\":\"es\"},{\"@type\":\"Organization\",\"@id\":\"https:\\\/\\\/aprimariavsg.com\\\/es\\\/#organization\",\"name\":\"Atenci\u00f3 Prim\u00e0ria Vallcarca - Sant Gervasi\",\"url\":\"https:\\\/\\\/aprimariavsg.com\\\/es\\\/\",\"logo\":{\"@type\":\"ImageObject\",\"inLanguage\":\"es\",\"@id\":\"https:\\\/\\\/aprimariavsg.com\\\/es\\\/#\\\/schema\\\/logo\\\/image\\\/\",\"url\":\"https:\\\/\\\/aprimariavsg.com\\\/wp-content\\\/uploads\\\/2021\\\/05\\\/APVSG_logo-horitzontal.png\",\"contentUrl\":\"https:\\\/\\\/aprimariavsg.com\\\/wp-content\\\/uploads\\\/2021\\\/05\\\/APVSG_logo-horitzontal.png\",\"width\":816,\"height\":175,\"caption\":\"Atenci\u00f3 Prim\u00e0ria Vallcarca - Sant Gervasi\"},\"image\":{\"@id\":\"https:\\\/\\\/aprimariavsg.com\\\/es\\\/#\\\/schema\\\/logo\\\/image\\\/\"},\"sameAs\":[\"https:\\\/\\\/www.facebook.com\\\/aprimariavsg\\\/\",\"https:\\\/\\\/x.com\\\/aprimariavsg\",\"https:\\\/\\\/www.youtube.com\\\/user\\\/aprimariavsg\"]},{\"@type\":\"Person\",\"@id\":\"https:\\\/\\\/aprimariavsg.com\\\/es\\\/#\\\/schema\\\/person\\\/a7949c182b80dff4ab2b5b627a76e8c7\",\"name\":\"Atenci\u00f3 Prim\u00e0ria Vallcarca - Sant Gervasi\",\"url\":\"https:\\\/\\\/aprimariavsg.com\\\/es\\\/author\\\/alvaro\\\/\"}]}<\/script>\n<!-- \/ Yoast SEO plugin. -->","yoast_head_json":{"title":"\u00a1El CAP celebra 23 a\u00f1os! - Atenci\u00f3 Prim\u00e0ria Vallcarca - Sant Gervasi","robots":{"index":"index","follow":"follow","max-snippet":"max-snippet:-1","max-image-preview":"max-image-preview:large","max-video-preview":"max-video-preview:-1"},"canonical":"https:\/\/aprimariavsg.com\/es\/el-cap-celebra-23-anos\/","og_locale":"es_ES","og_type":"article","og_title":"\u00a1El CAP celebra 23 a\u00f1os! - Atenci\u00f3 Prim\u00e0ria Vallcarca - Sant Gervasi","og_description":"Este a\u00f1o celebramos nuestros 23 a\u00f1os al servicio de Vallcarca y Sant Gervasi. El CAP abri\u00f3 sus puertas por primera vez el 3 de marzo de 2003, d\u00eda de Sant Medir. A lo largo de este tiempo hemos trabajado para ofrecer una atenci\u00f3n cercana, humana y de calidad, adapt\u00e1ndonos a las necesidades de nuestro entorno. [&hellip;]","og_url":"https:\/\/aprimariavsg.com\/es\/el-cap-celebra-23-anos\/","og_site_name":"Atenci\u00f3 Prim\u00e0ria Vallcarca - Sant Gervasi","article_publisher":"https:\/\/www.facebook.com\/aprimariavsg\/","article_published_time":"2026-03-16T09:07:00+00:00","article_modified_time":"2026-04-28T09:14:10+00:00","og_image":[{"width":600,"height":321,"url":"https:\/\/aprimariavsg.com\/wp-content\/uploads\/2026\/04\/Equip-CAP-Vallcarca-23-anys.png","type":"image\/png"}],"author":"Atenci\u00f3 Prim\u00e0ria Vallcarca - Sant Gervasi","twitter_card":"summary_large_image","twitter_creator":"@aprimariavsg","twitter_site":"@aprimariavsg","twitter_misc":{"Escrito por":"Atenci\u00f3 Prim\u00e0ria Vallcarca - Sant Gervasi","Tiempo de lectura":"1 minuto"},"schema":{"@context":"https:\/\/schema.org","@graph":[{"@type":"Article","@id":"https:\/\/aprimariavsg.com\/es\/el-cap-celebra-23-anos\/#article","isPartOf":{"@id":"https:\/\/aprimariavsg.com\/es\/el-cap-celebra-23-anos\/"},"author":{"name":"Atenci\u00f3 Prim\u00e0ria Vallcarca - Sant Gervasi","@id":"https:\/\/aprimariavsg.com\/es\/#\/schema\/person\/a7949c182b80dff4ab2b5b627a76e8c7"},"headline":"\u00a1El CAP celebra 23 a\u00f1os!","datePublished":"2026-03-16T09:07:00+00:00","dateModified":"2026-04-28T09:14:10+00:00","mainEntityOfPage":{"@id":"https:\/\/aprimariavsg.com\/es\/el-cap-celebra-23-anos\/"},"wordCount":129,"publisher":{"@id":"https:\/\/aprimariavsg.com\/es\/#organization"},"image":{"@id":"https:\/\/aprimariavsg.com\/es\/el-cap-celebra-23-anos\/#primaryimage"},"thumbnailUrl":"https:\/\/aprimariavsg.com\/wp-content\/uploads\/2026\/04\/Equip-CAP-Vallcarca-23-anys.png","keywords":["Vallcarca","Salud comunitaria","@catal\u00e0","Novetat"],"articleSection":["Comunicaci\u00f3n","noticias"],"inLanguage":"es"},{"@type":"WebPage","@id":"https:\/\/aprimariavsg.com\/es\/el-cap-celebra-23-anos\/","url":"https:\/\/aprimariavsg.com\/es\/el-cap-celebra-23-anos\/","name":"\u00a1El CAP celebra 23 a\u00f1os! - Atenci\u00f3 Prim\u00e0ria Vallcarca - Sant Gervasi","isPartOf":{"@id":"https:\/\/aprimariavsg.com\/es\/#website"},"primaryImageOfPage":{"@id":"https:\/\/aprimariavsg.com\/es\/el-cap-celebra-23-anos\/#primaryimage"},"image":{"@id":"https:\/\/aprimariavsg.com\/es\/el-cap-celebra-23-anos\/#primaryimage"},"thumbnailUrl":"https:\/\/aprimariavsg.com\/wp-content\/uploads\/2026\/04\/Equip-CAP-Vallcarca-23-anys.png","datePublished":"2026-03-16T09:07:00+00:00","dateModified":"2026-04-28T09:14:10+00:00","breadcrumb":{"@id":"https:\/\/aprimariavsg.com\/es\/el-cap-celebra-23-anos\/#breadcrumb"},"inLanguage":"es","potentialAction":[{"@type":"ReadAction","target":["https:\/\/aprimariavsg.com\/es\/el-cap-celebra-23-anos\/"]}]},{"@type":"ImageObject","inLanguage":"es","@id":"https:\/\/aprimariavsg.com\/es\/el-cap-celebra-23-anos\/#primaryimage","url":"https:\/\/aprimariavsg.com\/wp-content\/uploads\/2026\/04\/Equip-CAP-Vallcarca-23-anys.png","contentUrl":"https:\/\/aprimariavsg.com\/wp-content\/uploads\/2026\/04\/Equip-CAP-Vallcarca-23-anys.png","width":600,"height":321},{"@type":"BreadcrumbList","@id":"https:\/\/aprimariavsg.com\/es\/el-cap-celebra-23-anos\/#breadcrumb","itemListElement":[{"@type":"ListItem","position":1,"name":"Inici","item":"https:\/\/aprimariavsg.com\/es\/"},{"@type":"ListItem","position":2,"name":"\u00a1El CAP celebra 23 a\u00f1os!"}]},{"@type":"WebSite","@id":"https:\/\/aprimariavsg.com\/es\/#website","url":"https:\/\/aprimariavsg.com\/es\/","name":"Atenci\u00f3 Prim\u00e0ria Vallcarca - Sant Gervasi","description":"Cap Atenci\u00f3 Prim\u00e0ria","publisher":{"@id":"https:\/\/aprimariavsg.com\/es\/#organization"},"potentialAction":[{"@type":"SearchAction","target":{"@type":"EntryPoint","urlTemplate":"https:\/\/aprimariavsg.com\/es\/?s={search_term_string}"},"query-input":{"@type":"PropertyValueSpecification","valueRequired":true,"valueName":"search_term_string"}}],"inLanguage":"es"},{"@type":"Organization","@id":"https:\/\/aprimariavsg.com\/es\/#organization","name":"Atenci\u00f3 Prim\u00e0ria Vallcarca - Sant Gervasi","url":"https:\/\/aprimariavsg.com\/es\/","logo":{"@type":"ImageObject","inLanguage":"es","@id":"https:\/\/aprimariavsg.com\/es\/#\/schema\/logo\/image\/","url":"https:\/\/aprimariavsg.com\/wp-content\/uploads\/2021\/05\/APVSG_logo-horitzontal.png","contentUrl":"https:\/\/aprimariavsg.com\/wp-content\/uploads\/2021\/05\/APVSG_logo-horitzontal.png","width":816,"height":175,"caption":"Atenci\u00f3 Prim\u00e0ria Vallcarca - Sant Gervasi"},"image":{"@id":"https:\/\/aprimariavsg.com\/es\/#\/schema\/logo\/image\/"},"sameAs":["https:\/\/www.facebook.com\/aprimariavsg\/","https:\/\/x.com\/aprimariavsg","https:\/\/www.youtube.com\/user\/aprimariavsg"]},{"@type":"Person","@id":"https:\/\/aprimariavsg.com\/es\/#\/schema\/person\/a7949c182b80dff4ab2b5b627a76e8c7","name":"Atenci\u00f3 Prim\u00e0ria Vallcarca - Sant Gervasi","url":"https:\/\/aprimariavsg.com\/es\/author\/alvaro\/"}]}},"_links":{"self":[{"href":"https:\/\/aprimariavsg.com\/es\/wp-json\/wp\/v2\/posts\/104810","targetHints":{"allow":["GET"]}}],"collection":[{"href":"https:\/\/aprimariavsg.com\/es\/wp-json\/wp\/v2\/posts"}],"about":[{"href":"https:\/\/aprimariavsg.com\/es\/wp-json\/wp\/v2\/types\/post"}],"author":[{"embeddable":true,"href":"https:\/\/aprimariavsg.com\/es\/wp-json\/wp\/v2\/users\/2"}],"replies":[{"embeddable":true,"href":"https:\/\/aprimariavsg.com\/es\/wp-json\/wp\/v2\/comments?post=104810"}],"version-history":[{"count":1,"href":"https:\/\/aprimariavsg.com\/es\/wp-json\/wp\/v2\/posts\/104810\/revisions"}],"predecessor-version":[{"id":104811,"href":"https:\/\/aprimariavsg.com\/es\/wp-json\/wp\/v2\/posts\/104810\/revisions\/104811"}],"wp:featuredmedia":[{"embeddable":true,"href":"https:\/\/aprimariavsg.com\/es\/wp-json\/wp\/v2\/media\/104783"}],"wp:attachment":[{"href":"https:\/\/aprimariavsg.com\/es\/wp-json\/wp\/v2\/media?parent=104810"}],"wp:term":[{"taxonomy":"category","embeddable":true,"href":"https:\/\/aprimariavsg.com\/es\/wp-json\/wp\/v2\/categories?post=104810"},{"taxonomy":"post_tag","embeddable":true,"href":"https:\/\/aprimariavsg.com\/es\/wp-json\/wp\/v2\/tags?post=104810"}],"curies":[{"name":"wp","href":"https:\/\/api.w.org\/{rel}","templated":true}]}}