{"id":104749,"date":"2025-12-23T10:57:00","date_gmt":"2025-12-23T10:57:00","guid":{"rendered":"https:\/\/aprimariavsg.com\/el-cap-le-desea-unas-felices-fiestas\/"},"modified":"2026-04-27T11:24:45","modified_gmt":"2026-04-27T11:24:45","slug":"el-cap-le-desea-unas-felices-fiestas","status":"publish","type":"post","link":"https:\/\/aprimariavsg.com\/es\/el-cap-le-desea-unas-felices-fiestas\/","title":{"rendered":"El CAP le desea unas felices fiestas"},"content":{"rendered":"\t\t<div data-elementor-type=\"wp-post\" data-elementor-id=\"104749\" class=\"elementor elementor-104749 elementor-104734\" data-elementor-post-type=\"post\">\n\t\t\t\t\t\t<section class=\"elementor-section elementor-top-section elementor-element elementor-element-1220c6d elementor-section-boxed elementor-section-height-default elementor-section-height-default\" data-id=\"1220c6d\" data-element_type=\"section\" data-e-type=\"section\">\n\t\t\t\t\t\t<div class=\"elementor-container elementor-column-gap-default\">\n\t\t\t\t\t<div class=\"elementor-column elementor-col-100 elementor-top-column elementor-element elementor-element-16adcb2\" data-id=\"16adcb2\" data-element_type=\"column\" data-e-type=\"column\">\n\t\t\t<div class=\"elementor-widget-wrap elementor-element-populated\">\n\t\t\t\t\t\t<div class=\"elementor-element elementor-element-08983d5 elementor-widget elementor-widget-text-editor\" data-id=\"08983d5\" data-element_type=\"widget\" data-e-type=\"widget\" data-widget_type=\"text-editor.default\">\n\t\t\t\t<div class=\"elementor-widget-container\">\n\t\t\t\t\t\t\t\t\t<p>Desde el CAP Vallcarca-Sant Gervasi queremos desearnos unas muy felices fiestas de Navidad y un feliz a\u00f1o nuevo.<\/p><p>En estas fechas tan especiales, esperamos que pueda disfrutar de momentos de calma, alegr\u00eda y compa\u00f1\u00eda con las personas que m\u00e1s ama. Que no falten las sonrisas, los reencuentros y los peque\u00f1os instantes que hacen mayor el d\u00eda a d\u00eda. <\/p><p>Desde nuestro equipo, queremos agradecerle la confianza que deposita en nosotros y recordarle que continuaremos trabajando con compromiso para cuidar de su salud a lo largo de todo el pr\u00f3ximo a\u00f1o.<\/p><p>Que el nuevo a\u00f1o venga cargado de salud, bienestar y nuevos proyectos por compartir.<\/p><p>\u00a1Felices fiestas!<\/p>\t\t\t\t\t\t\t\t<\/div>\n\t\t\t\t<\/div>\n\t\t\t\t\t<\/div>\n\t\t<\/div>\n\t\t\t\t\t<\/div>\n\t\t<\/section>\n\t\t\t\t<\/div>\n\t\t","protected":false},"excerpt":{"rendered":"<p>Desde el CAP Vallcarca-Sant Gervasi queremos desearnos unas muy felices fiestas de Navidad y un feliz a\u00f1o nuevo. En estas fechas tan especiales, esperamos que pueda disfrutar de momentos de calma, alegr\u00eda y compa\u00f1\u00eda con las personas que m\u00e1s ama. Que no falten las sonrisas, los reencuentros y los peque\u00f1os instantes que hacen mayor el [&hellip;]<\/p>\n","protected":false},"author":2,"featured_media":104737,"comment_status":"closed","ping_status":"closed","sticky":false,"template":"","format":"standard","meta":{"site-sidebar-layout":"default","site-content-layout":"","ast-site-content-layout":"default","site-content-style":"default","site-sidebar-style":"default","ast-global-header-display":"","ast-banner-title-visibility":"","ast-main-header-display":"","ast-hfb-above-header-display":"","ast-hfb-below-header-display":"","ast-hfb-mobile-header-display":"","site-post-title":"","ast-breadcrumbs-content":"","ast-featured-img":"","footer-sml-layout":"","ast-disable-related-posts":"","theme-transparent-header-meta":"","adv-header-id-meta":"","stick-header-meta":"","header-above-stick-meta":"","header-main-stick-meta":"","header-below-stick-meta":"","astra-migrate-meta-layouts":"default","ast-page-background-enabled":"default","ast-page-background-meta":{"desktop":{"background-color":"","background-image":"","background-repeat":"repeat","background-position":"center center","background-size":"auto","background-attachment":"scroll","background-type":"","background-media":"","overlay-type":"","overlay-color":"","overlay-opacity":"","overlay-gradient":""},"tablet":{"background-color":"","background-image":"","background-repeat":"repeat","background-position":"center center","background-size":"auto","background-attachment":"scroll","background-type":"","background-media":"","overlay-type":"","overlay-color":"","overlay-opacity":"","overlay-gradient":""},"mobile":{"background-color":"","background-image":"","background-repeat":"repeat","background-position":"center center","background-size":"auto","background-attachment":"scroll","background-type":"","background-media":"","overlay-type":"","overlay-color":"","overlay-opacity":"","overlay-gradient":""}},"ast-content-background-meta":{"desktop":{"background-color":"var(--ast-global-color-5)","background-image":"","background-repeat":"repeat","background-position":"center center","background-size":"auto","background-attachment":"scroll","background-type":"","background-media":"","overlay-type":"","overlay-color":"","overlay-opacity":"","overlay-gradient":""},"tablet":{"background-color":"var(--ast-global-color-5)","background-image":"","background-repeat":"repeat","background-position":"center center","background-size":"auto","background-attachment":"scroll","background-type":"","background-media":"","overlay-type":"","overlay-color":"","overlay-opacity":"","overlay-gradient":""},"mobile":{"background-color":"var(--ast-global-color-5)","background-image":"","background-repeat":"repeat","background-position":"center center","background-size":"auto","background-attachment":"scroll","background-type":"","background-media":"","overlay-type":"","overlay-color":"","overlay-opacity":"","overlay-gradient":""}},"footnotes":""},"categories":[332,374,457],"tags":[339,441,455],"class_list":["post-104749","post","type-post","status-publish","format-standard","has-post-thumbnail","hentry","category-comunicacion-es","category-noticies","category-noticias-2","tag-vallcarca-es-2","tag-catala-es","tag-novetat"],"yoast_head":"<!-- This site is optimized with the Yoast SEO plugin v27.5 - https:\/\/yoast.com\/product\/yoast-seo-wordpress\/ -->\n<title>El CAP le desea unas felices fiestas - Atenci\u00f3 Prim\u00e0ria Vallcarca - Sant Gervasi<\/title>\n<meta name=\"robots\" content=\"index, follow, max-snippet:-1, max-image-preview:large, max-video-preview:-1\" \/>\n<link rel=\"canonical\" href=\"https:\/\/aprimariavsg.com\/es\/el-cap-le-desea-unas-felices-fiestas\/\" \/>\n<meta property=\"og:locale\" content=\"es_ES\" \/>\n<meta property=\"og:type\" content=\"article\" \/>\n<meta property=\"og:title\" content=\"El CAP le desea unas felices fiestas - Atenci\u00f3 Prim\u00e0ria Vallcarca - Sant Gervasi\" \/>\n<meta property=\"og:description\" content=\"Desde el CAP Vallcarca-Sant Gervasi queremos desearnos unas muy felices fiestas de Navidad y un feliz a\u00f1o nuevo. En estas fechas tan especiales, esperamos que pueda disfrutar de momentos de calma, alegr\u00eda y compa\u00f1\u00eda con las personas que m\u00e1s ama. Que no falten las sonrisas, los reencuentros y los peque\u00f1os instantes que hacen mayor el [&hellip;]\" \/>\n<meta property=\"og:url\" content=\"https:\/\/aprimariavsg.com\/es\/el-cap-le-desea-unas-felices-fiestas\/\" \/>\n<meta property=\"og:site_name\" content=\"Atenci\u00f3 Prim\u00e0ria Vallcarca - Sant Gervasi\" \/>\n<meta property=\"article:publisher\" content=\"https:\/\/www.facebook.com\/aprimariavsg\/\" \/>\n<meta property=\"article:published_time\" content=\"2025-12-23T10:57:00+00:00\" \/>\n<meta property=\"article:modified_time\" content=\"2026-04-27T11:24:45+00:00\" \/>\n<meta property=\"og:image\" content=\"https:\/\/aprimariavsg.com\/wp-content\/uploads\/2026\/04\/14-JUNY.png\" \/>\n\t<meta property=\"og:image:width\" content=\"1080\" \/>\n\t<meta property=\"og:image:height\" content=\"1080\" \/>\n\t<meta property=\"og:image:type\" content=\"image\/png\" \/>\n<meta name=\"author\" content=\"Atenci\u00f3 Prim\u00e0ria Vallcarca - Sant Gervasi\" \/>\n<meta name=\"twitter:card\" content=\"summary_large_image\" \/>\n<meta name=\"twitter:creator\" content=\"@aprimariavsg\" \/>\n<meta name=\"twitter:site\" content=\"@aprimariavsg\" \/>\n<meta name=\"twitter:label1\" content=\"Escrito por\" \/>\n\t<meta name=\"twitter:data1\" content=\"Atenci\u00f3 Prim\u00e0ria Vallcarca - Sant Gervasi\" \/>\n\t<meta name=\"twitter:label2\" content=\"Tiempo de lectura\" \/>\n\t<meta name=\"twitter:data2\" content=\"1 minuto\" \/>\n<script type=\"application\/ld+json\" class=\"yoast-schema-graph\">{\"@context\":\"https:\\\/\\\/schema.org\",\"@graph\":[{\"@type\":\"Article\",\"@id\":\"https:\\\/\\\/aprimariavsg.com\\\/es\\\/el-cap-le-desea-unas-felices-fiestas\\\/#article\",\"isPartOf\":{\"@id\":\"https:\\\/\\\/aprimariavsg.com\\\/es\\\/el-cap-le-desea-unas-felices-fiestas\\\/\"},\"author\":{\"name\":\"Atenci\u00f3 Prim\u00e0ria Vallcarca - Sant Gervasi\",\"@id\":\"https:\\\/\\\/aprimariavsg.com\\\/es\\\/#\\\/schema\\\/person\\\/a7949c182b80dff4ab2b5b627a76e8c7\"},\"headline\":\"El CAP le desea unas felices fiestas\",\"datePublished\":\"2025-12-23T10:57:00+00:00\",\"dateModified\":\"2026-04-27T11:24:45+00:00\",\"mainEntityOfPage\":{\"@id\":\"https:\\\/\\\/aprimariavsg.com\\\/es\\\/el-cap-le-desea-unas-felices-fiestas\\\/\"},\"wordCount\":122,\"publisher\":{\"@id\":\"https:\\\/\\\/aprimariavsg.com\\\/es\\\/#organization\"},\"image\":{\"@id\":\"https:\\\/\\\/aprimariavsg.com\\\/es\\\/el-cap-le-desea-unas-felices-fiestas\\\/#primaryimage\"},\"thumbnailUrl\":\"https:\\\/\\\/aprimariavsg.com\\\/wp-content\\\/uploads\\\/2026\\\/04\\\/14-JUNY.png\",\"keywords\":[\"Vallcarca\",\"@catal\u00e0\",\"Novetat\"],\"articleSection\":[\"Comunicaci\u00f3n\",\"Not\u00edcies\",\"noticias\"],\"inLanguage\":\"es\"},{\"@type\":\"WebPage\",\"@id\":\"https:\\\/\\\/aprimariavsg.com\\\/es\\\/el-cap-le-desea-unas-felices-fiestas\\\/\",\"url\":\"https:\\\/\\\/aprimariavsg.com\\\/es\\\/el-cap-le-desea-unas-felices-fiestas\\\/\",\"name\":\"El CAP le desea unas felices fiestas - Atenci\u00f3 Prim\u00e0ria Vallcarca - Sant Gervasi\",\"isPartOf\":{\"@id\":\"https:\\\/\\\/aprimariavsg.com\\\/es\\\/#website\"},\"primaryImageOfPage\":{\"@id\":\"https:\\\/\\\/aprimariavsg.com\\\/es\\\/el-cap-le-desea-unas-felices-fiestas\\\/#primaryimage\"},\"image\":{\"@id\":\"https:\\\/\\\/aprimariavsg.com\\\/es\\\/el-cap-le-desea-unas-felices-fiestas\\\/#primaryimage\"},\"thumbnailUrl\":\"https:\\\/\\\/aprimariavsg.com\\\/wp-content\\\/uploads\\\/2026\\\/04\\\/14-JUNY.png\",\"datePublished\":\"2025-12-23T10:57:00+00:00\",\"dateModified\":\"2026-04-27T11:24:45+00:00\",\"breadcrumb\":{\"@id\":\"https:\\\/\\\/aprimariavsg.com\\\/es\\\/el-cap-le-desea-unas-felices-fiestas\\\/#breadcrumb\"},\"inLanguage\":\"es\",\"potentialAction\":[{\"@type\":\"ReadAction\",\"target\":[\"https:\\\/\\\/aprimariavsg.com\\\/es\\\/el-cap-le-desea-unas-felices-fiestas\\\/\"]}]},{\"@type\":\"ImageObject\",\"inLanguage\":\"es\",\"@id\":\"https:\\\/\\\/aprimariavsg.com\\\/es\\\/el-cap-le-desea-unas-felices-fiestas\\\/#primaryimage\",\"url\":\"https:\\\/\\\/aprimariavsg.com\\\/wp-content\\\/uploads\\\/2026\\\/04\\\/14-JUNY.png\",\"contentUrl\":\"https:\\\/\\\/aprimariavsg.com\\\/wp-content\\\/uploads\\\/2026\\\/04\\\/14-JUNY.png\",\"width\":1080,\"height\":1080},{\"@type\":\"BreadcrumbList\",\"@id\":\"https:\\\/\\\/aprimariavsg.com\\\/es\\\/el-cap-le-desea-unas-felices-fiestas\\\/#breadcrumb\",\"itemListElement\":[{\"@type\":\"ListItem\",\"position\":1,\"name\":\"Inici\",\"item\":\"https:\\\/\\\/aprimariavsg.com\\\/es\\\/\"},{\"@type\":\"ListItem\",\"position\":2,\"name\":\"El CAP le desea unas felices fiestas\"}]},{\"@type\":\"WebSite\",\"@id\":\"https:\\\/\\\/aprimariavsg.com\\\/es\\\/#website\",\"url\":\"https:\\\/\\\/aprimariavsg.com\\\/es\\\/\",\"name\":\"Atenci\u00f3 Prim\u00e0ria Vallcarca - Sant Gervasi\",\"description\":\"Cap Atenci\u00f3 Prim\u00e0ria\",\"publisher\":{\"@id\":\"https:\\\/\\\/aprimariavsg.com\\\/es\\\/#organization\"},\"potentialAction\":[{\"@type\":\"SearchAction\",\"target\":{\"@type\":\"EntryPoint\",\"urlTemplate\":\"https:\\\/\\\/aprimariavsg.com\\\/es\\\/?s={search_term_string}\"},\"query-input\":{\"@type\":\"PropertyValueSpecification\",\"valueRequired\":true,\"valueName\":\"search_term_string\"}}],\"inLanguage\":\"es\"},{\"@type\":\"Organization\",\"@id\":\"https:\\\/\\\/aprimariavsg.com\\\/es\\\/#organization\",\"name\":\"Atenci\u00f3 Prim\u00e0ria Vallcarca - Sant Gervasi\",\"url\":\"https:\\\/\\\/aprimariavsg.com\\\/es\\\/\",\"logo\":{\"@type\":\"ImageObject\",\"inLanguage\":\"es\",\"@id\":\"https:\\\/\\\/aprimariavsg.com\\\/es\\\/#\\\/schema\\\/logo\\\/image\\\/\",\"url\":\"https:\\\/\\\/aprimariavsg.com\\\/wp-content\\\/uploads\\\/2021\\\/05\\\/APVSG_logo-horitzontal.png\",\"contentUrl\":\"https:\\\/\\\/aprimariavsg.com\\\/wp-content\\\/uploads\\\/2021\\\/05\\\/APVSG_logo-horitzontal.png\",\"width\":816,\"height\":175,\"caption\":\"Atenci\u00f3 Prim\u00e0ria Vallcarca - Sant Gervasi\"},\"image\":{\"@id\":\"https:\\\/\\\/aprimariavsg.com\\\/es\\\/#\\\/schema\\\/logo\\\/image\\\/\"},\"sameAs\":[\"https:\\\/\\\/www.facebook.com\\\/aprimariavsg\\\/\",\"https:\\\/\\\/x.com\\\/aprimariavsg\",\"https:\\\/\\\/www.youtube.com\\\/user\\\/aprimariavsg\"]},{\"@type\":\"Person\",\"@id\":\"https:\\\/\\\/aprimariavsg.com\\\/es\\\/#\\\/schema\\\/person\\\/a7949c182b80dff4ab2b5b627a76e8c7\",\"name\":\"Atenci\u00f3 Prim\u00e0ria Vallcarca - Sant Gervasi\",\"url\":\"https:\\\/\\\/aprimariavsg.com\\\/es\\\/author\\\/alvaro\\\/\"}]}<\/script>\n<!-- \/ Yoast SEO plugin. -->","yoast_head_json":{"title":"El CAP le desea unas felices fiestas - Atenci\u00f3 Prim\u00e0ria Vallcarca - Sant Gervasi","robots":{"index":"index","follow":"follow","max-snippet":"max-snippet:-1","max-image-preview":"max-image-preview:large","max-video-preview":"max-video-preview:-1"},"canonical":"https:\/\/aprimariavsg.com\/es\/el-cap-le-desea-unas-felices-fiestas\/","og_locale":"es_ES","og_type":"article","og_title":"El CAP le desea unas felices fiestas - Atenci\u00f3 Prim\u00e0ria Vallcarca - Sant Gervasi","og_description":"Desde el CAP Vallcarca-Sant Gervasi queremos desearnos unas muy felices fiestas de Navidad y un feliz a\u00f1o nuevo. En estas fechas tan especiales, esperamos que pueda disfrutar de momentos de calma, alegr\u00eda y compa\u00f1\u00eda con las personas que m\u00e1s ama. Que no falten las sonrisas, los reencuentros y los peque\u00f1os instantes que hacen mayor el [&hellip;]","og_url":"https:\/\/aprimariavsg.com\/es\/el-cap-le-desea-unas-felices-fiestas\/","og_site_name":"Atenci\u00f3 Prim\u00e0ria Vallcarca - Sant Gervasi","article_publisher":"https:\/\/www.facebook.com\/aprimariavsg\/","article_published_time":"2025-12-23T10:57:00+00:00","article_modified_time":"2026-04-27T11:24:45+00:00","og_image":[{"width":1080,"height":1080,"url":"https:\/\/aprimariavsg.com\/wp-content\/uploads\/2026\/04\/14-JUNY.png","type":"image\/png"}],"author":"Atenci\u00f3 Prim\u00e0ria Vallcarca - Sant Gervasi","twitter_card":"summary_large_image","twitter_creator":"@aprimariavsg","twitter_site":"@aprimariavsg","twitter_misc":{"Escrito por":"Atenci\u00f3 Prim\u00e0ria Vallcarca - Sant Gervasi","Tiempo de lectura":"1 minuto"},"schema":{"@context":"https:\/\/schema.org","@graph":[{"@type":"Article","@id":"https:\/\/aprimariavsg.com\/es\/el-cap-le-desea-unas-felices-fiestas\/#article","isPartOf":{"@id":"https:\/\/aprimariavsg.com\/es\/el-cap-le-desea-unas-felices-fiestas\/"},"author":{"name":"Atenci\u00f3 Prim\u00e0ria Vallcarca - Sant Gervasi","@id":"https:\/\/aprimariavsg.com\/es\/#\/schema\/person\/a7949c182b80dff4ab2b5b627a76e8c7"},"headline":"El CAP le desea unas felices fiestas","datePublished":"2025-12-23T10:57:00+00:00","dateModified":"2026-04-27T11:24:45+00:00","mainEntityOfPage":{"@id":"https:\/\/aprimariavsg.com\/es\/el-cap-le-desea-unas-felices-fiestas\/"},"wordCount":122,"publisher":{"@id":"https:\/\/aprimariavsg.com\/es\/#organization"},"image":{"@id":"https:\/\/aprimariavsg.com\/es\/el-cap-le-desea-unas-felices-fiestas\/#primaryimage"},"thumbnailUrl":"https:\/\/aprimariavsg.com\/wp-content\/uploads\/2026\/04\/14-JUNY.png","keywords":["Vallcarca","@catal\u00e0","Novetat"],"articleSection":["Comunicaci\u00f3n","Not\u00edcies","noticias"],"inLanguage":"es"},{"@type":"WebPage","@id":"https:\/\/aprimariavsg.com\/es\/el-cap-le-desea-unas-felices-fiestas\/","url":"https:\/\/aprimariavsg.com\/es\/el-cap-le-desea-unas-felices-fiestas\/","name":"El CAP le desea unas felices fiestas - Atenci\u00f3 Prim\u00e0ria Vallcarca - Sant Gervasi","isPartOf":{"@id":"https:\/\/aprimariavsg.com\/es\/#website"},"primaryImageOfPage":{"@id":"https:\/\/aprimariavsg.com\/es\/el-cap-le-desea-unas-felices-fiestas\/#primaryimage"},"image":{"@id":"https:\/\/aprimariavsg.com\/es\/el-cap-le-desea-unas-felices-fiestas\/#primaryimage"},"thumbnailUrl":"https:\/\/aprimariavsg.com\/wp-content\/uploads\/2026\/04\/14-JUNY.png","datePublished":"2025-12-23T10:57:00+00:00","dateModified":"2026-04-27T11:24:45+00:00","breadcrumb":{"@id":"https:\/\/aprimariavsg.com\/es\/el-cap-le-desea-unas-felices-fiestas\/#breadcrumb"},"inLanguage":"es","potentialAction":[{"@type":"ReadAction","target":["https:\/\/aprimariavsg.com\/es\/el-cap-le-desea-unas-felices-fiestas\/"]}]},{"@type":"ImageObject","inLanguage":"es","@id":"https:\/\/aprimariavsg.com\/es\/el-cap-le-desea-unas-felices-fiestas\/#primaryimage","url":"https:\/\/aprimariavsg.com\/wp-content\/uploads\/2026\/04\/14-JUNY.png","contentUrl":"https:\/\/aprimariavsg.com\/wp-content\/uploads\/2026\/04\/14-JUNY.png","width":1080,"height":1080},{"@type":"BreadcrumbList","@id":"https:\/\/aprimariavsg.com\/es\/el-cap-le-desea-unas-felices-fiestas\/#breadcrumb","itemListElement":[{"@type":"ListItem","position":1,"name":"Inici","item":"https:\/\/aprimariavsg.com\/es\/"},{"@type":"ListItem","position":2,"name":"El CAP le desea unas felices fiestas"}]},{"@type":"WebSite","@id":"https:\/\/aprimariavsg.com\/es\/#website","url":"https:\/\/aprimariavsg.com\/es\/","name":"Atenci\u00f3 Prim\u00e0ria Vallcarca - Sant Gervasi","description":"Cap Atenci\u00f3 Prim\u00e0ria","publisher":{"@id":"https:\/\/aprimariavsg.com\/es\/#organization"},"potentialAction":[{"@type":"SearchAction","target":{"@type":"EntryPoint","urlTemplate":"https:\/\/aprimariavsg.com\/es\/?s={search_term_string}"},"query-input":{"@type":"PropertyValueSpecification","valueRequired":true,"valueName":"search_term_string"}}],"inLanguage":"es"},{"@type":"Organization","@id":"https:\/\/aprimariavsg.com\/es\/#organization","name":"Atenci\u00f3 Prim\u00e0ria Vallcarca - Sant Gervasi","url":"https:\/\/aprimariavsg.com\/es\/","logo":{"@type":"ImageObject","inLanguage":"es","@id":"https:\/\/aprimariavsg.com\/es\/#\/schema\/logo\/image\/","url":"https:\/\/aprimariavsg.com\/wp-content\/uploads\/2021\/05\/APVSG_logo-horitzontal.png","contentUrl":"https:\/\/aprimariavsg.com\/wp-content\/uploads\/2021\/05\/APVSG_logo-horitzontal.png","width":816,"height":175,"caption":"Atenci\u00f3 Prim\u00e0ria Vallcarca - Sant Gervasi"},"image":{"@id":"https:\/\/aprimariavsg.com\/es\/#\/schema\/logo\/image\/"},"sameAs":["https:\/\/www.facebook.com\/aprimariavsg\/","https:\/\/x.com\/aprimariavsg","https:\/\/www.youtube.com\/user\/aprimariavsg"]},{"@type":"Person","@id":"https:\/\/aprimariavsg.com\/es\/#\/schema\/person\/a7949c182b80dff4ab2b5b627a76e8c7","name":"Atenci\u00f3 Prim\u00e0ria Vallcarca - Sant Gervasi","url":"https:\/\/aprimariavsg.com\/es\/author\/alvaro\/"}]}},"_links":{"self":[{"href":"https:\/\/aprimariavsg.com\/es\/wp-json\/wp\/v2\/posts\/104749","targetHints":{"allow":["GET"]}}],"collection":[{"href":"https:\/\/aprimariavsg.com\/es\/wp-json\/wp\/v2\/posts"}],"about":[{"href":"https:\/\/aprimariavsg.com\/es\/wp-json\/wp\/v2\/types\/post"}],"author":[{"embeddable":true,"href":"https:\/\/aprimariavsg.com\/es\/wp-json\/wp\/v2\/users\/2"}],"replies":[{"embeddable":true,"href":"https:\/\/aprimariavsg.com\/es\/wp-json\/wp\/v2\/comments?post=104749"}],"version-history":[{"count":9,"href":"https:\/\/aprimariavsg.com\/es\/wp-json\/wp\/v2\/posts\/104749\/revisions"}],"predecessor-version":[{"id":104761,"href":"https:\/\/aprimariavsg.com\/es\/wp-json\/wp\/v2\/posts\/104749\/revisions\/104761"}],"wp:featuredmedia":[{"embeddable":true,"href":"https:\/\/aprimariavsg.com\/es\/wp-json\/wp\/v2\/media\/104737"}],"wp:attachment":[{"href":"https:\/\/aprimariavsg.com\/es\/wp-json\/wp\/v2\/media?parent=104749"}],"wp:term":[{"taxonomy":"category","embeddable":true,"href":"https:\/\/aprimariavsg.com\/es\/wp-json\/wp\/v2\/categories?post=104749"},{"taxonomy":"post_tag","embeddable":true,"href":"https:\/\/aprimariavsg.com\/es\/wp-json\/wp\/v2\/tags?post=104749"}],"curies":[{"name":"wp","href":"https:\/\/api.w.org\/{rel}","templated":true}]}}