{"id":100298,"date":"2023-01-11T12:19:28","date_gmt":"2023-01-11T12:19:28","guid":{"rendered":"https:\/\/aprimariavsg.com\/?p=100298"},"modified":"2023-01-24T12:13:47","modified_gmt":"2023-01-24T12:13:47","slug":"nuevo-punto-de-vacunacion-en-barcelona-ciudad","status":"publish","type":"post","link":"https:\/\/aprimariavsg.com\/es\/nuevo-punto-de-vacunacion-en-barcelona-ciudad\/","title":{"rendered":"Nuevo punto de vacunaci\u00f3n en Barcelona ciudad"},"content":{"rendered":"\t\t<div data-elementor-type=\"wp-post\" data-elementor-id=\"100298\" class=\"elementor elementor-100298 elementor-100286\" data-elementor-post-type=\"post\">\n\t\t\t\t\t\t<section class=\"elementor-section elementor-top-section elementor-element elementor-element-b63413a elementor-section-boxed elementor-section-height-default elementor-section-height-default\" data-id=\"b63413a\" data-element_type=\"section\" data-e-type=\"section\">\n\t\t\t\t\t\t<div class=\"elementor-container elementor-column-gap-default\">\n\t\t\t\t\t<div class=\"elementor-column elementor-col-50 elementor-top-column elementor-element elementor-element-15426b7\" data-id=\"15426b7\" data-element_type=\"column\" data-e-type=\"column\">\n\t\t\t<div class=\"elementor-widget-wrap elementor-element-populated\">\n\t\t\t\t\t\t<div class=\"elementor-element elementor-element-4e51423 elementor-widget elementor-widget-text-editor\" data-id=\"4e51423\" data-element_type=\"widget\" data-e-type=\"widget\" data-widget_type=\"text-editor.default\">\n\t\t\t\t<div class=\"elementor-widget-container\">\n\t\t\t\t\t\t\t\t\t<p class=\"v1p1\" style=\"font-size: 16px; font-style: normal; font-weight: 400;\">Ya puede encontrar un nuevo punto de vacunaci\u00f3n en la ciudad de Barcelona. Este punto, creado recientemente para agilizar la campa\u00f1a de vacunaci\u00f3n, se encuentra en el CAP Casernes, en la Calle Fernando Pessoa 47-51.<\/p>\n<p class=\"v1p1\" style=\"font-size: 16px; font-style: normal; font-weight: 400;\">\n            \n          <\/p>\n<p class=\"v1p1\" style=\"font-size: 16px; font-style: normal; font-weight: 400;\">El punto funciona con cita previa. Puede solicitarla a trav\u00e9s de la web<a href=\"https:\/\/vacunacovid.catsalut.gencat.cat\/\" rel=\"noreferrer\" id=\"v1LPlnk271456\" target=\"_blank\" style=\"color: rgb(0, 105, 166);\">https:\/\/vacunacovid.catsalut.gencat.cat\/<\/a><\/p>\n<p class=\"v1p1\" style=\"font-size: 16px; font-style: normal; font-weight: 400;\">Tenga presente que los horarios disponibles incluyen:<\/p>\n<ul class=\"v1ul1\" style=\"color: rgb(0, 0, 0); font-family: Calibri, Helvetica, sans-serif; font-size: 16px; font-style: normal; font-weight: 400; letter-spacing: normal;\">\n<li class=\"v1li1\">Adultos:\n<ul class=\"v1ul1\">\n<li class=\"v1li1\">Ma\u00f1anas: martes, jueves y s\u00e1bados de 9 a 14h<\/li>\n<li class=\"v1li1\">Tardes: lunes, mi\u00e9rcoles y viernes de 15 a 20h<\/li>\n<\/ul>\n<\/li>\n<li class=\"v1li1\">Ni\u00f1os (entre 5 y 11 a\u00f1os)\n<ul class=\"v1ul1\">\n<li class=\"v1li1\">Tardes: mi\u00e9rcoles y viernes de 15 a 20h.<\/li>\n<\/ul>\n<\/li>\n<\/ul>\n<p class=\"v1p1\" style=\"font-size: 16px; font-style: normal; font-weight: 400;\">\u00bfEst\u00e1 abierto en festivos?<\/p>\n<p class=\"v1p1\" style=\"font-size: 16px; font-style: normal; font-weight: 400;\">No, el punto de vacunaci\u00f3n no est\u00e1 abierto ni durante festivos ni durante puentes.<\/p>\n<p class=\"v1p1\" style=\"font-size: 16px; font-style: normal; font-weight: 400;\">Si tiene cualquier duda, o se encuentra en una situaci\u00f3n particular, puede consultar toda la informaci\u00f3n disponible a&nbsp;<a href=\"https:\/\/canalsalut.gencat.cat\/ca\/salut-a-z\/v\/vacuna-covid-19\/\" rel=\"noreferrer\" id=\"v1LPlnk66799\" target=\"_blank\" style=\"color: rgb(0, 105, 166);\">https:\/\/canalsalut.gencat.cat\/ca\/salut-a-z\/v\/vacuna-covid-19\/<\/a><\/p>\n\t\t\t\t\t\t\t\t<\/div>\n\t\t\t\t<\/div>\n\t\t\t\t\t<\/div>\n\t\t<\/div>\n\t\t\t\t<div class=\"elementor-column elementor-col-50 elementor-top-column elementor-element elementor-element-81bad39\" data-id=\"81bad39\" data-element_type=\"column\" data-e-type=\"column\">\n\t\t\t<div class=\"elementor-widget-wrap elementor-element-populated\">\n\t\t\t\t\t\t<div class=\"elementor-element elementor-element-9fe9b0f elementor-widget elementor-widget-image\" data-id=\"9fe9b0f\" data-element_type=\"widget\" data-e-type=\"widget\" data-widget_type=\"image.default\">\n\t\t\t\t<div class=\"elementor-widget-container\">\n\t\t\t\t\t\t\t\t\t\t\t\t\t\t\t<img fetchpriority=\"high\" decoding=\"async\" width=\"613\" height=\"867\" src=\"https:\/\/aprimariavsg.com\/wp-content\/uploads\/2023\/01\/vacunat-Barcelona.png\" class=\"attachment-large size-large wp-image-100290\" alt=\"\" \/>\t\t\t\t\t\t\t\t\t\t\t\t\t\t\t<\/div>\n\t\t\t\t<\/div>\n\t\t\t\t\t<\/div>\n\t\t<\/div>\n\t\t\t\t\t<\/div>\n\t\t<\/section>\n\t\t\t\t<\/div>\n\t\t","protected":false},"excerpt":{"rendered":"<p>Ya puede encontrar un nuevo punto de vacunaci\u00f3n en la ciudad de Barcelona. Este punto, creado recientemente para agilizar la campa\u00f1a de vacunaci\u00f3n, se encuentra en el CAP Casernes, en la Calle Fernando Pessoa 47-51. El punto funciona con cita previa. Puede solicitarla a trav\u00e9s de la webhttps:\/\/vacunacovid.catsalut.gencat.cat\/ Tenga presente que los horarios disponibles incluyen: [&hellip;]<\/p>\n","protected":false},"author":2,"featured_media":100332,"comment_status":"open","ping_status":"open","sticky":false,"template":"","format":"standard","meta":{"site-sidebar-layout":"default","site-content-layout":"default","ast-site-content-layout":"default","site-content-style":"default","site-sidebar-style":"default","ast-global-header-display":"","ast-banner-title-visibility":"","ast-main-header-display":"","ast-hfb-above-header-display":"","ast-hfb-below-header-display":"","ast-hfb-mobile-header-display":"","site-post-title":"","ast-breadcrumbs-content":"","ast-featured-img":"","footer-sml-layout":"","ast-disable-related-posts":"","theme-transparent-header-meta":"","adv-header-id-meta":"","stick-header-meta":"","header-above-stick-meta":"","header-main-stick-meta":"","header-below-stick-meta":"","astra-migrate-meta-layouts":"default","ast-page-background-enabled":"default","ast-page-background-meta":{"desktop":{"background-color":"","background-image":"","background-repeat":"repeat","background-position":"center center","background-size":"auto","background-attachment":"scroll","background-type":"","background-media":"","overlay-type":"","overlay-color":"","overlay-opacity":"","overlay-gradient":""},"tablet":{"background-color":"","background-image":"","background-repeat":"repeat","background-position":"center center","background-size":"auto","background-attachment":"scroll","background-type":"","background-media":"","overlay-type":"","overlay-color":"","overlay-opacity":"","overlay-gradient":""},"mobile":{"background-color":"","background-image":"","background-repeat":"repeat","background-position":"center center","background-size":"auto","background-attachment":"scroll","background-type":"","background-media":"","overlay-type":"","overlay-color":"","overlay-opacity":"","overlay-gradient":""}},"ast-content-background-meta":{"desktop":{"background-color":"var(--ast-global-color-5)","background-image":"","background-repeat":"repeat","background-position":"center center","background-size":"auto","background-attachment":"scroll","background-type":"","background-media":"","overlay-type":"","overlay-color":"","overlay-opacity":"","overlay-gradient":""},"tablet":{"background-color":"var(--ast-global-color-5)","background-image":"","background-repeat":"repeat","background-position":"center center","background-size":"auto","background-attachment":"scroll","background-type":"","background-media":"","overlay-type":"","overlay-color":"","overlay-opacity":"","overlay-gradient":""},"mobile":{"background-color":"var(--ast-global-color-5)","background-image":"","background-repeat":"repeat","background-position":"center center","background-size":"auto","background-attachment":"scroll","background-type":"","background-media":"","overlay-type":"","overlay-color":"","overlay-opacity":"","overlay-gradient":""}},"footnotes":""},"categories":[328,332,374,391],"tags":[331],"class_list":["post-100298","post","type-post","status-publish","format-standard","has-post-thumbnail","hentry","category-comunicacion","category-comunicacion-es","category-noticies","category-noticias","tag-espanol-es"],"yoast_head":"<!-- This site is optimized with the Yoast SEO plugin v27.4 - https:\/\/yoast.com\/product\/yoast-seo-wordpress\/ -->\n<title>Nuevo punto de vacunaci\u00f3n en Barcelona ciudad - Atenci\u00f3 Prim\u00e0ria Vallcarca - Sant Gervasi<\/title>\n<meta name=\"robots\" content=\"index, follow, max-snippet:-1, max-image-preview:large, max-video-preview:-1\" \/>\n<link rel=\"canonical\" href=\"https:\/\/aprimariavsg.com\/es\/nuevo-punto-de-vacunacion-en-barcelona-ciudad\/\" \/>\n<meta property=\"og:locale\" content=\"es_ES\" \/>\n<meta property=\"og:type\" content=\"article\" \/>\n<meta property=\"og:title\" content=\"Nuevo punto de vacunaci\u00f3n en Barcelona ciudad - Atenci\u00f3 Prim\u00e0ria Vallcarca - Sant Gervasi\" \/>\n<meta property=\"og:description\" content=\"Ya puede encontrar un nuevo punto de vacunaci\u00f3n en la ciudad de Barcelona. Este punto, creado recientemente para agilizar la campa\u00f1a de vacunaci\u00f3n, se encuentra en el CAP Casernes, en la Calle Fernando Pessoa 47-51. El punto funciona con cita previa. Puede solicitarla a trav\u00e9s de la webhttps:\/\/vacunacovid.catsalut.gencat.cat\/ Tenga presente que los horarios disponibles incluyen: [&hellip;]\" \/>\n<meta property=\"og:url\" content=\"https:\/\/aprimariavsg.com\/es\/nuevo-punto-de-vacunacion-en-barcelona-ciudad\/\" \/>\n<meta property=\"og:site_name\" content=\"Atenci\u00f3 Prim\u00e0ria Vallcarca - Sant Gervasi\" \/>\n<meta property=\"article:publisher\" content=\"https:\/\/www.facebook.com\/aprimariavsg\/\" \/>\n<meta property=\"article:published_time\" content=\"2023-01-11T12:19:28+00:00\" \/>\n<meta property=\"article:modified_time\" content=\"2023-01-24T12:13:47+00:00\" \/>\n<meta property=\"og:image\" content=\"https:\/\/aprimariavsg.com\/wp-content\/uploads\/2023\/01\/vacunat-Barcelona-1.png\" \/>\n\t<meta property=\"og:image:width\" content=\"608\" \/>\n\t<meta property=\"og:image:height\" content=\"608\" \/>\n\t<meta property=\"og:image:type\" content=\"image\/png\" \/>\n<meta name=\"author\" content=\"Atenci\u00f3 Prim\u00e0ria Vallcarca - Sant Gervasi\" \/>\n<meta name=\"twitter:card\" content=\"summary_large_image\" \/>\n<meta name=\"twitter:creator\" content=\"@aprimariavsg\" \/>\n<meta name=\"twitter:site\" content=\"@aprimariavsg\" \/>\n<meta name=\"twitter:label1\" content=\"Escrito por\" \/>\n\t<meta name=\"twitter:data1\" content=\"Atenci\u00f3 Prim\u00e0ria Vallcarca - Sant Gervasi\" \/>\n\t<meta name=\"twitter:label2\" content=\"Tiempo de lectura\" \/>\n\t<meta name=\"twitter:data2\" content=\"1 minuto\" \/>\n<script type=\"application\/ld+json\" class=\"yoast-schema-graph\">{\"@context\":\"https:\\\/\\\/schema.org\",\"@graph\":[{\"@type\":\"Article\",\"@id\":\"https:\\\/\\\/aprimariavsg.com\\\/es\\\/nuevo-punto-de-vacunacion-en-barcelona-ciudad\\\/#article\",\"isPartOf\":{\"@id\":\"https:\\\/\\\/aprimariavsg.com\\\/es\\\/nuevo-punto-de-vacunacion-en-barcelona-ciudad\\\/\"},\"author\":{\"name\":\"Atenci\u00f3 Prim\u00e0ria Vallcarca - Sant Gervasi\",\"@id\":\"https:\\\/\\\/aprimariavsg.com\\\/es\\\/#\\\/schema\\\/person\\\/a7949c182b80dff4ab2b5b627a76e8c7\"},\"headline\":\"Nuevo punto de vacunaci\u00f3n en Barcelona ciudad\",\"datePublished\":\"2023-01-11T12:19:28+00:00\",\"dateModified\":\"2023-01-24T12:13:47+00:00\",\"mainEntityOfPage\":{\"@id\":\"https:\\\/\\\/aprimariavsg.com\\\/es\\\/nuevo-punto-de-vacunacion-en-barcelona-ciudad\\\/\"},\"wordCount\":153,\"commentCount\":0,\"publisher\":{\"@id\":\"https:\\\/\\\/aprimariavsg.com\\\/es\\\/#organization\"},\"image\":{\"@id\":\"https:\\\/\\\/aprimariavsg.com\\\/es\\\/nuevo-punto-de-vacunacion-en-barcelona-ciudad\\\/#primaryimage\"},\"thumbnailUrl\":\"https:\\\/\\\/aprimariavsg.com\\\/wp-content\\\/uploads\\\/2023\\\/01\\\/vacunat-Barcelona-1.png\",\"keywords\":[\"@espa\u00f1ol\"],\"articleSection\":[\"Comunicaci\u00f3n\",\"Comunicaci\u00f3n\",\"Not\u00edcies\",\"Noticias\"],\"inLanguage\":\"es\",\"potentialAction\":[{\"@type\":\"CommentAction\",\"name\":\"Comment\",\"target\":[\"https:\\\/\\\/aprimariavsg.com\\\/es\\\/nuevo-punto-de-vacunacion-en-barcelona-ciudad\\\/#respond\"]}]},{\"@type\":\"WebPage\",\"@id\":\"https:\\\/\\\/aprimariavsg.com\\\/es\\\/nuevo-punto-de-vacunacion-en-barcelona-ciudad\\\/\",\"url\":\"https:\\\/\\\/aprimariavsg.com\\\/es\\\/nuevo-punto-de-vacunacion-en-barcelona-ciudad\\\/\",\"name\":\"Nuevo punto de vacunaci\u00f3n en Barcelona ciudad - Atenci\u00f3 Prim\u00e0ria Vallcarca - Sant Gervasi\",\"isPartOf\":{\"@id\":\"https:\\\/\\\/aprimariavsg.com\\\/es\\\/#website\"},\"primaryImageOfPage\":{\"@id\":\"https:\\\/\\\/aprimariavsg.com\\\/es\\\/nuevo-punto-de-vacunacion-en-barcelona-ciudad\\\/#primaryimage\"},\"image\":{\"@id\":\"https:\\\/\\\/aprimariavsg.com\\\/es\\\/nuevo-punto-de-vacunacion-en-barcelona-ciudad\\\/#primaryimage\"},\"thumbnailUrl\":\"https:\\\/\\\/aprimariavsg.com\\\/wp-content\\\/uploads\\\/2023\\\/01\\\/vacunat-Barcelona-1.png\",\"datePublished\":\"2023-01-11T12:19:28+00:00\",\"dateModified\":\"2023-01-24T12:13:47+00:00\",\"breadcrumb\":{\"@id\":\"https:\\\/\\\/aprimariavsg.com\\\/es\\\/nuevo-punto-de-vacunacion-en-barcelona-ciudad\\\/#breadcrumb\"},\"inLanguage\":\"es\",\"potentialAction\":[{\"@type\":\"ReadAction\",\"target\":[\"https:\\\/\\\/aprimariavsg.com\\\/es\\\/nuevo-punto-de-vacunacion-en-barcelona-ciudad\\\/\"]}]},{\"@type\":\"ImageObject\",\"inLanguage\":\"es\",\"@id\":\"https:\\\/\\\/aprimariavsg.com\\\/es\\\/nuevo-punto-de-vacunacion-en-barcelona-ciudad\\\/#primaryimage\",\"url\":\"https:\\\/\\\/aprimariavsg.com\\\/wp-content\\\/uploads\\\/2023\\\/01\\\/vacunat-Barcelona-1.png\",\"contentUrl\":\"https:\\\/\\\/aprimariavsg.com\\\/wp-content\\\/uploads\\\/2023\\\/01\\\/vacunat-Barcelona-1.png\",\"width\":608,\"height\":608},{\"@type\":\"BreadcrumbList\",\"@id\":\"https:\\\/\\\/aprimariavsg.com\\\/es\\\/nuevo-punto-de-vacunacion-en-barcelona-ciudad\\\/#breadcrumb\",\"itemListElement\":[{\"@type\":\"ListItem\",\"position\":1,\"name\":\"Inici\",\"item\":\"https:\\\/\\\/aprimariavsg.com\\\/es\\\/\"},{\"@type\":\"ListItem\",\"position\":2,\"name\":\"Nuevo punto de vacunaci\u00f3n en Barcelona ciudad\"}]},{\"@type\":\"WebSite\",\"@id\":\"https:\\\/\\\/aprimariavsg.com\\\/es\\\/#website\",\"url\":\"https:\\\/\\\/aprimariavsg.com\\\/es\\\/\",\"name\":\"Atenci\u00f3 Prim\u00e0ria Vallcarca - Sant Gervasi\",\"description\":\"Cap Atenci\u00f3 Prim\u00e0ria\",\"publisher\":{\"@id\":\"https:\\\/\\\/aprimariavsg.com\\\/es\\\/#organization\"},\"potentialAction\":[{\"@type\":\"SearchAction\",\"target\":{\"@type\":\"EntryPoint\",\"urlTemplate\":\"https:\\\/\\\/aprimariavsg.com\\\/es\\\/?s={search_term_string}\"},\"query-input\":{\"@type\":\"PropertyValueSpecification\",\"valueRequired\":true,\"valueName\":\"search_term_string\"}}],\"inLanguage\":\"es\"},{\"@type\":\"Organization\",\"@id\":\"https:\\\/\\\/aprimariavsg.com\\\/es\\\/#organization\",\"name\":\"Atenci\u00f3 Prim\u00e0ria Vallcarca - Sant Gervasi\",\"url\":\"https:\\\/\\\/aprimariavsg.com\\\/es\\\/\",\"logo\":{\"@type\":\"ImageObject\",\"inLanguage\":\"es\",\"@id\":\"https:\\\/\\\/aprimariavsg.com\\\/es\\\/#\\\/schema\\\/logo\\\/image\\\/\",\"url\":\"https:\\\/\\\/aprimariavsg.com\\\/wp-content\\\/uploads\\\/2021\\\/05\\\/APVSG_logo-horitzontal.png\",\"contentUrl\":\"https:\\\/\\\/aprimariavsg.com\\\/wp-content\\\/uploads\\\/2021\\\/05\\\/APVSG_logo-horitzontal.png\",\"width\":816,\"height\":175,\"caption\":\"Atenci\u00f3 Prim\u00e0ria Vallcarca - Sant Gervasi\"},\"image\":{\"@id\":\"https:\\\/\\\/aprimariavsg.com\\\/es\\\/#\\\/schema\\\/logo\\\/image\\\/\"},\"sameAs\":[\"https:\\\/\\\/www.facebook.com\\\/aprimariavsg\\\/\",\"https:\\\/\\\/x.com\\\/aprimariavsg\",\"https:\\\/\\\/www.youtube.com\\\/user\\\/aprimariavsg\"]},{\"@type\":\"Person\",\"@id\":\"https:\\\/\\\/aprimariavsg.com\\\/es\\\/#\\\/schema\\\/person\\\/a7949c182b80dff4ab2b5b627a76e8c7\",\"name\":\"Atenci\u00f3 Prim\u00e0ria Vallcarca - Sant Gervasi\",\"url\":\"https:\\\/\\\/aprimariavsg.com\\\/es\\\/author\\\/alvaro\\\/\"}]}<\/script>\n<!-- \/ Yoast SEO plugin. -->","yoast_head_json":{"title":"Nuevo punto de vacunaci\u00f3n en Barcelona ciudad - Atenci\u00f3 Prim\u00e0ria Vallcarca - Sant Gervasi","robots":{"index":"index","follow":"follow","max-snippet":"max-snippet:-1","max-image-preview":"max-image-preview:large","max-video-preview":"max-video-preview:-1"},"canonical":"https:\/\/aprimariavsg.com\/es\/nuevo-punto-de-vacunacion-en-barcelona-ciudad\/","og_locale":"es_ES","og_type":"article","og_title":"Nuevo punto de vacunaci\u00f3n en Barcelona ciudad - Atenci\u00f3 Prim\u00e0ria Vallcarca - Sant Gervasi","og_description":"Ya puede encontrar un nuevo punto de vacunaci\u00f3n en la ciudad de Barcelona. Este punto, creado recientemente para agilizar la campa\u00f1a de vacunaci\u00f3n, se encuentra en el CAP Casernes, en la Calle Fernando Pessoa 47-51. El punto funciona con cita previa. Puede solicitarla a trav\u00e9s de la webhttps:\/\/vacunacovid.catsalut.gencat.cat\/ Tenga presente que los horarios disponibles incluyen: [&hellip;]","og_url":"https:\/\/aprimariavsg.com\/es\/nuevo-punto-de-vacunacion-en-barcelona-ciudad\/","og_site_name":"Atenci\u00f3 Prim\u00e0ria Vallcarca - Sant Gervasi","article_publisher":"https:\/\/www.facebook.com\/aprimariavsg\/","article_published_time":"2023-01-11T12:19:28+00:00","article_modified_time":"2023-01-24T12:13:47+00:00","og_image":[{"width":608,"height":608,"url":"https:\/\/aprimariavsg.com\/wp-content\/uploads\/2023\/01\/vacunat-Barcelona-1.png","type":"image\/png"}],"author":"Atenci\u00f3 Prim\u00e0ria Vallcarca - Sant Gervasi","twitter_card":"summary_large_image","twitter_creator":"@aprimariavsg","twitter_site":"@aprimariavsg","twitter_misc":{"Escrito por":"Atenci\u00f3 Prim\u00e0ria Vallcarca - Sant Gervasi","Tiempo de lectura":"1 minuto"},"schema":{"@context":"https:\/\/schema.org","@graph":[{"@type":"Article","@id":"https:\/\/aprimariavsg.com\/es\/nuevo-punto-de-vacunacion-en-barcelona-ciudad\/#article","isPartOf":{"@id":"https:\/\/aprimariavsg.com\/es\/nuevo-punto-de-vacunacion-en-barcelona-ciudad\/"},"author":{"name":"Atenci\u00f3 Prim\u00e0ria Vallcarca - Sant Gervasi","@id":"https:\/\/aprimariavsg.com\/es\/#\/schema\/person\/a7949c182b80dff4ab2b5b627a76e8c7"},"headline":"Nuevo punto de vacunaci\u00f3n en Barcelona ciudad","datePublished":"2023-01-11T12:19:28+00:00","dateModified":"2023-01-24T12:13:47+00:00","mainEntityOfPage":{"@id":"https:\/\/aprimariavsg.com\/es\/nuevo-punto-de-vacunacion-en-barcelona-ciudad\/"},"wordCount":153,"commentCount":0,"publisher":{"@id":"https:\/\/aprimariavsg.com\/es\/#organization"},"image":{"@id":"https:\/\/aprimariavsg.com\/es\/nuevo-punto-de-vacunacion-en-barcelona-ciudad\/#primaryimage"},"thumbnailUrl":"https:\/\/aprimariavsg.com\/wp-content\/uploads\/2023\/01\/vacunat-Barcelona-1.png","keywords":["@espa\u00f1ol"],"articleSection":["Comunicaci\u00f3n","Comunicaci\u00f3n","Not\u00edcies","Noticias"],"inLanguage":"es","potentialAction":[{"@type":"CommentAction","name":"Comment","target":["https:\/\/aprimariavsg.com\/es\/nuevo-punto-de-vacunacion-en-barcelona-ciudad\/#respond"]}]},{"@type":"WebPage","@id":"https:\/\/aprimariavsg.com\/es\/nuevo-punto-de-vacunacion-en-barcelona-ciudad\/","url":"https:\/\/aprimariavsg.com\/es\/nuevo-punto-de-vacunacion-en-barcelona-ciudad\/","name":"Nuevo punto de vacunaci\u00f3n en Barcelona ciudad - Atenci\u00f3 Prim\u00e0ria Vallcarca - Sant Gervasi","isPartOf":{"@id":"https:\/\/aprimariavsg.com\/es\/#website"},"primaryImageOfPage":{"@id":"https:\/\/aprimariavsg.com\/es\/nuevo-punto-de-vacunacion-en-barcelona-ciudad\/#primaryimage"},"image":{"@id":"https:\/\/aprimariavsg.com\/es\/nuevo-punto-de-vacunacion-en-barcelona-ciudad\/#primaryimage"},"thumbnailUrl":"https:\/\/aprimariavsg.com\/wp-content\/uploads\/2023\/01\/vacunat-Barcelona-1.png","datePublished":"2023-01-11T12:19:28+00:00","dateModified":"2023-01-24T12:13:47+00:00","breadcrumb":{"@id":"https:\/\/aprimariavsg.com\/es\/nuevo-punto-de-vacunacion-en-barcelona-ciudad\/#breadcrumb"},"inLanguage":"es","potentialAction":[{"@type":"ReadAction","target":["https:\/\/aprimariavsg.com\/es\/nuevo-punto-de-vacunacion-en-barcelona-ciudad\/"]}]},{"@type":"ImageObject","inLanguage":"es","@id":"https:\/\/aprimariavsg.com\/es\/nuevo-punto-de-vacunacion-en-barcelona-ciudad\/#primaryimage","url":"https:\/\/aprimariavsg.com\/wp-content\/uploads\/2023\/01\/vacunat-Barcelona-1.png","contentUrl":"https:\/\/aprimariavsg.com\/wp-content\/uploads\/2023\/01\/vacunat-Barcelona-1.png","width":608,"height":608},{"@type":"BreadcrumbList","@id":"https:\/\/aprimariavsg.com\/es\/nuevo-punto-de-vacunacion-en-barcelona-ciudad\/#breadcrumb","itemListElement":[{"@type":"ListItem","position":1,"name":"Inici","item":"https:\/\/aprimariavsg.com\/es\/"},{"@type":"ListItem","position":2,"name":"Nuevo punto de vacunaci\u00f3n en Barcelona ciudad"}]},{"@type":"WebSite","@id":"https:\/\/aprimariavsg.com\/es\/#website","url":"https:\/\/aprimariavsg.com\/es\/","name":"Atenci\u00f3 Prim\u00e0ria Vallcarca - Sant Gervasi","description":"Cap Atenci\u00f3 Prim\u00e0ria","publisher":{"@id":"https:\/\/aprimariavsg.com\/es\/#organization"},"potentialAction":[{"@type":"SearchAction","target":{"@type":"EntryPoint","urlTemplate":"https:\/\/aprimariavsg.com\/es\/?s={search_term_string}"},"query-input":{"@type":"PropertyValueSpecification","valueRequired":true,"valueName":"search_term_string"}}],"inLanguage":"es"},{"@type":"Organization","@id":"https:\/\/aprimariavsg.com\/es\/#organization","name":"Atenci\u00f3 Prim\u00e0ria Vallcarca - Sant Gervasi","url":"https:\/\/aprimariavsg.com\/es\/","logo":{"@type":"ImageObject","inLanguage":"es","@id":"https:\/\/aprimariavsg.com\/es\/#\/schema\/logo\/image\/","url":"https:\/\/aprimariavsg.com\/wp-content\/uploads\/2021\/05\/APVSG_logo-horitzontal.png","contentUrl":"https:\/\/aprimariavsg.com\/wp-content\/uploads\/2021\/05\/APVSG_logo-horitzontal.png","width":816,"height":175,"caption":"Atenci\u00f3 Prim\u00e0ria Vallcarca - Sant Gervasi"},"image":{"@id":"https:\/\/aprimariavsg.com\/es\/#\/schema\/logo\/image\/"},"sameAs":["https:\/\/www.facebook.com\/aprimariavsg\/","https:\/\/x.com\/aprimariavsg","https:\/\/www.youtube.com\/user\/aprimariavsg"]},{"@type":"Person","@id":"https:\/\/aprimariavsg.com\/es\/#\/schema\/person\/a7949c182b80dff4ab2b5b627a76e8c7","name":"Atenci\u00f3 Prim\u00e0ria Vallcarca - Sant Gervasi","url":"https:\/\/aprimariavsg.com\/es\/author\/alvaro\/"}]}},"_links":{"self":[{"href":"https:\/\/aprimariavsg.com\/es\/wp-json\/wp\/v2\/posts\/100298","targetHints":{"allow":["GET"]}}],"collection":[{"href":"https:\/\/aprimariavsg.com\/es\/wp-json\/wp\/v2\/posts"}],"about":[{"href":"https:\/\/aprimariavsg.com\/es\/wp-json\/wp\/v2\/types\/post"}],"author":[{"embeddable":true,"href":"https:\/\/aprimariavsg.com\/es\/wp-json\/wp\/v2\/users\/2"}],"replies":[{"embeddable":true,"href":"https:\/\/aprimariavsg.com\/es\/wp-json\/wp\/v2\/comments?post=100298"}],"version-history":[{"count":0,"href":"https:\/\/aprimariavsg.com\/es\/wp-json\/wp\/v2\/posts\/100298\/revisions"}],"wp:featuredmedia":[{"embeddable":true,"href":"https:\/\/aprimariavsg.com\/es\/wp-json\/wp\/v2\/media\/100332"}],"wp:attachment":[{"href":"https:\/\/aprimariavsg.com\/es\/wp-json\/wp\/v2\/media?parent=100298"}],"wp:term":[{"taxonomy":"category","embeddable":true,"href":"https:\/\/aprimariavsg.com\/es\/wp-json\/wp\/v2\/categories?post=100298"},{"taxonomy":"post_tag","embeddable":true,"href":"https:\/\/aprimariavsg.com\/es\/wp-json\/wp\/v2\/tags?post=100298"}],"curies":[{"name":"wp","href":"https:\/\/api.w.org\/{rel}","templated":true}]}}